{"id":113347,"date":"2026-04-23T11:35:38","date_gmt":"2026-04-23T17:35:38","guid":{"rendered":"https:\/\/amanecerhuasteco.com\/portal\/?p=113347"},"modified":"2026-04-30T11:38:23","modified_gmt":"2026-04-30T17:38:23","slug":"gobierno-de-santa-catarina-celebra-el-dia-del-nino-con-una-funcion-de-cine","status":"publish","type":"post","link":"https:\/\/amanecerhuasteco.com\/portal\/gobierno-de-santa-catarina-celebra-el-dia-del-nino-con-una-funcion-de-cine\/","title":{"rendered":"Gobierno de Santa Catarina Celebra el D\u00eda del Ni\u00f1o con una funci\u00f3n de cine"},"content":{"rendered":"\n<p><\/p>\n\n\n\n<p>El Gobierno Municipal de Santa Catarina, que encabeza Juan Carlos Ramos, te invita a disfrutar de una divertida tarde de cine y convivencia, pensada especialmente para las ni\u00f1as y ni\u00f1os <img decoding=\"async\" height=\"16\" width=\"16\" alt=\"\ud83c\udfac\" src=\"https:\/\/static.xx.fbcdn.net\/images\/emoji.php\/v9\/t2d\/1\/16\/1f3ac.png\"><img decoding=\"async\" height=\"16\" width=\"16\" alt=\"\ud83c\udf7f\" src=\"https:\/\/static.xx.fbcdn.net\/images\/emoji.php\/v9\/t9a\/1\/16\/1f37f.png\"><\/p>\n\n\n\n<p><img decoding=\"async\" height=\"16\" width=\"16\" alt=\"\ud83d\udccd\" src=\"https:\/\/static.xx.fbcdn.net\/images\/emoji.php\/v9\/t2d\/1\/16\/1f4cd.png\"> Comunidad de Mesa del Junco<\/p>\n\n\n\n<p><img decoding=\"async\" height=\"16\" width=\"16\" alt=\"\ud83d\udcc5\" src=\"https:\/\/static.xx.fbcdn.net\/images\/emoji.php\/v9\/t7e\/1\/16\/1f4c5.png\"> S\u00e1bado 25 de abril<\/p>\n\n\n\n<p><img decoding=\"async\" height=\"16\" width=\"16\" alt=\"\u23f0\" src=\"https:\/\/static.xx.fbcdn.net\/images\/emoji.php\/v9\/t34\/1\/16\/23f0.png\"> 6:30 de la tarde<\/p>\n\n\n\n<p>Habr\u00e1 cine, palomitas, regalos y muchas sorpresas m\u00e1s <img decoding=\"async\" height=\"16\" width=\"16\" alt=\"\ud83c\udf81\" src=\"https:\/\/static.xx.fbcdn.net\/images\/emoji.php\/v9\/t84\/1\/16\/1f381.png\"><img decoding=\"async\" height=\"16\" width=\"16\" alt=\"\u2728\" src=\"https:\/\/static.xx.fbcdn.net\/images\/emoji.php\/v9\/tf4\/1\/16\/2728.png\"><\/p>\n\n\n\n<p>\u00a1Ven y celebra con nosotros, te esperamos!<\/p>\n","protected":false},"excerpt":{"rendered":"<p>El Gobierno Municipal de Santa Catarina, que encabeza Juan Carlos Ramos, te invita a disfrutar de una divertida tarde de cine y convivencia, pensada especialmente para las ni\u00f1as y ni\u00f1os Comunidad de Mesa del Junco S\u00e1bado 25 de abril 6:30 de la tarde Habr\u00e1 cine, &hellip; <\/p>\n","protected":false},"author":1,"featured_media":113348,"comment_status":"open","ping_status":"open","sticky":false,"template":"","format":"standard","meta":{"footnotes":""},"categories":[13,76,11,15,4,59],"tags":[],"class_list":["post-113347","post","type-post","status-publish","format-standard","has-post-thumbnail","hentry","category-agropecuaria","category-educacion","category-estado","category-ganaderos","category-inicio","category-santa-catarina"],"_links":{"self":[{"href":"https:\/\/amanecerhuasteco.com\/portal\/wp-json\/wp\/v2\/posts\/113347","targetHints":{"allow":["GET"]}}],"collection":[{"href":"https:\/\/amanecerhuasteco.com\/portal\/wp-json\/wp\/v2\/posts"}],"about":[{"href":"https:\/\/amanecerhuasteco.com\/portal\/wp-json\/wp\/v2\/types\/post"}],"author":[{"embeddable":true,"href":"https:\/\/amanecerhuasteco.com\/portal\/wp-json\/wp\/v2\/users\/1"}],"replies":[{"embeddable":true,"href":"https:\/\/amanecerhuasteco.com\/portal\/wp-json\/wp\/v2\/comments?post=113347"}],"version-history":[{"count":1,"href":"https:\/\/amanecerhuasteco.com\/portal\/wp-json\/wp\/v2\/posts\/113347\/revisions"}],"predecessor-version":[{"id":113349,"href":"https:\/\/amanecerhuasteco.com\/portal\/wp-json\/wp\/v2\/posts\/113347\/revisions\/113349"}],"wp:featuredmedia":[{"embeddable":true,"href":"https:\/\/amanecerhuasteco.com\/portal\/wp-json\/wp\/v2\/media\/113348"}],"wp:attachment":[{"href":"https:\/\/amanecerhuasteco.com\/portal\/wp-json\/wp\/v2\/media?parent=113347"}],"wp:term":[{"taxonomy":"category","embeddable":true,"href":"https:\/\/amanecerhuasteco.com\/portal\/wp-json\/wp\/v2\/categories?post=113347"},{"taxonomy":"post_tag","embeddable":true,"href":"https:\/\/amanecerhuasteco.com\/portal\/wp-json\/wp\/v2\/tags?post=113347"}],"curies":[{"name":"wp","href":"https:\/\/api.w.org\/{rel}","templated":true}]}}