{"id":113362,"date":"2026-04-08T12:05:23","date_gmt":"2026-04-08T18:05:23","guid":{"rendered":"https:\/\/amanecerhuasteco.com\/portal\/?p=113362"},"modified":"2026-04-30T12:07:48","modified_gmt":"2026-04-30T18:07:48","slug":"gobierno-municipal-de-santa-catarina-invita-a-la-poblacion-a-la-campana-de-lentes-gratuitos","status":"publish","type":"post","link":"https:\/\/amanecerhuasteco.com\/portal\/gobierno-municipal-de-santa-catarina-invita-a-la-poblacion-a-la-campana-de-lentes-gratuitos\/","title":{"rendered":"Gobierno Municipal de Santa Catarina, invita a la poblaci\u00f3n a la campa\u00f1a de lentes gratuitos"},"content":{"rendered":"\n<p>\u00a1Aprovecha esta gran oportunidad!<\/p>\n\n\n\n<p>El Gobierno Municipal y el DIF Municipal de Santa Catarina, en coordinaci\u00f3n con la Beneficencia P\u00fablica, te invitan a la Campa\u00f1a de Entrega de Lentes Gratuitos.<\/p>\n\n\n\n<p>Si necesitas lentes, este es el momento ideal para mejorar tu calidad de vida <img decoding=\"async\" height=\"16\" width=\"16\" alt=\"\ud83d\ude4c\" src=\"https:\/\/static.xx.fbcdn.net\/images\/emoji.php\/v9\/tfd\/1\/16\/1f64c.png\"><\/p>\n\n\n\n<p><img decoding=\"async\" height=\"16\" width=\"16\" alt=\"\ud83d\udcc4\" src=\"https:\/\/static.xx.fbcdn.net\/images\/emoji.php\/v9\/tfd\/1\/16\/1f4c4.png\"> Acude a la Presidencia Municipal y entrega tus documentos:<\/p>\n\n\n\n<p>\u2022 Copia del INE<\/p>\n\n\n\n<p>\u2022 CURP actualizada<\/p>\n\n\n\n<p>\u2022 Comprobante de domicilio (no mayor a 3 meses)<\/p>\n\n\n\n<p><img decoding=\"async\" height=\"16\" width=\"16\" alt=\"\ud83d\udcc5\" src=\"https:\/\/static.xx.fbcdn.net\/images\/emoji.php\/v9\/t7e\/1\/16\/1f4c5.png\"> Fecha l\u00edmite: 15 de abril<\/p>\n\n\n\n<p><img decoding=\"async\" height=\"16\" width=\"16\" alt=\"\u26a0\ufe0f\" src=\"https:\/\/static.xx.fbcdn.net\/images\/emoji.php\/v9\/tdc\/1\/16\/26a0.png\"> Mantente pendiente de nuestros medios oficiales para conocer la fecha de entrega.<\/p>\n\n\n\n<p><img decoding=\"async\" height=\"16\" width=\"16\" alt=\"\ud83d\udc41\ufe0f\u200d\ud83d\udde8\ufe0f\" src=\"https:\/\/static.xx.fbcdn.net\/images\/emoji.php\/v9\/tf2\/1\/16\/1f441_200d_1f5e8.png\"> \u00a1No dejes pasar esta oportunidad! Tu salud visual es importante.<\/p>\n","protected":false},"excerpt":{"rendered":"<p>\u00a1Aprovecha esta gran oportunidad! El Gobierno Municipal y el DIF Municipal de Santa Catarina, en coordinaci\u00f3n con la Beneficencia P\u00fablica, te invitan a la Campa\u00f1a de Entrega de Lentes Gratuitos. Si necesitas lentes, este es el momento ideal para mejorar tu calidad de vida Acude &hellip; <\/p>\n","protected":false},"author":1,"featured_media":113363,"comment_status":"open","ping_status":"open","sticky":false,"template":"","format":"standard","meta":{"footnotes":""},"categories":[13,11,15,4,59],"tags":[],"class_list":["post-113362","post","type-post","status-publish","format-standard","has-post-thumbnail","hentry","category-agropecuaria","category-estado","category-ganaderos","category-inicio","category-santa-catarina"],"_links":{"self":[{"href":"https:\/\/amanecerhuasteco.com\/portal\/wp-json\/wp\/v2\/posts\/113362","targetHints":{"allow":["GET"]}}],"collection":[{"href":"https:\/\/amanecerhuasteco.com\/portal\/wp-json\/wp\/v2\/posts"}],"about":[{"href":"https:\/\/amanecerhuasteco.com\/portal\/wp-json\/wp\/v2\/types\/post"}],"author":[{"embeddable":true,"href":"https:\/\/amanecerhuasteco.com\/portal\/wp-json\/wp\/v2\/users\/1"}],"replies":[{"embeddable":true,"href":"https:\/\/amanecerhuasteco.com\/portal\/wp-json\/wp\/v2\/comments?post=113362"}],"version-history":[{"count":1,"href":"https:\/\/amanecerhuasteco.com\/portal\/wp-json\/wp\/v2\/posts\/113362\/revisions"}],"predecessor-version":[{"id":113364,"href":"https:\/\/amanecerhuasteco.com\/portal\/wp-json\/wp\/v2\/posts\/113362\/revisions\/113364"}],"wp:featuredmedia":[{"embeddable":true,"href":"https:\/\/amanecerhuasteco.com\/portal\/wp-json\/wp\/v2\/media\/113363"}],"wp:attachment":[{"href":"https:\/\/amanecerhuasteco.com\/portal\/wp-json\/wp\/v2\/media?parent=113362"}],"wp:term":[{"taxonomy":"category","embeddable":true,"href":"https:\/\/amanecerhuasteco.com\/portal\/wp-json\/wp\/v2\/categories?post=113362"},{"taxonomy":"post_tag","embeddable":true,"href":"https:\/\/amanecerhuasteco.com\/portal\/wp-json\/wp\/v2\/tags?post=113362"}],"curies":[{"name":"wp","href":"https:\/\/api.w.org\/{rel}","templated":true}]}}