{"id":113368,"date":"2026-04-30T12:15:23","date_gmt":"2026-04-30T18:15:23","guid":{"rendered":"https:\/\/amanecerhuasteco.com\/portal\/?p=113368"},"modified":"2026-04-30T12:15:24","modified_gmt":"2026-04-30T18:15:24","slug":"rinde-protesta-el-cabildo-infantil-2026-en-ciudad-valles","status":"publish","type":"post","link":"https:\/\/amanecerhuasteco.com\/portal\/rinde-protesta-el-cabildo-infantil-2026-en-ciudad-valles\/","title":{"rendered":"Rinde protesta el cabildo infantil 2026 en Ciudad Valles"},"content":{"rendered":"\n<p><\/p>\n\n\n\n<p>CIUDAD VALLES, S.L.P.\u2013 En el marco de las actividades conmemorativas por el D\u00eda de la Ni\u00f1ez, la ma\u00f1ana de este jueves se llev\u00f3 a cabo la Primera Sesi\u00f3n Solemne del Cabildo Infantil 2026 en el Sal\u00f3n de Cabildo, misma que fue encabezada por el Presidente Municipal David Armando Medina Salazar, quien tom\u00f3 protesta a las y los integrantes.<\/p>\n\n\n\n<p>Previo al inicio de la sesi\u00f3n, el Alcalde sostuvo un encuentro con las ni\u00f1as y ni\u00f1os participantes, a quienes explic\u00f3 el desarrollo de una sesi\u00f3n de Cabildo y la importancia de conocer desde temprana edad el funcionamiento del gobierno municipal, fomentando as\u00ed el inter\u00e9s por la participaci\u00f3n ciudadana y el servicio p\u00fablico.<\/p>\n\n\n\n<p>Durante su mensaje, el Presidente Municipal David Medina reconoci\u00f3 el entusiasmo, preparaci\u00f3n y compromiso demostrado por cada participante, destacando que este tipo de actividades permiten impulsar nuevas generaciones m\u00e1s conscientes, participativas y comprometidas con el desarrollo de Ciudad Valles.<\/p>\n\n\n\n<p>El cargo de Ni\u00f1o Presidente Municipal por un D\u00eda fue asumido por Lionel Rangel Medina, estudiante de la Escuela Primaria \u201cBenito Ju\u00e1rez\u201d, del ejido Tantobal. Como S\u00edndicos participaron Julia Bautista God\u00ednez, alumna de la Escuela Primaria \u201cIgnacio Zaragoza\u201d, del ejido La Subida, y H\u00e9ctor Raymundo Santana Medina, de la Escuela Primaria \u201cJes\u00fas Romero Flores\u201d, de la colonia Vista Hermosa, quienes presentaron propuestas orientadas al bienestar y desarrollo del municipio desde la visi\u00f3n de la ni\u00f1ez vallense.<\/p>\n\n\n\n<p>La jornada cont\u00f3 adem\u00e1s con la participaci\u00f3n de las y los regidores infantiles: Pablo Ernesto Villarreal, Kimberly Tototzintle Cuellar, Valentina Acu\u00f1a Gonz\u00e1lez, Romina Ibarra Bola\u00f1os, Sebasti\u00e1n Ortega Mireles, Santino Mateo P\u00e9rez Mart\u00ednez, Karla Elizabeth Espinoza Mart\u00ednez y Carlos Daniel P\u00e9rez Loera, quienes asumieron simb\u00f3licamente sus cargos dentro de este ejercicio democr\u00e1tico.<\/p>\n\n\n\n<p>En el evento estuvieron presentes la Presidenta del Sistema Municipal DIF, Ena Avenda\u00f1o Uscanga; el Secretario General del Ayuntamiento, Luis \u00c1ngel Contreras Malibr\u00e1n; las y los regidores del Cabildo; el director de DAPAS, \u00d3scar Osm\u00edn Meraz Echavarr\u00eda; as\u00ed como el profesor Saturnino Ramos V\u00e1zquez, titular de URSEHN.<\/p>\n\n\n\n<p>Al concluir la sesi\u00f3n, el Presidente Municipal David Armando Medina Salazar realiz\u00f3 la entrega de obsequios a las ni\u00f1as y ni\u00f1os integrantes del Cabildo Infantil, reconociendo su dedicaci\u00f3n y alent\u00e1ndolos a continuar prepar\u00e1ndose acad\u00e9micamente y participando activamente en la construcci\u00f3n de una mejor ciudad.<\/p>\n","protected":false},"excerpt":{"rendered":"<p>CIUDAD VALLES, S.L.P.\u2013 En el marco de las actividades conmemorativas por el D\u00eda de la Ni\u00f1ez, la ma\u00f1ana de este jueves se llev\u00f3 a cabo la Primera Sesi\u00f3n Solemne del Cabildo Infantil 2026 en el Sal\u00f3n de Cabildo, misma que fue encabezada por el Presidente &hellip; <\/p>\n","protected":false},"author":1,"featured_media":113369,"comment_status":"open","ping_status":"open","sticky":false,"template":"","format":"standard","meta":{"footnotes":""},"categories":[13,28,29,7,11,15,16,4],"tags":[],"class_list":["post-113368","post","type-post","status-publish","format-standard","has-post-thumbnail","hentry","category-agropecuaria","category-cnc","category-cnpr","category-ciudad","category-estado","category-ganaderos","category-ingenios","category-inicio"],"_links":{"self":[{"href":"https:\/\/amanecerhuasteco.com\/portal\/wp-json\/wp\/v2\/posts\/113368","targetHints":{"allow":["GET"]}}],"collection":[{"href":"https:\/\/amanecerhuasteco.com\/portal\/wp-json\/wp\/v2\/posts"}],"about":[{"href":"https:\/\/amanecerhuasteco.com\/portal\/wp-json\/wp\/v2\/types\/post"}],"author":[{"embeddable":true,"href":"https:\/\/amanecerhuasteco.com\/portal\/wp-json\/wp\/v2\/users\/1"}],"replies":[{"embeddable":true,"href":"https:\/\/amanecerhuasteco.com\/portal\/wp-json\/wp\/v2\/comments?post=113368"}],"version-history":[{"count":1,"href":"https:\/\/amanecerhuasteco.com\/portal\/wp-json\/wp\/v2\/posts\/113368\/revisions"}],"predecessor-version":[{"id":113370,"href":"https:\/\/amanecerhuasteco.com\/portal\/wp-json\/wp\/v2\/posts\/113368\/revisions\/113370"}],"wp:featuredmedia":[{"embeddable":true,"href":"https:\/\/amanecerhuasteco.com\/portal\/wp-json\/wp\/v2\/media\/113369"}],"wp:attachment":[{"href":"https:\/\/amanecerhuasteco.com\/portal\/wp-json\/wp\/v2\/media?parent=113368"}],"wp:term":[{"taxonomy":"category","embeddable":true,"href":"https:\/\/amanecerhuasteco.com\/portal\/wp-json\/wp\/v2\/categories?post=113368"},{"taxonomy":"post_tag","embeddable":true,"href":"https:\/\/amanecerhuasteco.com\/portal\/wp-json\/wp\/v2\/tags?post=113368"}],"curies":[{"name":"wp","href":"https:\/\/api.w.org\/{rel}","templated":true}]}}