{"id":113384,"date":"2026-05-01T08:49:32","date_gmt":"2026-05-01T14:49:32","guid":{"rendered":"https:\/\/amanecerhuasteco.com\/portal\/?p=113384"},"modified":"2026-05-01T09:00:15","modified_gmt":"2026-05-01T15:00:15","slug":"se-fortalece-estrategia-de-prevencion-de-incendios-forestales-en-la-region-media","status":"publish","type":"post","link":"https:\/\/amanecerhuasteco.com\/portal\/se-fortalece-estrategia-de-prevencion-de-incendios-forestales-en-la-region-media\/","title":{"rendered":"Se fortalece estrategia de prevenci\u00f3n de incendios forestales en la regi\u00f3n media"},"content":{"rendered":"\n<p><\/p>\n\n\n\n<ul class=\"wp-block-list\">\n<li><strong>Coordinaci\u00f3n interinstitucional refuerza la vigilancia, respuesta inmediata y capacidad operativa para proteger los ecosistemas y salvaguardar a la poblaci\u00f3n.<\/strong><\/li>\n<\/ul>\n\n\n\n<p>En seguimiento a las pol\u00edticas de protecci\u00f3n ambiental del Gobernador Ricardo Gallardo Cardona, la Secretar\u00eda de Ecolog\u00eda y Gesti\u00f3n Ambiental (Segam) encabez\u00f3 en Rioverde la reuni\u00f3n del Comit\u00e9 T\u00e9cnico Estatal de Manejo del Fuego, en la que participaron la Comisi\u00f3n Nacional Forestal (Conafor), la Secretar\u00eda de Desarrollo Agropecuario y Recursos Hidr\u00e1ulicos (Sedarh) y la Coordinaci\u00f3n Estatal de Protecci\u00f3n Civil (CEPC).<\/p>\n\n\n\n<p>Este encuentro tuvo como objetivo&nbsp;redoblar los esfuerzos de vigilancia y respuesta r\u00e1pida en incendios forestales, priorizando la salvaguarda de los ecosistemas y la integridad de las familias en la regi\u00f3n. Durante la sesi\u00f3n, las y los presidentes municipales manifestaron su disposici\u00f3n para fortalecer las medidas preventivas y acordaron cumplir con la conformaci\u00f3n de brigadas municipales capacitadas, lo que permitir\u00e1 una atenci\u00f3n inmediata y eficiente ante cualquier siniestro.<\/p>\n\n\n\n<p>La titular de la Secretar\u00eda y presidenta del Comit\u00e9, Sonia Mendoza D\u00edaz, enfatiz\u00f3 que este espacio de trabajo es fundamental para consolidar una responsabilidad compartida entre los tres niveles de Gobierno. Al unificar esfuerzos t\u00e9cnicos y operativos, el Gobierno del Estado garantiza una estrategia de prevenci\u00f3n s\u00f3lida en las cuatro regiones del Estado, cumpliendo con el compromiso de mantener instituciones coordinadas y preparadas para enfrentar los desaf\u00edos en materia de incendios forestales.<\/p>\n","protected":false},"excerpt":{"rendered":"<p>En seguimiento a las pol\u00edticas de protecci\u00f3n ambiental del Gobernador Ricardo Gallardo Cardona, la Secretar\u00eda de Ecolog\u00eda y Gesti\u00f3n Ambiental (Segam) encabez\u00f3 en Rioverde la reuni\u00f3n del Comit\u00e9 T\u00e9cnico Estatal de Manejo del Fuego, en la que participaron la Comisi\u00f3n Nacional Forestal (Conafor), la Secretar\u00eda &hellip; <\/p>\n","protected":false},"author":1,"featured_media":113388,"comment_status":"open","ping_status":"open","sticky":false,"template":"","format":"standard","meta":{"footnotes":""},"categories":[13,92,91,25,89,82,14,28,29,87,86,67,7,78,62,56,11,15,55,81,16,4,73,44,26,74,10,12,6,60,30,31,59,42,53,57,43,32],"tags":[],"class_list":["post-113384","post","type-post","status-publish","format-standard","has-post-thumbnail","hentry","category-agropecuaria","category-ahualulco","category-alaquines","category-aquismon","category-armadillo","category-axtla","category-caneros","category-cnc","category-cnpr","category-cardenas","category-cedral","category-charcas","category-ciudad","category-ciudad-del-maiz","category-ciudad-fernandez","category-el-naranjo","category-estado","category-ganaderos","category-guadalcazar","category-huehuetlan","category-ingenios","category-inicio","category-lagunillas","category-matehuala","category-matlapa","category-mexquitic","category-municipios","category-nacional","category-noticias","category-rayon","category-rioverde","category-sanluispotosi","category-santa-catarina","category-soledad","category-tamazunchale","category-tanlajas","category-villa-de-reyes","category-xilitla"],"_links":{"self":[{"href":"https:\/\/amanecerhuasteco.com\/portal\/wp-json\/wp\/v2\/posts\/113384","targetHints":{"allow":["GET"]}}],"collection":[{"href":"https:\/\/amanecerhuasteco.com\/portal\/wp-json\/wp\/v2\/posts"}],"about":[{"href":"https:\/\/amanecerhuasteco.com\/portal\/wp-json\/wp\/v2\/types\/post"}],"author":[{"embeddable":true,"href":"https:\/\/amanecerhuasteco.com\/portal\/wp-json\/wp\/v2\/users\/1"}],"replies":[{"embeddable":true,"href":"https:\/\/amanecerhuasteco.com\/portal\/wp-json\/wp\/v2\/comments?post=113384"}],"version-history":[{"count":1,"href":"https:\/\/amanecerhuasteco.com\/portal\/wp-json\/wp\/v2\/posts\/113384\/revisions"}],"predecessor-version":[{"id":113386,"href":"https:\/\/amanecerhuasteco.com\/portal\/wp-json\/wp\/v2\/posts\/113384\/revisions\/113386"}],"wp:featuredmedia":[{"embeddable":true,"href":"https:\/\/amanecerhuasteco.com\/portal\/wp-json\/wp\/v2\/media\/113388"}],"wp:attachment":[{"href":"https:\/\/amanecerhuasteco.com\/portal\/wp-json\/wp\/v2\/media?parent=113384"}],"wp:term":[{"taxonomy":"category","embeddable":true,"href":"https:\/\/amanecerhuasteco.com\/portal\/wp-json\/wp\/v2\/categories?post=113384"},{"taxonomy":"post_tag","embeddable":true,"href":"https:\/\/amanecerhuasteco.com\/portal\/wp-json\/wp\/v2\/tags?post=113384"}],"curies":[{"name":"wp","href":"https:\/\/api.w.org\/{rel}","templated":true}]}}