{"id":1138,"date":"2012-01-14T20:33:36","date_gmt":"2012-01-15T02:33:36","guid":{"rendered":"http:\/\/amanecerhuasteco.com\/portal\/2012\/01\/14\/entre-columnas-34\/"},"modified":"2012-01-14T20:33:36","modified_gmt":"2012-01-15T02:33:36","slug":"entre-columnas-34","status":"publish","type":"post","link":"https:\/\/amanecerhuasteco.com\/portal\/entre-columnas-34\/","title":{"rendered":"ENTRE COLUMNAS"},"content":{"rendered":"<p>DEL SOL ESTRADA, declinar\u00eda la candidatura por el PRD\u00a0 a la alcald\u00eda si\u00a0 el m\u00e9dico Ra\u00fal Alonso acepta y es declarado\u00a0 candidato a presidente municipal\u00a0 de Valles por el PT, obviamente cabr\u00eda la posibilidad que Movimiento Ciudadano y Morena se sumen a la propuesta.<\/p>\n<p>EL LOBO CUIDANDO EL GALLINERO.-\u00a0 Resulta que la Auditor\u00eda Superior del Estado, organismo que cuida el honesto manejo de los recursos financieros manejados por el estado y municipios, no cumple cabalmente con sus funciones, el titular H\u00e9ctor Mayorga Delgado fue notificado por la Auditor\u00eda Superior de la Federaci\u00f3n, sobre observaciones en el manejo irregular de recursos asignados a ese organismo estatal. <\/p>\n<p><font color=\"#FF6600\"><em>\u201cBETY BOUTIQUE\u201d Privada Padre Xavier y G. Victoria zona centro. Art\u00edculos religiosos, nuestra especialidad.<br \/><\/em><\/font><br \/><strong>DEJA EL CABILDO EL REGIDOR PRIISTA C\u00c9SAR GONZ\u00c1LEZ GARCIA.<br \/><\/strong>Este viernes\u00a0 el regidor C\u00e9sar Gonz\u00e1lez Garc\u00eda del PRI, solicita licencia por tiempo indefinido para separarse del cargo y buscar la nominaci\u00f3n del partido a la candidatura por la diputaci\u00f3n local del XII distrito. Es el segundo \u201cchapul\u00edn\u201d integrante del cabildo que abandona (traiciona al pueblo) su puesto en busca de otra ubre oficial.<\/p>\n<p>\u00a0<font color=\"#FF6600\"><em>\u201cCARROCERIAS Bustos\u201d\u00a0 Reforma y Lerdo de Tejada Colonia Altavista. Tel. 3824777<br \/><\/em><\/font><br \/>Solo en pol\u00edtica se gana dinero sin hacer nada\u2026..\u2026.<br \/><strong>MUSA SE APUNTA PRECANDIDATO DEL TRICOLOR POR LA DIPUTACI\u00d3N LOCAL.<br \/><\/strong>+.- La c\u00fapula priista adeuda a Musa un puesto de elecci\u00f3n.<br \/>La situaci\u00f3n interna en el PRI de Valles se complica, se daba por hecho al principio que se \u201cir\u00eda solo\u201d Tito Rodr\u00edguez Guerrero,\u00a0 por la curul de la diputaci\u00f3n del XII distrito con sede en Valles, luego aparecieron Delia Guerrero a quien el gobernador del estado seguramente colocar\u00e1 como abanderada del partido por la diputaci\u00f3n local o alcald\u00eda, despu\u00e9s el regidor C\u00e9sar Gonz\u00e1lez Garc\u00eda y este martes anunci\u00f3 el comerciante Antonio Musa Abad su intenci\u00f3n de participar por el mismo puesto que ya se merece seg\u00fan sus propias declaraciones ha apoyado\u00a0 al partido por 30 a\u00f1os y se la deben.<\/p>\n<p><font color=\"#FF6600\"><em>\u201cCASA TOVAR\u201d La casa de las artesan\u00edas de Valles y la regi\u00f3n. Abasolo y P. D\u00edaz frente al mercado<br \/><\/em><\/font><\/p>\n<p><strong>HERMANO INCOMODO DE LA ALCALDESA INTEGRA PLANILLA ALTERNA DE REGIDORES.<br \/><\/strong>+.- Visos de un \u201cplan B\u201d para apoyar a un priista.<br \/>+.- Simpatizantes sospechan que la alcaldesa est\u00e9 tras este proyecto.<br \/>+.- El P T apoya el proyecto pol\u00edtico referido.<br \/>Desde la pasada semana apareci\u00f3 en p\u00fablico y con una planilla en mano el hermano inc\u00f3modo (s\u00ed porque lo marginaron en el reparto familiar) Olivo Herrera Orta, quien ha dejado entrever que integrar\u00e1 a connotados ciudadanos a una propuesta para regidores y un de un candidato a presidente municipal, en este caso trascendi\u00f3 que ser\u00eda el priista Jorge Ter\u00e1n, con las siglas del Partido del Trabajo, sin embargo es el m\u00e9dico Ra\u00fal Alonso M\u00e9ndez director del hospital ISSTE en esta ciudad.<br \/>En el enlistado aparecen ciertamente connotados ciudadanos\u00a0 como es el director del hospital del ISSTE en esta ciudad para alcalde. empresario Miguel Angel Oliva Licona, Licenciado Ignacio de la Rosa para S\u00edndico, ingeniero Jaime Carrilllo, Roberto Rosas (muy quemado pol\u00edticamente) Licenciada Liliana Ortega\u00a0 y otros profesionales egresados del CBTIS 46 \u00a0<br \/>Para el perredista Reyes Corral Espinoza, Olivo obedeciendo la sangre familiar estar\u00eda cumpliendo una encomienda de su hermana alcaldesa para presentar un candidato que eventualmente resultara derrotado en el proceso interno del tricolor haci\u00e9ndolo suyo bajo las siglas del PT <\/p>\n<p><font color=\"#FF6600\"><em>\u201cFINCA COLIBRI\u201d\u00a0 Tu sal\u00f3n de fiestas\u00a0 Bocanegra 16 Colonia Obrera\u00a0 Tel. 3821652<br \/><\/em><\/font><br \/><strong>MUSA \u201cDARA LA CARA AL PUEBLO\u201d SI LLEGARA AL CONGRESO.<br \/><\/strong>Si su partido le diera la oportunidad de servir a la comunidad como diputado local por el XII\u00a0 distrito con sede en Valles \u201cdar\u00eda la cara al pueblo\u201d expres\u00f3 a SIH el comerciante papelero Antonio Musa Abad, al aparecer en escena como aspirante a la candidatura por el PRI. \u201cEstoy buscando que mi\u00a0 partido me apoye \u2013 declar\u00f3 a SIH el aspirante \u2013 para lograr la candidatura\u201d agreg\u00f3 que lleva mucho tiempo trabajando apoyando a candidatos a gobernador, Senadores, diputados local y federal, hasta alcaldes, se\u00f1ala que la comunidad a trav\u00e9s de sus l\u00edderes \u201clo ven con buenos ojos para que participe\u201d<br \/>A\u00f1ade que la imagen de los pol\u00edticos, en particular\u00a0 de diputado local est\u00e1 deteriorada, por eso es importante que llegue a la curul alguien que dignifique esa responsabilidad, sobre todo porque siempre participan los mismos, parece que no se diera oportunidad a otros, eso lo motiva a participar.<br \/>La otra cara de\u00a0 este proyecto pol\u00edtico, es que si se elige al candidato por elecci\u00f3n interna, este personaje no lograr\u00eda consenso, salvo que fuera a la antig\u00fcita \u201cpor dedazo\u201d opinan los mismos tricolores.<\/p>\n<p><font color=\"#FF6600\"><em>\u201cRAIN FOREST\u201d<br \/>Centro social para todo tipo de eventos.\u00a0 Nosotros tenemos equipo de sonido, mobiliario, \u00e1rea infantil, campo de f\u00fatbol r\u00e1pido amplios jardines y \u00e1rea verde.-<br \/>P. Arriaga 111 A y Ju\u00e1rez\u00a0 Col. Obrera Tel.\u00a0 3816972\u00a0 .<br \/><\/em><\/font><br \/><strong>DIPUTADO LOCAL HGUASTECO PLAIO UNA TRABAJO DE INVESTIGACION.<br \/><\/strong>El catedr\u00e1tico investigador de la facultad de Econom\u00eda de la UASLP Jaime Mart\u00ednez Garc\u00eda,\u00a0 acus\u00f3 al diputado local Javier Azuara (PAN) de plagiar un trabajo de investigaci\u00f3n que el profesional realiz\u00f3 y el legislador se la apropi\u00f3 \u201cpara alzarce el cuello\u201d hacia el interior del Congreso del estado.<br \/>El quejoso manifiesta que es una burla e irresponsabilidad que un diputado que percibe un sueldo mensual superior al de sus hom\u00f3logos en otros estados, no tengan la capacidad\u00a0 para crear una iniciativa a t\u00edtulo propio y tengan que plagiar el trabajo de otros, acusa Miguel \u00e1ngel Alvarez vocero de la agrupaci\u00f3n capitalina Antorcha Popular. Es rid\u00edculo \u00a0\u00a0 \u00a0que el diputado PANISTA Javier Azuara Trejo \u201cse jala el cuello con una iniciativa propiedad de un Acad\u00e9mico en un af\u00e1n de demostrar trabajo a la ciudadan\u00eda\u201d <br \/>El l\u00edder Antorcha recuerda que con recursos p\u00fablicos ese legislador\u00a0 tiene a su servicio asesores, es una burla y una demostraci\u00f3n de ignorancia e irresponsabilidad, es una verg\u00fcenza \u2013 dice \u2013 deben ponerse a trabajar y desquitar con algo tanto dinero que se embolsan y hasta ROBAN (LOS 220 MIL PESOS DEL BONO) la ciudadan\u00eda deb\u00eda acusarlos tambi\u00e9n de fraude al no cumplir en m\u00ednima parte su compromiso a cambio del voto.<\/p>\n<p><font color=\"#FF6600\"><em>Restaurante \u201cEL FAROLITO\u201d Lo mejor de la cocina Huasteca, el tradicional zacahuil y cazueladas. Atendemos sus festejos. Pedidos al tel\u00e9fono 3821017<br \/><\/em><\/font><br \/><strong>D E\u00a0 V O L A D A .-<br \/><\/strong>INCOSISTENCIAS POR 25 MILLONES\u00a0 de pesos detect\u00f3 la contralor\u00eda interna municipal de Valles correspondientes al ejercicio fiscal 2011\u00a0\u00a0 hasta el mes de noviembre, en virtud que sigue pendiente de\u00a0 aprobarse <br \/>\u00a0El informe de diciembre y adem\u00e1s la cuenta p\u00fablica anual.<br \/>EXAMEN ANTIDOPING\u00a0 A\u00a0 ASPIRANTES por candidaturas a puestos de elecci\u00f3n popular en una medida insoslayable, \u00a0\u00a0 \u00a0La propuesta hecha por el diputado huasteco Jes\u00fas Son\u00ed Bulos ante las autoridades electorales\u00a0 tiene mas de un a\u00f1o e insiste.<br \/>TAMBIEN DE HONESTIDAD y lealtad\u00a0 deb\u00edan hacerle a los aspirantes a puestos de elecci\u00f3n popular, muchos de ellos\u00a0 llegan QUEBRADOS$$$$ a los cargos y salen millonarios, o no concluyen el per\u00edodo constitucional cuando andan en busca de otra oposici\u00f3n. De su honestidad y lealtad con el pueblo, no se advierte por ninguna parte.<br \/>\u00a0PARTIDOS SE QUEDARIAN SIN CANDIDATOS\u00a0 si la prueba de honestidad y confianza\u00a0 se aplicara a sus aspirantes a candidaturas por puestos de elecci\u00f3n popular. C\u00f3mo dice el abanderado perredista Ricardo del Sol, todos parecieran bestias carro\u00f1eras tras el bot\u00edn econ\u00f3mico que representa llegar a ocupar puestos de tal responsabilidad (ser\u00e1 irresponsabilidad)<\/p>\n<p><font color=\"#FF6600\"><em>La cita es en el caf\u00e9 \u201cLA NUEVA FE\u201d\u00a0 frente al jard\u00edn en Ciudad Valles SLP.<br \/><\/em><\/font><\/p>\n<p>Y quien lo dice\u2026.<br \/><strong>EL PARTIDO VERA PODRIA PARTICIPAR EN ALIANZA EN LA CONTIENDA ELECTORAL.<br \/><\/strong>Conocido por los pol\u00edticos el \u201cPartido de los Vera\u201d\u00a0 el Partido conciencia Popular, tiene cuando menos a 10 miembros que participar\u00e1n en\u00a0 igual n\u00famero de municipios de la Huasteca en el proceso electoral del presente a\u00f1o, dijo el diputado Oscar Vera F\u00e1bregat, quien pronostic\u00f3 q\u00a0\u00a0 \u00a0ue \u201cel PRI\u00a0 solo ganar\u00e1 haciendo alianzas con otros partidos y el PAN\u00a0 anda por las nubes\u201d al hacer un an\u00e1lisis durante la incursi\u00f3n inesperada a Valles del legislador.<br \/>Por parte del Partido Conciencia Popular no ha concretado ninguna alianza a la fecha con ning\u00fan otro partido, a\u00fan no define la Familia Vera con cual partido se ir\u00e1n a la cargada.<br \/><font color=\"#FF6600\"><\/font><\/p>\n<p><font color=\"#FF6600\"><em>TELSOL<br \/>Venta de equipo y reparaci\u00f3n y cambio de\u00a0 compa\u00f1\u00eda.<br \/>Liberaci\u00f3n y mantenimiento de celulares.<br \/>Carranza y Abasolo a sus \u00f3rdenes.<br \/><\/em><\/font><\/p>\n<p><strong>OBRAS DE GOBIERNO SON UN FRAUDE.<br \/><\/strong>+.- Puente La Lagartija, carretera Chantol\/Las Huertas y Paseo Bicentenario, lo prueban.<br \/>Todo indica que\u00a0 las obras de gobierno en sus tres niveles, son un fraude, lo que mas preocupa a la ciudadan\u00eda es que se siguen haciendo este tipo de\u00a0 obras fraudulentas que son denunciadas en su momento y no son corregidas sobre la marcha de construcci\u00f3n, lo mas reciente el Puente La Lagartija ahora es la carretera estatal que a\u00fan no se inaugura oficialmente Valles Chantol Las Huertas, que estuvo a cargo de la SCT \u2013 federal \u2013 pese a que el comit\u00e9 promotor de la obra denunci\u00f3 desde el inicio que el constructor no se ajustaba al proyecto ejecutivo ni utilizaba los materiales adecuados, ninguna autoridad competente atendi\u00f3 la denuncia, los resultados est\u00e1n a la vista ahora, la carpeta asf\u00e1ltica se ha destruido, la explicaci\u00f3n t\u00e9cnica es el paso de camiones cargados de ca\u00f1a cuyo peso no es superior a 20 toneladas. El director de obras p\u00fablicas rural Marcelino Torres Moctezuma reconoci\u00f3 que la carpeta asf\u00e1ltica es muy delgada para soportar el peso e intenso tr\u00e1fico de camiones.<br \/>Otra obra es el paseo Bicentenario, es un vil fraude y aunque la alcaldesa asegura que no la recibir\u00e1 porque no se construy\u00f3 conforme a las especificaciones t\u00e9cnicas por eso una leve inundaci\u00f3n del r\u00edo Valles arrastr\u00f3 con la obra.<\/p>\n<p><font color=\"#FF6600\"><em>\u201cSISTEMAS INFORMATICOS ESPECIALIZADOS\u201d\u00a0 todo para su computadora, reparaci\u00f3n y mantenimiento. Ju\u00e1rez 112 B tel\u00e9fono 3831226<\/em><\/font><\/p>\n","protected":false},"excerpt":{"rendered":"<p>DEL SOL ESTRADA, declinar\u00eda la candidatura por el PRD\u00a0 a la alcald\u00eda si\u00a0 el m\u00e9dico Ra\u00fal Alonso acepta y es declarado\u00a0 candidato a presidente municipal\u00a0 de Valles por el PT, obviamente cabr\u00eda la posibilidad que Movimiento Ciudadano y Morena se sumen a la propuesta. EL &hellip; <\/p>\n","protected":false},"author":1,"featured_media":17874,"comment_status":"open","ping_status":"open","sticky":false,"template":"","format":"standard","meta":{"footnotes":""},"categories":[17],"tags":[],"class_list":["post-1138","post","type-post","status-publish","format-standard","has-post-thumbnail","hentry","category-colaboraciones"],"_links":{"self":[{"href":"https:\/\/amanecerhuasteco.com\/portal\/wp-json\/wp\/v2\/posts\/1138","targetHints":{"allow":["GET"]}}],"collection":[{"href":"https:\/\/amanecerhuasteco.com\/portal\/wp-json\/wp\/v2\/posts"}],"about":[{"href":"https:\/\/amanecerhuasteco.com\/portal\/wp-json\/wp\/v2\/types\/post"}],"author":[{"embeddable":true,"href":"https:\/\/amanecerhuasteco.com\/portal\/wp-json\/wp\/v2\/users\/1"}],"replies":[{"embeddable":true,"href":"https:\/\/amanecerhuasteco.com\/portal\/wp-json\/wp\/v2\/comments?post=1138"}],"version-history":[{"count":0,"href":"https:\/\/amanecerhuasteco.com\/portal\/wp-json\/wp\/v2\/posts\/1138\/revisions"}],"wp:featuredmedia":[{"embeddable":true,"href":"https:\/\/amanecerhuasteco.com\/portal\/wp-json\/wp\/v2\/media\/17874"}],"wp:attachment":[{"href":"https:\/\/amanecerhuasteco.com\/portal\/wp-json\/wp\/v2\/media?parent=1138"}],"wp:term":[{"taxonomy":"category","embeddable":true,"href":"https:\/\/amanecerhuasteco.com\/portal\/wp-json\/wp\/v2\/categories?post=1138"},{"taxonomy":"post_tag","embeddable":true,"href":"https:\/\/amanecerhuasteco.com\/portal\/wp-json\/wp\/v2\/tags?post=1138"}],"curies":[{"name":"wp","href":"https:\/\/api.w.org\/{rel}","templated":true}]}}