{"id":116156,"date":"2026-08-12T23:02:02","date_gmt":"2026-08-13T05:02:02","guid":{"rendered":"https:\/\/amanecerhuasteco.com\/portal\/?p=116156"},"modified":"2026-08-30T23:06:05","modified_gmt":"2026-08-31T05:06:05","slug":"ayuntamiento-de-tamasopo-participa-en-sesion-extraordinaria-de-pc","status":"publish","type":"post","link":"https:\/\/amanecerhuasteco.com\/portal\/ayuntamiento-de-tamasopo-participa-en-sesion-extraordinaria-de-pc\/","title":{"rendered":"Ayuntamiento de Tamasopo participa en sesi\u00f3n extraordinaria de PC"},"content":{"rendered":"\n<p>El H. Ayuntamiento de Tamasopo, que preside <a href=\"https:\/\/www.facebook.com\/profile.php?id=100080627962994&amp;__cft__[0]=AZYS2dm9Lt_TwrGo8uzA8BmwjHKdJE8hJ5Yp7sgqZZwYOdV0GlSuTh42jlnX5m8YEylnZie4uUAliVz9EPmhyjIDH0228zZOJYgbztdBCh3BK9KQ-gd_CxBsLsfPPC6YapHGiuCG32SQSQab3i1Me1w7&amp;__tn__=-]K-R\">Mauricio Andrade<\/a> y el Departamento de Protecci\u00f3n Civil Municipal, est\u00e1n presentes en la Sesi\u00f3n Extraordinaria del Consejo Estatal de Protecci\u00f3n Civil, donde se llevar\u00e1 a cabo la instalaci\u00f3n de un Puesto de Comando para la Prevenci\u00f3n y Monitoreo de Lluvias y Huracanes.<img decoding=\"async\" height=\"16\" width=\"16\" alt=\"\ud83c\udf00\" src=\"https:\/\/static.xx.fbcdn.net\/images\/emoji.php\/v9\/tb\/1\/16\/1f300.png\"><img decoding=\"async\" height=\"16\" width=\"16\" alt=\"\ud83c\udf27\ufe0f\" src=\"https:\/\/static.xx.fbcdn.net\/images\/emoji.php\/v9\/td0\/1\/16\/1f327.png\"><\/p>\n\n\n\n<p>Esta acci\u00f3n permitir\u00e1 mantenernos alertas y preparados ante los fen\u00f3menos meteorol\u00f3gicos que pudieran presentarse, as\u00ed como fortalecer la identificaci\u00f3n y atenci\u00f3n de zonas vulnerables en el Estado.<\/p>\n\n\n\n<p><img decoding=\"async\" height=\"16\" width=\"16\" alt=\"\ud83e\udd1d\" src=\"https:\/\/static.xx.fbcdn.net\/images\/emoji.php\/v9\/t64\/1\/16\/1f91d.png\"> La prevenci\u00f3n y coordinaci\u00f3n son fundamentales para proteger a nuestras familias y comunidades<\/p>\n\n\n\n<p><\/p>\n","protected":false},"excerpt":{"rendered":"<p>El H. Ayuntamiento de Tamasopo, que preside Mauricio Andrade y el Departamento de Protecci\u00f3n Civil Municipal, est\u00e1n presentes en la Sesi\u00f3n Extraordinaria del Consejo Estatal de Protecci\u00f3n Civil, donde se llevar\u00e1 a cabo la instalaci\u00f3n de un Puesto de Comando para la Prevenci\u00f3n y Monitoreo &hellip; <\/p>\n","protected":false},"author":1,"featured_media":116157,"comment_status":"open","ping_status":"open","sticky":false,"template":"","format":"standard","meta":{"footnotes":""},"categories":[13,15,4,21],"tags":[],"class_list":["post-116156","post","type-post","status-publish","format-standard","has-post-thumbnail","hentry","category-agropecuaria","category-ganaderos","category-inicio","category-tamasopo"],"_links":{"self":[{"href":"https:\/\/amanecerhuasteco.com\/portal\/wp-json\/wp\/v2\/posts\/116156","targetHints":{"allow":["GET"]}}],"collection":[{"href":"https:\/\/amanecerhuasteco.com\/portal\/wp-json\/wp\/v2\/posts"}],"about":[{"href":"https:\/\/amanecerhuasteco.com\/portal\/wp-json\/wp\/v2\/types\/post"}],"author":[{"embeddable":true,"href":"https:\/\/amanecerhuasteco.com\/portal\/wp-json\/wp\/v2\/users\/1"}],"replies":[{"embeddable":true,"href":"https:\/\/amanecerhuasteco.com\/portal\/wp-json\/wp\/v2\/comments?post=116156"}],"version-history":[{"count":2,"href":"https:\/\/amanecerhuasteco.com\/portal\/wp-json\/wp\/v2\/posts\/116156\/revisions"}],"predecessor-version":[{"id":116159,"href":"https:\/\/amanecerhuasteco.com\/portal\/wp-json\/wp\/v2\/posts\/116156\/revisions\/116159"}],"wp:featuredmedia":[{"embeddable":true,"href":"https:\/\/amanecerhuasteco.com\/portal\/wp-json\/wp\/v2\/media\/116157"}],"wp:attachment":[{"href":"https:\/\/amanecerhuasteco.com\/portal\/wp-json\/wp\/v2\/media?parent=116156"}],"wp:term":[{"taxonomy":"category","embeddable":true,"href":"https:\/\/amanecerhuasteco.com\/portal\/wp-json\/wp\/v2\/categories?post=116156"},{"taxonomy":"post_tag","embeddable":true,"href":"https:\/\/amanecerhuasteco.com\/portal\/wp-json\/wp\/v2\/tags?post=116156"}],"curies":[{"name":"wp","href":"https:\/\/api.w.org\/{rel}","templated":true}]}}