{"id":116164,"date":"2026-08-11T23:22:23","date_gmt":"2026-08-12T05:22:23","guid":{"rendered":"https:\/\/amanecerhuasteco.com\/portal\/?p=116164"},"modified":"2026-08-30T23:24:01","modified_gmt":"2026-08-31T05:24:01","slug":"en-tamasopo-se-festeja-el-dia-internacional-de-los-pueblos-indigenas","status":"publish","type":"post","link":"https:\/\/amanecerhuasteco.com\/portal\/en-tamasopo-se-festeja-el-dia-internacional-de-los-pueblos-indigenas\/","title":{"rendered":"En Tamasopo se festeja el D\u00eda Internacional de los Pueblos Ind\u00edgenas"},"content":{"rendered":"\n<p><\/p>\n\n\n\n<p>En el marco del D\u00eda Internacional de los Pueblos Ind\u00edgenas, el Presidente Municipal <a href=\"https:\/\/www.facebook.com\/profile.php?id=100080627962994&amp;__cft__[0]=AZbeyXZHXTdwhbVK7aO3-vqPAfIbycU0BS3LbKf2Dn3J4z-Zt1I2Q4gEEJTvAmXiz_eoP6CQi-v--vdFpMB6a6f1lLCARAsiZHOthSIDdfKchq_dLLZn9jhFeqGChuTyPaaNxLn9vtEKDDjs2GCmHqMR&amp;__tn__=-]K-R\">Mauricio Andrade<\/a>, en coordinaci\u00f3n con el Departamento de Asuntos Ind\u00edgenas, llev\u00f3 a cabo un gran evento en la comunidad de Sabinito Quemado, celebrando la riqueza cultural, las tradiciones y la identidad de nuestros pueblos originarios. <img decoding=\"async\" height=\"16\" width=\"16\" alt=\"\u2728\" src=\"https:\/\/static.xx.fbcdn.net\/images\/emoji.php\/v9\/tf4\/1\/16\/2728.png\"><img decoding=\"async\" height=\"16\" width=\"16\" alt=\"\ud83c\udf0e\" src=\"https:\/\/static.xx.fbcdn.net\/images\/emoji.php\/v9\/tc0\/1\/16\/1f30e.png\"><img decoding=\"async\" height=\"16\" width=\"16\" alt=\"\u2705\" src=\"https:\/\/static.xx.fbcdn.net\/images\/emoji.php\/v9\/t33\/1\/16\/2705.png\"><\/p>\n\n\n\n<p><img decoding=\"async\" height=\"16\" width=\"16\" alt=\"\ud83c\udfb6\" src=\"https:\/\/static.xx.fbcdn.net\/images\/emoji.php\/v9\/t1f\/1\/16\/1f3b6.png\">Fue una jornada llena de cultura, m\u00fasica, danza y orgullo por nuestras ra\u00edces, donde se fortalecieron los lazos de unidad y respeto hacia las comunidades ind\u00edgenas de nuestro municipio.<img decoding=\"async\" height=\"16\" width=\"16\" alt=\"\ud83e\udd1d\" src=\"https:\/\/static.xx.fbcdn.net\/images\/emoji.php\/v9\/t64\/1\/16\/1f91d.png\"><img decoding=\"async\" height=\"16\" width=\"16\" alt=\"\u2705\" src=\"https:\/\/static.xx.fbcdn.net\/images\/emoji.php\/v9\/t33\/1\/16\/2705.png\"><\/p>\n\n\n\n<p><img decoding=\"async\" height=\"16\" width=\"16\" alt=\"\ud83d\ude4f\" src=\"https:\/\/static.xx.fbcdn.net\/images\/emoji.php\/v9\/t80\/1\/16\/1f64f.png\"> Agradecemos a todas las familias de la zona Xi\u2019iuy de Tamasopo, as\u00ed como a los gobernadores tradicionales y autoridades que nos acompa\u00f1aron en esta importante celebraci\u00f3n.<img decoding=\"async\" height=\"16\" width=\"16\" alt=\"\ud83d\udc9a\" src=\"https:\/\/static.xx.fbcdn.net\/images\/emoji.php\/v9\/t94\/1\/16\/1f49a.png\"><img decoding=\"async\" height=\"16\" width=\"16\" alt=\"\ud83e\udd1d\" src=\"https:\/\/static.xx.fbcdn.net\/images\/emoji.php\/v9\/t64\/1\/16\/1f91d.png\"><\/p>\n\n\n\n<p><img decoding=\"async\" height=\"16\" width=\"16\" alt=\"\ud83e\udd1d\" src=\"https:\/\/static.xx.fbcdn.net\/images\/emoji.php\/v9\/t64\/1\/16\/1f91d.png\"> Seguimos trabajando para preservar y fortalecer nuestras tradiciones, reconociendo el invaluable legado de nuestras ra\u00edces<\/p>\n","protected":false},"excerpt":{"rendered":"<p>En el marco del D\u00eda Internacional de los Pueblos Ind\u00edgenas, el Presidente Municipal Mauricio Andrade, en coordinaci\u00f3n con el Departamento de Asuntos Ind\u00edgenas, llev\u00f3 a cabo un gran evento en la comunidad de Sabinito Quemado, celebrando la riqueza cultural, las tradiciones y la identidad de &hellip; <\/p>\n","protected":false},"author":1,"featured_media":116165,"comment_status":"open","ping_status":"open","sticky":false,"template":"","format":"standard","meta":{"footnotes":""},"categories":[13,28,29,15,4,21],"tags":[],"class_list":["post-116164","post","type-post","status-publish","format-standard","has-post-thumbnail","hentry","category-agropecuaria","category-cnc","category-cnpr","category-ganaderos","category-inicio","category-tamasopo"],"_links":{"self":[{"href":"https:\/\/amanecerhuasteco.com\/portal\/wp-json\/wp\/v2\/posts\/116164","targetHints":{"allow":["GET"]}}],"collection":[{"href":"https:\/\/amanecerhuasteco.com\/portal\/wp-json\/wp\/v2\/posts"}],"about":[{"href":"https:\/\/amanecerhuasteco.com\/portal\/wp-json\/wp\/v2\/types\/post"}],"author":[{"embeddable":true,"href":"https:\/\/amanecerhuasteco.com\/portal\/wp-json\/wp\/v2\/users\/1"}],"replies":[{"embeddable":true,"href":"https:\/\/amanecerhuasteco.com\/portal\/wp-json\/wp\/v2\/comments?post=116164"}],"version-history":[{"count":1,"href":"https:\/\/amanecerhuasteco.com\/portal\/wp-json\/wp\/v2\/posts\/116164\/revisions"}],"predecessor-version":[{"id":116166,"href":"https:\/\/amanecerhuasteco.com\/portal\/wp-json\/wp\/v2\/posts\/116164\/revisions\/116166"}],"wp:featuredmedia":[{"embeddable":true,"href":"https:\/\/amanecerhuasteco.com\/portal\/wp-json\/wp\/v2\/media\/116165"}],"wp:attachment":[{"href":"https:\/\/amanecerhuasteco.com\/portal\/wp-json\/wp\/v2\/media?parent=116164"}],"wp:term":[{"taxonomy":"category","embeddable":true,"href":"https:\/\/amanecerhuasteco.com\/portal\/wp-json\/wp\/v2\/categories?post=116164"},{"taxonomy":"post_tag","embeddable":true,"href":"https:\/\/amanecerhuasteco.com\/portal\/wp-json\/wp\/v2\/tags?post=116164"}],"curies":[{"name":"wp","href":"https:\/\/api.w.org\/{rel}","templated":true}]}}