{"id":116167,"date":"2026-08-10T23:25:48","date_gmt":"2026-08-11T05:25:48","guid":{"rendered":"https:\/\/amanecerhuasteco.com\/portal\/?p=116167"},"modified":"2026-08-30T23:30:12","modified_gmt":"2026-08-31T05:30:12","slug":"alcalde-de-tamasopo-inicia-obras-de-rehabilitacion-de-espacio-artistico-en-feretam","status":"publish","type":"post","link":"https:\/\/amanecerhuasteco.com\/portal\/alcalde-de-tamasopo-inicia-obras-de-rehabilitacion-de-espacio-artistico-en-feretam\/","title":{"rendered":"Alcalde de Tamasopo, inicia obras de rehabilitaci\u00f3n de espacio art\u00edstico en FERETAM"},"content":{"rendered":"\n<p><\/p>\n\n\n\n<p>El H. Ayuntamiento de Tamasopo, presidido por <a href=\"https:\/\/www.facebook.com\/profile.php?id=100080627962994&amp;__cft__[0]=AZblx2n3WKqXaYdlKiumwPxg7Yu3WFF9CujIYe0eeO-X-3llZXNFfPtCh55V0r4A3CJmjyHEGQNdxnx2amzcPjwenHl1pOM7FNHIYboncvuPkLtLKhHMH2d0ia4IfRurHD6XdBfUPKe7AT53dfdzfaAP&amp;__tn__=-]K-R\">Mauricio Andrade<\/a>, dio el banderazo oficial de arranque de la obra que dar\u00e1 vida a la nueva entrada de la FERETAM, un proyecto que fortalecer\u00e1 la imagen y el orgullo de nuestro municipio. <img decoding=\"async\" height=\"16\" width=\"16\" alt=\"\ud83c\udf89\" src=\"https:\/\/static.xx.fbcdn.net\/images\/emoji.php\/v9\/t8c\/1\/16\/1f389.png\"><img decoding=\"async\" height=\"16\" width=\"16\" alt=\"\ud83d\udc9a\" src=\"https:\/\/static.xx.fbcdn.net\/images\/emoji.php\/v9\/t94\/1\/16\/1f49a.png\"><\/p>\n\n\n\n<p>En un evento realizado en compa\u00f1\u00eda de familias tamasopenses, autoridades municipales y equipo de trabajo, se llev\u00f3 a cabo el inicio formal de esta importante obra de infraestructura, la cual brindar\u00e1 una mejor imagen a uno de los espacios m\u00e1s representativos de nuestras tradiciones y festividades. <img decoding=\"async\" height=\"16\" width=\"16\" alt=\"\ud83e\udd1d\" src=\"https:\/\/static.xx.fbcdn.net\/images\/emoji.php\/v9\/t64\/1\/16\/1f91d.png\"><img decoding=\"async\" height=\"16\" width=\"16\" alt=\"\u2705\" src=\"https:\/\/static.xx.fbcdn.net\/images\/emoji.php\/v9\/t33\/1\/16\/2705.png\"><\/p>\n\n\n\n<p>Con acciones que transforman y generan bienestar, seguimos construyendo espacios dignos para las familias de Tamasopo.<\/p>\n","protected":false},"excerpt":{"rendered":"<p>El H. Ayuntamiento de Tamasopo, presidido por Mauricio Andrade, dio el banderazo oficial de arranque de la obra que dar\u00e1 vida a la nueva entrada de la FERETAM, un proyecto que fortalecer\u00e1 la imagen y el orgullo de nuestro municipio. En un evento realizado en &hellip; <\/p>\n","protected":false},"author":1,"featured_media":116168,"comment_status":"open","ping_status":"open","sticky":false,"template":"","format":"standard","meta":{"footnotes":""},"categories":[13,28,29,15,4,21],"tags":[],"class_list":["post-116167","post","type-post","status-publish","format-standard","has-post-thumbnail","hentry","category-agropecuaria","category-cnc","category-cnpr","category-ganaderos","category-inicio","category-tamasopo"],"_links":{"self":[{"href":"https:\/\/amanecerhuasteco.com\/portal\/wp-json\/wp\/v2\/posts\/116167","targetHints":{"allow":["GET"]}}],"collection":[{"href":"https:\/\/amanecerhuasteco.com\/portal\/wp-json\/wp\/v2\/posts"}],"about":[{"href":"https:\/\/amanecerhuasteco.com\/portal\/wp-json\/wp\/v2\/types\/post"}],"author":[{"embeddable":true,"href":"https:\/\/amanecerhuasteco.com\/portal\/wp-json\/wp\/v2\/users\/1"}],"replies":[{"embeddable":true,"href":"https:\/\/amanecerhuasteco.com\/portal\/wp-json\/wp\/v2\/comments?post=116167"}],"version-history":[{"count":1,"href":"https:\/\/amanecerhuasteco.com\/portal\/wp-json\/wp\/v2\/posts\/116167\/revisions"}],"predecessor-version":[{"id":116169,"href":"https:\/\/amanecerhuasteco.com\/portal\/wp-json\/wp\/v2\/posts\/116167\/revisions\/116169"}],"wp:featuredmedia":[{"embeddable":true,"href":"https:\/\/amanecerhuasteco.com\/portal\/wp-json\/wp\/v2\/media\/116168"}],"wp:attachment":[{"href":"https:\/\/amanecerhuasteco.com\/portal\/wp-json\/wp\/v2\/media?parent=116167"}],"wp:term":[{"taxonomy":"category","embeddable":true,"href":"https:\/\/amanecerhuasteco.com\/portal\/wp-json\/wp\/v2\/categories?post=116167"},{"taxonomy":"post_tag","embeddable":true,"href":"https:\/\/amanecerhuasteco.com\/portal\/wp-json\/wp\/v2\/tags?post=116167"}],"curies":[{"name":"wp","href":"https:\/\/api.w.org\/{rel}","templated":true}]}}