{"id":116190,"date":"2026-08-31T08:27:51","date_gmt":"2026-08-31T14:27:51","guid":{"rendered":"https:\/\/amanecerhuasteco.com\/portal\/?p=116190"},"modified":"2026-08-31T08:27:53","modified_gmt":"2026-08-31T14:27:53","slug":"entre-columnas-713","status":"publish","type":"post","link":"https:\/\/amanecerhuasteco.com\/portal\/entre-columnas-713\/","title":{"rendered":"ENTRE\u00a0 COLUMNAS"},"content":{"rendered":"\n<p><\/p>\n\n\n\n<p>MAS PARTIDOS&nbsp; CON CARGO AL CONTRIBUYENTE POTOSINO.<\/p>\n\n\n\n<p>CEEPAC aprueba la inscripci\u00f3n de los partidos pol\u00edticos nacionales PAZ y Somos M\u00e9xico en San Luis Potos\u00ed.<\/p>\n\n\n\n<p>\u2022 Ambas fuerzas pol\u00edticas acceder\u00e1n a las prerrogativas que les corresponden a partir de septiembre de 2026.<\/p>\n\n\n\n<p>El Consejo General del Consejo Estatal Electoral y de Participaci\u00f3n Ciudadana (CEEPAC) en sesi\u00f3n ordinaria, aprob\u00f3 la inscripci\u00f3n de los partidos nacionales Paz y Somos M\u00e9xico en la entidad.<\/p>\n\n\n\n<p>Con estas determinaciones, ambas fuerzas pol\u00edticas nacionales contar\u00e1n con inscripci\u00f3n ante el CEEPAC y podr\u00e1n ejercer los derechos y prerrogativas que les correspondan conforme a la legislaci\u00f3n electoral vigente.<\/p>\n\n\n\n<p>En Durante la misma sesi\u00f3n, el Consejo General aprob\u00f3 la redistribuci\u00f3n del financiamiento p\u00fablico correspondiente al ejercicio fiscal 2026, derivada de la inscripci\u00f3n de los nuevos partidos pol\u00edticos nacionales.<\/p>\n\n\n\n<p>De acuerdo con la Ley Electoral del Estado, los nuevos partidos recibir\u00e1n las prerrogativas que les corresponden a partir del mes de septiembre de 2026. Por lo que se realiz\u00f3 la redistribuci\u00f3n del financiamiento p\u00fablico entre los partidos pol\u00edticos con registro e inscripci\u00f3n ante el CEEPAC para los meses restantes del presente ejercicio fiscal.<\/p>\n\n\n\n<p>Cabe recordar que el financiamiento p\u00fablico de los partidos pol\u00edticos esta compuesto por tres rubros principales: el gasto por actividades ordinarias permanentes, el gasto por actividades especificas y el gasto por franquicias postales.<\/p>\n\n\n\n<p><strong>ZAS\u2026.MORENA&nbsp; NO IRA EN COALICION CON EL VERDE&nbsp; EN SLP.<\/strong><\/p>\n\n\n\n<p><strong>&#8211;&nbsp; A nivel nacional especulan que&nbsp; el VERDE y PRI ir\u00edan en alianza&nbsp; en SLP.<\/strong><\/p>\n\n\n\n<p><strong>&#8211; El Verde Potosino como que&nbsp; no aceptar\u00eda la alianza con el tricolor por la gubernatura.<\/strong><\/p>\n\n\n\n<p><strong>Con antelaci\u00f3n era un secreto a voces&nbsp; que el proceso electoral que se avecina en la entidad potosina por la sucesi\u00f3n gubernamental no habr\u00eda COALICION&nbsp; de los partidos Morena y el Verde, ahora lo&nbsp; confirma la &nbsp;presidenta dela Comisi\u00f3n Nacional de Elecciones de Morena, Citlalli Hern\u00e1ndez, explic\u00f3 que, s\u00f3lo el territorio potosino estar\u00e1 excluido del pacto entre ambos partidos.<\/strong><strong><\/strong><\/p>\n\n\n\n<p><strong>San Luis Potos\u00ed ser\u00e1 la \u00fanica entidad del pa\u00eds donde Morena y el PVEM no ir\u00e1n en alianza durante las elecciones para gobernador de 2027, luego de que la presidenta de la Comisi\u00f3n Nacional de Elecciones de Morena, las fuerzas pol\u00edticas postularan sus candidatos para contender&nbsp; en la sucesi\u00f3n de gobernador.<\/strong><\/p>\n\n\n\n<p><strong>La dirigente nacional en declaraciones&nbsp; en medios nacionales afirm\u00f3 que, Morena mantiene el acuerdo de coalici\u00f3n con sus aliados en 16 de las 17 entidades donde se renovar\u00e1n las gubernaturas, el caso de San Luis Potos\u00ed representa una excepci\u00f3n debido a las diferencias surgidas entre los partidos.<\/strong><\/p>\n\n\n\n<p><strong>El mismo comunicado agrega \u201cVamos a ir en coalici\u00f3n en 17 entidades de la Rep\u00fablica, eso ya es un hecho. En San Luis, digamos, hemos dialogado con mucha fraternidad, que es probable que no vayamos en coalici\u00f3n, pero de ah\u00ed en fuera el acuerdo existe en las 16 entidades\u201d Citlalli Hern\u00e1ndez sostuvo que la definici\u00f3n de las alianzas corresponde a las dirigencias nacionales y no a las decisiones que puedan tomarse desde los estados, aunque reconoci\u00f3 que en San Luis Potos\u00ed el escenario es distinto. AUN HAY MAS.<\/strong><\/p>\n\n\n\n<p><strong>+++++++<\/strong><\/p>\n\n\n\n<p><strong>GALINDO&nbsp; EL \u201cGALLO\u201d&nbsp; QUE IRA POR LA SUCESION DEL ESTADO EN EL 2027.<\/strong><\/p>\n\n\n\n<p><strong>Surge una&nbsp; eventual alianza pol\u00edtica del alcalde&nbsp; capitalino a&nbsp; la sucesi\u00f3n gubernamental con el partido Morena, seg\u00fan sus declaraciones esta semana al <\/strong><strong>descartar cualquier posibilidad de una alianza con el Partido Verde Ecologista de M\u00e9xico<\/strong><strong> afirm\u00f3 que estar\u00eda dispuesto a dialogar con dirigentes&nbsp; del partido Morena de cara al proceso electoral de 2027, aclar\u00f3 que hasta el momento no existe ninguna negociaci\u00f3n en ese sentido.<\/strong><\/p>\n\n\n\n<p><strong>Enrique Galindo Ceballos, presiente municipal capitalino <a>afirm\u00f3 que estar\u00eda dispuesto a dialogar con Morena de cara al proceso electoral de 2027,&nbsp; Textualmente&nbsp; dijo \u201c&nbsp; Yo en lo personal no me sentar\u00eda en ninguna mesa de&nbsp; negociaci\u00f3n con el verde \u2026..con&nbsp; Morena si me sentar\u00eda a platicar, -recalc\u00f3-&nbsp; como no me&nbsp; sentar\u00eda con el verde\u201d<\/a><\/strong><\/p>\n\n\n\n<p><strong>Las versiones son meras especulaciones,&nbsp;&nbsp; dijo que s\u00ed estar\u00eda dispuesto a dialogar con Morena si existiera una invitaci\u00f3n formal, tambi\u00e9n agreg\u00f3 buena relaci\u00f3n con la dirigencia estatal del partido, aunque aclar\u00f3; ello no significa que exista un proceso de negociaci\u00f3n o un acercamiento pol\u00edtico.&nbsp; Tan t\u00e1n&nbsp; hasta la pr\u00f3xima.<\/strong><\/p>\n\n\n\n<p><strong>++++++++++++<\/strong><strong><\/strong><\/p>\n\n\n\n<p><strong>P R E S T A MO S.<\/strong><strong><\/strong><\/p>\n\n\n\n<p><strong>en efectivo para jubilados y pensionados de <\/strong><strong><\/strong><\/p>\n\n\n\n<p><strong>CFE, ISSSTE.FFCC, SCT, PEMEX,<\/strong><\/p>\n\n\n\n<p><strong>ACTIVOS Y JUBILADOS&nbsp; IMSS<\/strong><\/p>\n\n\n\n<p><strong>SIN AFECTAR TARJETON Ll\u00e1menos las 24 hrs del d\u00eda <\/strong><strong><\/strong><\/p>\n\n\n\n<p><a><strong>LLAMENOS&nbsp;&nbsp; 481106 5098<\/strong><\/a><\/p>\n\n\n\n<p><strong>CREDITO INMEDIATO .<\/strong><\/p>\n\n\n\n<p><strong>++++++++<\/strong><\/p>\n\n\n\n<p><strong>PLANTA DE AGUAS RESIDUALES DE VALLES INSERVIBLE.<\/strong><\/p>\n\n\n\n<p><strong>&#8211; LIDERESA&nbsp; DE&nbsp; MORENA&nbsp; se involucra en la planta tratadora de aguas negras de Valles.<\/strong><\/p>\n\n\n\n<p><strong>Resulta que&nbsp; no solo el alcalde Vallense se&nbsp; colg\u00f3 la medalla sobre el anuncio&nbsp; de la inversi\u00f3n millonaria&nbsp; que har\u00e1 el -gobierno federal para&nbsp; remodelar la planta tratadora de aguas residuales de Valles, aparece&nbsp; la dirigente del partido Morena&nbsp; atribuy\u00e9ndose&nbsp; el mismo anuncio ocurrido la semana anterior por&nbsp; CONAGUA.<\/strong><\/p>\n\n\n\n<p><strong>La presidenta de Morena en SLP&nbsp; va mas a fondo al denunciar colapso de la planta tratadora de aguas negras Valles, hasta&nbsp; exhibi\u00f3 un &nbsp;v\u00eddeo sobre el grave deterioro de la planta Birmania.<\/strong><\/p>\n\n\n\n<p><strong>La lideresa Rita Rodr\u00edguez dijo que la planta de tratamiento &nbsp;esta inservible&nbsp; casi en su totalidad en peligro de colapsar por lo que , hacer una nueva planta est\u00e1 dentro del Plan H\u00eddrico Nacional, impulsado por el Gobierno federal.<\/strong><\/p>\n\n\n\n<p><strong>++++++++++++<\/strong><\/p>\n\n\n\n<p><strong>RANCHEROS&nbsp; ROBAN&nbsp; AGUA A HABITANTES&nbsp; DE LA CORDILLERA TENEK.<\/strong><\/p>\n\n\n\n<p><strong>Desde la instalaci\u00f3n de la red&nbsp; de suministro de agua a m\u00e1s de&nbsp; 15&nbsp; mil habitantes de la Cordillera Tenek, propietarios de&nbsp; ranchos por donde fue&nbsp; introducida,&nbsp; \u201chuachicolean\u201d el vital l\u00edquido para&nbsp; riego y hasta&nbsp; albercas tienen en sus propiedades, el problema&nbsp; se remonta desde&nbsp; hace&nbsp; unos 20 a\u00f1os y mas sin que las autoridades&nbsp;&nbsp; ahora del municipio ordenen una investigaci\u00f3n y castigue a los autores&nbsp; de esta situaci\u00f3n que origina falta de agua&nbsp;&nbsp; en las poblaciones&nbsp; cuyas&nbsp; familias&nbsp; hasta manifestaciones&nbsp; p\u00fablicas han realizado exigiendo atenci\u00f3n del gobierno municipal.<\/strong><\/p>\n\n\n\n<p><strong>Familias de la Cordillera&nbsp; ind\u00edgena&nbsp; Tenek&nbsp; que&nbsp; seg\u00fan censos&nbsp;&nbsp; pasados&nbsp; reportan mas de 15 mil habitantes, por en\u00e9sima ocasi\u00f3n denunciaron la falta de agua entubada&nbsp; atribuyendo a que&nbsp; extra\u00f1os que poseen&nbsp; <\/strong><strong>m<\/strong><strong>\u00e1s de 20 viveros, dos bloqueras, tortiller\u00edas y hasta un centro social &nbsp;con alberca est\u00e1n conectados al Sistema Hidr\u00e1ulico T\u00e9nek y consumen agua de una red conocida por las propias autoridades, mientras familias ind\u00edgenas de ejidos y comunidades ubicadas en la parte alta &nbsp;padecen por la falta del vital l\u00edquido.<\/strong><\/p>\n\n\n\n<p><strong>PERSONAL DE Obras Publicas de donde depende&nbsp; el servicio de&nbsp; abasto a las familias&nbsp;&nbsp; de la cordillera ind\u00edgena, realizaron una inspecci\u00f3n y el propio director&nbsp; declara&nbsp; que una cantidad importante de agua&nbsp; es desviada por vecinos&nbsp; propietarios de ranchos en la&nbsp; parte baja, donde existen numerosas tomas causantes de la baja presi\u00f3n en las tomas domiciliarias.<\/strong><\/p>\n\n\n\n<p><strong>Durante&nbsp; los primeros a\u00f1os la red&nbsp; estuvo a cargo de la&nbsp; DAPAS&nbsp; pero de acuerdo con reglas&nbsp; de gobierno fueron transferida&nbsp; al municipio&nbsp; seg\u00fan los&nbsp; vecinos&nbsp; quejosos&nbsp; el servicio de mantenimiento y servicios&nbsp; es&nbsp; deplorable por falta de personal&nbsp; en obras p\u00fablicas y presupuesto para&nbsp; material de reposici\u00f3n de piezas afectadas.<\/strong><\/p>\n\n\n\n<p><strong>++++++++++<\/strong><strong><\/strong><\/p>\n\n\n\n<p><strong>ZACAHUIL HUASTECO<\/strong><\/p>\n\n\n\n<p><strong>Por&nbsp; Boy E. Charles.<\/strong><strong> &nbsp;<\/strong><\/p>\n\n\n\n<p><strong>OJO MUCHO OJO\u2026. Alguien se beneficia&nbsp; con el \u201crobo\u201d de miles de metros c\u00fabicos de agua no tratada&nbsp; del sistema Santa Anita, las autoridades&nbsp; en turno hacen como que atienden las quejas de las familias Tenek pero NUNCA han actuado contra los autores&nbsp; de desviar el suministro a sus propiedades o destinar el agua a otros fines que no son dom\u00e9sticos.&nbsp; La historia es larga, la red&nbsp; se instal\u00f3 gracias a la&nbsp; donaci\u00f3n de Pemex&nbsp; de la tuber\u00eda, las gestiones&nbsp;&nbsp;&nbsp; se hicieron cuando&nbsp; el entonces&nbsp; diputado federal&nbsp; entonces V distrito Chebo Ordaz &nbsp;logro&nbsp; ese&nbsp; beneficio (el de mas de impacto social despu\u00e9s de la obra gestora&nbsp; de Fructuoso L\u00f3pez C\u00e1rdenas&nbsp;&nbsp; siendo diputado federal&nbsp; logr\u00f3 que las actuales instalaciones del hospital y cl\u00ednica del IMSS&nbsp; se reanudaran y pusieran en servicio a la comunicad)&nbsp; Chebo Ordaz de origen petrolero de Ebano dejo huella de su paso por el cargo, desde entonces&nbsp; que recordemos ning\u00fan otro legislador&nbsp; que&nbsp; ha representado al&nbsp; ahora IV distrito ha&nbsp; puesto inter\u00e9s por sus representados..<\/strong><\/p>\n\n\n\n<p><strong>CAMBIOS DE PERSONAL Y FUNCIONARIOS \u201cPARA&nbsp; EFICIENTIZAR EL SERVICIO PUBLICO\u201d &nbsp;no siempre ha sido efectivo ni practico, si un funcionario con a\u00f1os en el puesto&nbsp; tiene experiencia en un cargo, a donde sea&nbsp; comisionado llega&nbsp; sin tener idea&nbsp; de su nueva funci\u00f3n\u2026entonces, \u00bfD\u00f3nde esta&nbsp; el prop\u00f3sito de mejor atenci\u00f3n al p\u00fablico?&nbsp;&nbsp; Resulta que en&nbsp; el gobierno municipal de Valles en <\/strong><strong>los pr\u00f3ximos d\u00edas, habr\u00e1 cambios y bajas que&nbsp; en esta ocasi\u00f3n informo el mun\u00edcipe.<\/strong><\/p>\n\n\n\n<p><strong>Por&nbsp; cierto&nbsp; esta&nbsp; desaparecido de&nbsp; escena de trabajo el director der servicios municipales.<\/strong><strong><\/strong><\/p>\n\n\n\n<p><strong>LA REAIDAD ES OTRA\u2026.&nbsp;&nbsp;<\/strong><\/p>\n\n\n\n<p><strong>Hace unas semanas, la tesorera declar\u00f3 &nbsp;que habr\u00eda ajustes, debido a que tendr\u00edan que optimizar recursos, &nbsp;debido a que las participaciones federales &nbsp;y estatal mermaron sin decir en que porcentaje.<\/strong><\/p>\n\n\n\n<p><strong>++++++++++++++<\/strong><\/p>\n\n\n\n<p><strong>INEGI&nbsp; \u201cRASURA POBLACION\u201d&nbsp; A VALLES.-<\/strong><\/p>\n\n\n\n<p><strong>Alla por el a\u00f1o 1958&nbsp; del lado derecho de la carretera 85&nbsp; en el derecho de v\u00eda&nbsp; estuvieron por a\u00f1os&nbsp; letreros&nbsp; que dec\u00edan&nbsp; 50 mil habitantes, entre&nbsp; el decenio 60\/70 nuestro \u201crancho\u201d&nbsp; como los \u201ccurros\u201d se refer\u00edan a los que viajaban a la capital potosina &nbsp;a estudiantes universitarios y residentes pudientes$ inicio el despegue y la migraci\u00f3n de&nbsp; otros estados y regiones&nbsp; por el auge ca\u00f1ero\/azucarero, aparecieron colonias por los diferentes&nbsp; rumbos&nbsp; de la ahora&nbsp; URBE HUASTECA &nbsp;hasta la actualidad que para cruzar la ciudad son mas de 12&nbsp; kil\u00f3metros de di\u00e1metro.<\/strong><\/p>\n\n\n\n<p><strong>La breve historia es&nbsp; para sustentar&nbsp; nuestra opini\u00f3n de c\u00f3mo es&nbsp; posible que&nbsp; a&nbsp; 65 a\u00f1os de distancia&nbsp; el INEGI&nbsp; apenas reporta&nbsp; 188 mil habitantes en todo el municipio.<\/strong><\/p>\n\n\n\n<p><strong>CARROCERIAS&nbsp; BUSTOS<\/strong><strong><\/strong><\/p>\n\n\n\n<h2 class=\"wp-block-heading\">Reforma y Lerdo de tejada Col. Altavista. Cd Valles SLP&nbsp; Tel. 3824777.En carrocer\u00edas para camiones y camionetas nadie nos compite.<\/h2>\n\n\n\n<p><strong>+++++<\/strong><\/p>\n\n\n\n<p><strong>VAYA NEGOCITO FALLAS DE BOMBAS&nbsp; DE SANTA ANITA.<\/strong><\/p>\n\n\n\n<p><strong>Cuando no son los ductos&nbsp; principales&nbsp; de&nbsp; bombeo de Santa Anita&nbsp; a&nbsp; la cordillera ind\u00edgena&nbsp; Tenek, es&nbsp; el equipo de bombeo al grado que&nbsp; los&nbsp; habitantes en plena&nbsp; \u00e9poca de estiaje &nbsp;han padecido la falta&nbsp; de&nbsp; agua, siendo abastecidos en pipas de&nbsp; manera&nbsp; deficiente, de&nbsp; acuerdo con noticias&nbsp; divulgadas&nbsp; al respecto, para&nbsp; curiosos y mal pensados tienen sospechas&nbsp; que solamente \u201cdan manita de gato\u201d al equipo el\u00e9ctrico, de esta manera las fallas son recurrentes y&nbsp; \u2026\u2026.<\/strong><\/p>\n\n\n\n<p><strong>Por en\u00e9sima ocasi\u00f3n, Obras P\u00fablicas restablece bombas en Santa Anita para que haya agua en parte de la cordillera t\u00e9nek. En algunos lugares el abasto es m\u00ednimo.<\/strong><\/p>\n\n\n\n<p><strong>Despu\u00e9s de m\u00e1s de un mes sin poder tener agua dos d\u00edas seguidos en la zona t\u00e9nek, por diversos motivos, al pasado s\u00e1bado fue anunciado el arreglo de parte del sistema de bombeo instalado en&nbsp; el nacimiento de agua&nbsp; Santa Anita, de&nbsp; donde se abastece a la zona t\u00e9nek.<\/strong><\/p>\n\n\n\n<p><strong>Durante las \u00faltimas semanas, las causas de la falta de agua eran el huachicoleo de empresas bloqueras y de recreaci\u00f3n tur\u00edstica a las que no se les ha impuesto ninguna sanci\u00f3n y las fallas en el sistema ya descrito.<\/strong><\/p>\n\n\n\n<p><strong>Se recordara&nbsp; que a principios de a\u00f1o se anuncio por parte del municipio la adquisici\u00f3n e equipo de bombeo nuevo para&nbsp; evitar los problemas dde fallas&nbsp; en el bombeo, sin embargo de nueva cuenta&nbsp; surgen las fallas&nbsp; y falta de bombeo&nbsp; as\u00ed lo denuncian los&nbsp; quejosos&nbsp; de la zona Tenek.<\/strong><\/p>\n\n\n\n<p><strong>++++++++++<\/strong><\/p>\n\n\n\n<p><strong>POR&nbsp; INACCION DE GOBIERNO MUNICIPAL&nbsp; LA PROLIFERACION DE BASUREROS CLANDESTINOS.<\/strong><\/p>\n\n\n\n<p><strong>Ah&nbsp; llegaron dos&nbsp; de tres&nbsp; camiones&nbsp; nuevos para&nbsp; recolecci\u00f3n de basura.<\/strong><\/p>\n\n\n\n<p><strong>Asi&nbsp; deb\u00edamos actuar&nbsp; todos los ciudadanos Vallenses ante la omisi\u00f3n, ineptitud, irresponsabilidad&nbsp; etc etc&nbsp; de las autoridades&nbsp; en los tres niveles de gobierno,&nbsp; en especial nos referimos&nbsp; a la METROPOLI HUASTECA&nbsp; donde el problema de recolecci\u00f3n de basura&nbsp; &nbsp;en los cinco a\u00f1os de gobierno del actual mun\u00edcipe&nbsp; no hab\u00eda puesto atenci\u00f3n, hubo necesidad que un ciudadano recurriera a un amparo de la&nbsp; Justicia federal&nbsp; para poner atenci\u00f3n a ese rubro&nbsp; y luego como por arte de magia&nbsp;&nbsp; primero llego un cami\u00f3n&nbsp; equipado y a dos d\u00edas de notificado el amparo llego el segundo.<\/strong><\/p>\n\n\n\n<p><strong>Y en efecto el Abogado y analista pol\u00edtico, Jes\u00fas Sierra Acu\u00f1a promovi\u00f3 un amparo contra la inacci\u00f3n del Ayuntamiento de limpiar los basureros clandestinos que por omisi\u00f3n e ineptitud de las autoridades&nbsp; municipales&nbsp; proliferan por la carretera estatal del circuito Tenek por el rumbo del Cementerio Los Abuelos.<\/strong><\/p>\n\n\n\n<p><strong>Seg\u00fan consta en el incidente de suspensi\u00f3n 545\/2026,del Juzgado Quinto de Distrito en el nivel federal, Sierra Acu\u00f1a obtuvo la suspensi\u00f3n provisional sobre el acto del Gobierno municipal, que en este caso ser\u00eda no ejecutar ninguna actividad para evitar que se formen basureros en ambos lados de la carretera estatal.<\/strong><\/p>\n\n\n\n<p><strong>&nbsp;Por su parte las autoridades&nbsp; del municipio ordenaron limpieza&nbsp; del sector afectado, ahora falta implementar vigilancia para que&nbsp; no se siga arrojando basura y otros objetos en el mismo sitio ante la falta de vigilancia.<\/strong><\/p>\n\n\n\n<p><strong>++++++++++++++<\/strong><strong><\/strong><\/p>\n\n\n\n<p><strong>CAF\u00c9 Y RESTAURANT&nbsp; <\/strong><strong><\/strong><\/p>\n\n\n\n<p><strong>EL FAROLITO<\/strong><strong><\/strong><\/p>\n\n\n\n<p><strong>Lo mejor de la cocina Huasteca;<\/strong><\/p>\n\n\n\n<p><strong>el tradicional zacahuil y cazueladas .Atendemos toda clase de&nbsp; festejos. Pedidos al Tel&nbsp; 3821017 Ciudad Valles<\/strong><\/p>\n\n\n\n<p><strong>LLAMENOS&nbsp;&nbsp; 481106 5098<\/strong><\/p>\n\n\n\n<p><strong>CREDITO INMEDIATO<\/strong><\/p>\n\n\n\n<p><strong>++++++<\/strong><\/p>\n\n\n\n<h2 class=\"wp-block-heading\">&nbsp;<\/h2>\n\n\n\n<p>&#8212;<\/p>\n","protected":false},"excerpt":{"rendered":"<p>MAS PARTIDOS&nbsp; CON CARGO AL CONTRIBUYENTE POTOSINO. CEEPAC aprueba la inscripci\u00f3n de los partidos pol\u00edticos nacionales PAZ y Somos M\u00e9xico en San Luis Potos\u00ed. \u2022 Ambas fuerzas pol\u00edticas acceder\u00e1n a las prerrogativas que les corresponden a partir de septiembre de 2026. El Consejo General del &hellip; <\/p>\n","protected":false},"author":1,"featured_media":116191,"comment_status":"open","ping_status":"open","sticky":false,"template":"","format":"standard","meta":{"footnotes":""},"categories":[17],"tags":[],"class_list":["post-116190","post","type-post","status-publish","format-standard","has-post-thumbnail","hentry","category-colaboraciones"],"_links":{"self":[{"href":"https:\/\/amanecerhuasteco.com\/portal\/wp-json\/wp\/v2\/posts\/116190","targetHints":{"allow":["GET"]}}],"collection":[{"href":"https:\/\/amanecerhuasteco.com\/portal\/wp-json\/wp\/v2\/posts"}],"about":[{"href":"https:\/\/amanecerhuasteco.com\/portal\/wp-json\/wp\/v2\/types\/post"}],"author":[{"embeddable":true,"href":"https:\/\/amanecerhuasteco.com\/portal\/wp-json\/wp\/v2\/users\/1"}],"replies":[{"embeddable":true,"href":"https:\/\/amanecerhuasteco.com\/portal\/wp-json\/wp\/v2\/comments?post=116190"}],"version-history":[{"count":1,"href":"https:\/\/amanecerhuasteco.com\/portal\/wp-json\/wp\/v2\/posts\/116190\/revisions"}],"predecessor-version":[{"id":116192,"href":"https:\/\/amanecerhuasteco.com\/portal\/wp-json\/wp\/v2\/posts\/116190\/revisions\/116192"}],"wp:featuredmedia":[{"embeddable":true,"href":"https:\/\/amanecerhuasteco.com\/portal\/wp-json\/wp\/v2\/media\/116191"}],"wp:attachment":[{"href":"https:\/\/amanecerhuasteco.com\/portal\/wp-json\/wp\/v2\/media?parent=116190"}],"wp:term":[{"taxonomy":"category","embeddable":true,"href":"https:\/\/amanecerhuasteco.com\/portal\/wp-json\/wp\/v2\/categories?post=116190"},{"taxonomy":"post_tag","embeddable":true,"href":"https:\/\/amanecerhuasteco.com\/portal\/wp-json\/wp\/v2\/tags?post=116190"}],"curies":[{"name":"wp","href":"https:\/\/api.w.org\/{rel}","templated":true}]}}