{"id":116193,"date":"2026-09-01T09:17:34","date_gmt":"2026-09-01T15:17:34","guid":{"rendered":"https:\/\/amanecerhuasteco.com\/portal\/?p=116193"},"modified":"2026-09-01T09:17:35","modified_gmt":"2026-09-01T15:17:35","slug":"alcalde-de-santa-catarina-inicia-obra-de-pavimentacion-en-la-comunidad-de-frijolares","status":"publish","type":"post","link":"https:\/\/amanecerhuasteco.com\/portal\/alcalde-de-santa-catarina-inicia-obra-de-pavimentacion-en-la-comunidad-de-frijolares\/","title":{"rendered":"Alcalde de Santa Catarina inicia obra de pavimentaci\u00f3n en la comunidad de Frijolares"},"content":{"rendered":"\n<p>\ud83d\udea7 En la comunidad de Frijolares, el presidente municipal Juan Carlos Ramos dio arranque a los trabajos de pavimentaci\u00f3n con concreto hidr\u00e1ulico en una de las calles de esta localidad.<\/p>\n\n\n\n<p>La obra contempla 936 metros cuadrados de pavimento, que permitir\u00e1n mejorar las condiciones de acceso y movilidad para las familias de la comunidad. \ud83d\udee3\ufe0f\ud83e\udd1d<\/p>\n\n\n\n<p>Con obras que atienden las necesidades de nuestras localidades, seguimos avanzando para construir un Santa Catarina con mejores caminos y mejores condiciones para sus habitantes.<\/p>\n\n\n\n<h1 class=\"wp-block-heading\">SantaCatarina #ConAmorYEsperanza<\/h1>\n","protected":false},"excerpt":{"rendered":"<p>\ud83d\udea7 En la comunidad de Frijolares, el presidente municipal Juan Carlos Ramos dio arranque a los trabajos de pavimentaci\u00f3n con concreto hidr\u00e1ulico en una de las calles de esta localidad. La obra contempla 936 metros cuadrados de pavimento, que permitir\u00e1n mejorar las condiciones de acceso &hellip; <\/p>\n","protected":false},"author":1,"featured_media":116194,"comment_status":"open","ping_status":"open","sticky":false,"template":"","format":"standard","meta":{"footnotes":""},"categories":[13,15,4,10,12,59],"tags":[],"class_list":["post-116193","post","type-post","status-publish","format-standard","has-post-thumbnail","hentry","category-agropecuaria","category-ganaderos","category-inicio","category-municipios","category-nacional","category-santa-catarina"],"_links":{"self":[{"href":"https:\/\/amanecerhuasteco.com\/portal\/wp-json\/wp\/v2\/posts\/116193","targetHints":{"allow":["GET"]}}],"collection":[{"href":"https:\/\/amanecerhuasteco.com\/portal\/wp-json\/wp\/v2\/posts"}],"about":[{"href":"https:\/\/amanecerhuasteco.com\/portal\/wp-json\/wp\/v2\/types\/post"}],"author":[{"embeddable":true,"href":"https:\/\/amanecerhuasteco.com\/portal\/wp-json\/wp\/v2\/users\/1"}],"replies":[{"embeddable":true,"href":"https:\/\/amanecerhuasteco.com\/portal\/wp-json\/wp\/v2\/comments?post=116193"}],"version-history":[{"count":1,"href":"https:\/\/amanecerhuasteco.com\/portal\/wp-json\/wp\/v2\/posts\/116193\/revisions"}],"predecessor-version":[{"id":116195,"href":"https:\/\/amanecerhuasteco.com\/portal\/wp-json\/wp\/v2\/posts\/116193\/revisions\/116195"}],"wp:featuredmedia":[{"embeddable":true,"href":"https:\/\/amanecerhuasteco.com\/portal\/wp-json\/wp\/v2\/media\/116194"}],"wp:attachment":[{"href":"https:\/\/amanecerhuasteco.com\/portal\/wp-json\/wp\/v2\/media?parent=116193"}],"wp:term":[{"taxonomy":"category","embeddable":true,"href":"https:\/\/amanecerhuasteco.com\/portal\/wp-json\/wp\/v2\/categories?post=116193"},{"taxonomy":"post_tag","embeddable":true,"href":"https:\/\/amanecerhuasteco.com\/portal\/wp-json\/wp\/v2\/tags?post=116193"}],"curies":[{"name":"wp","href":"https:\/\/api.w.org\/{rel}","templated":true}]}}