{"id":116228,"date":"2026-09-02T08:22:53","date_gmt":"2026-09-02T14:22:53","guid":{"rendered":"https:\/\/amanecerhuasteco.com\/portal\/?p=116228"},"modified":"2026-09-02T08:22:55","modified_gmt":"2026-09-02T14:22:55","slug":"transpotosi-summit-2026-abrira-nuevas-oportunidades-para-el-sector-logistico","status":"publish","type":"post","link":"https:\/\/amanecerhuasteco.com\/portal\/transpotosi-summit-2026-abrira-nuevas-oportunidades-para-el-sector-logistico\/","title":{"rendered":"Transpotos\u00ed summit 2026 abrir\u00e1 nuevas oportunidades para el sector log\u00edstico"},"content":{"rendered":"\n<p><\/p>\n\n\n\n<ul class=\"wp-block-list\">\n<li><strong>La segunda edici\u00f3n se realizar\u00e1 el 4 y 5 de noviembre con exhibici\u00f3n de unidades, conferencias, paneles y encuentros empresariales.<\/strong><\/li>\n<\/ul>\n\n\n\n<p>San Luis Potos\u00ed ser\u00e1 sede de la segunda edici\u00f3n de Transpotos\u00ed Summit 2026, los d\u00edas 4 y 5 de noviembre en el Centro de Negocios Potos\u00ed (CNP), con la participaci\u00f3n de empresas y especialistas vinculados con el transporte, la log\u00edstica y la movilidad.<\/p>\n\n\n\n<p>Como parte de la pol\u00edtica de desarrollo econ\u00f3mico del Gobernador Ricardo Gallardo Cardona, el encuentro contar\u00e1 con la participaci\u00f3n y respaldo de distintas dependencias estatales para generar espacios de vinculaci\u00f3n empresarial.<\/p>\n\n\n\n<p>La titular del CNP, Yathziryy Arah\u00ed Vitales Medina, destac\u00f3 que el evento permitir\u00e1 a las empresas analizar tendencias y proyectar estrategias hacia 2027, adem\u00e1s de posicionar a San Luis Potos\u00ed como punto de encuentro para nuevos proyectos del sector.<\/p>\n\n\n\n<p>Transpotos\u00ed Summit 2026 contar\u00e1 con exhibici\u00f3n de unidades, conferencias, paneles especializados y espacios de negocios. El registro gratuito estar\u00e1 disponible por tiempo limitado a trav\u00e9s del sitio oficial del evento.<\/p>\n","protected":false},"excerpt":{"rendered":"<p>San Luis Potos\u00ed ser\u00e1 sede de la segunda edici\u00f3n de Transpotos\u00ed Summit 2026, los d\u00edas 4 y 5 de noviembre en el Centro de Negocios Potos\u00ed (CNP), con la participaci\u00f3n de empresas y especialistas vinculados con el transporte, la log\u00edstica y la movilidad. Como parte &hellip; <\/p>\n","protected":false},"author":1,"featured_media":116229,"comment_status":"open","ping_status":"open","sticky":false,"template":"","format":"standard","meta":{"footnotes":""},"categories":[13,92,25,14,28,7,11,15,4,73,44,26,30,31,59,42,21,53],"tags":[],"class_list":["post-116228","post","type-post","status-publish","format-standard","has-post-thumbnail","hentry","category-agropecuaria","category-ahualulco","category-aquismon","category-caneros","category-cnc","category-ciudad","category-estado","category-ganaderos","category-inicio","category-lagunillas","category-matehuala","category-matlapa","category-rioverde","category-sanluispotosi","category-santa-catarina","category-soledad","category-tamasopo","category-tamazunchale"],"_links":{"self":[{"href":"https:\/\/amanecerhuasteco.com\/portal\/wp-json\/wp\/v2\/posts\/116228","targetHints":{"allow":["GET"]}}],"collection":[{"href":"https:\/\/amanecerhuasteco.com\/portal\/wp-json\/wp\/v2\/posts"}],"about":[{"href":"https:\/\/amanecerhuasteco.com\/portal\/wp-json\/wp\/v2\/types\/post"}],"author":[{"embeddable":true,"href":"https:\/\/amanecerhuasteco.com\/portal\/wp-json\/wp\/v2\/users\/1"}],"replies":[{"embeddable":true,"href":"https:\/\/amanecerhuasteco.com\/portal\/wp-json\/wp\/v2\/comments?post=116228"}],"version-history":[{"count":1,"href":"https:\/\/amanecerhuasteco.com\/portal\/wp-json\/wp\/v2\/posts\/116228\/revisions"}],"predecessor-version":[{"id":116230,"href":"https:\/\/amanecerhuasteco.com\/portal\/wp-json\/wp\/v2\/posts\/116228\/revisions\/116230"}],"wp:featuredmedia":[{"embeddable":true,"href":"https:\/\/amanecerhuasteco.com\/portal\/wp-json\/wp\/v2\/media\/116229"}],"wp:attachment":[{"href":"https:\/\/amanecerhuasteco.com\/portal\/wp-json\/wp\/v2\/media?parent=116228"}],"wp:term":[{"taxonomy":"category","embeddable":true,"href":"https:\/\/amanecerhuasteco.com\/portal\/wp-json\/wp\/v2\/categories?post=116228"},{"taxonomy":"post_tag","embeddable":true,"href":"https:\/\/amanecerhuasteco.com\/portal\/wp-json\/wp\/v2\/tags?post=116228"}],"curies":[{"name":"wp","href":"https:\/\/api.w.org\/{rel}","templated":true}]}}