{"id":116250,"date":"2026-09-04T06:35:22","date_gmt":"2026-09-04T12:35:22","guid":{"rendered":"https:\/\/amanecerhuasteco.com\/portal\/?p=116250"},"modified":"2026-09-04T06:35:25","modified_gmt":"2026-09-04T12:35:25","slug":"slp-recibira-a-claudia-sheinbaum-con-buenas-cuentas-y-resultados","status":"publish","type":"post","link":"https:\/\/amanecerhuasteco.com\/portal\/slp-recibira-a-claudia-sheinbaum-con-buenas-cuentas-y-resultados\/","title":{"rendered":"SLP recibir\u00e1 a Claudia Sheinbaum con buenas cuentas y resultados"},"content":{"rendered":"\n<p><\/p>\n\n\n\n<ul class=\"wp-block-list\">\n<li>La Presidenta de M\u00e9xico estar\u00e1 este viernes a las 13:30 horas en la Arena Potos\u00ed, uno de los recintos m\u00e1s emblem\u00e1ticos construidos durante el Gobierno de Ricardo Gallardo Cardona.<\/li>\n<\/ul>\n\n\n\n<p>San Luis Potos\u00ed recibir\u00e1 este viernes 4 de septiembre a la Presidenta de M\u00e9xico, Claudia Sheinbaum Pardo, quien estar\u00e1 a las 13:30 horas en la Arena Potos\u00ed, uno de los recintos m\u00e1s emblem\u00e1ticos del Gobierno de Ricardo Gallardo Cardona y una obra que quedar\u00e1 para la historia, concebida para el gozo y disfrute pleno de grandes espect\u00e1culos, eventos y actividades al alcance de todas las familias potosinas.<\/p>\n\n\n\n<p>La visita forma parte de la gira nacional que realiza la Presidenta Claudia Sheinbaum para presentar puntualmente su Segundo Informe de Gobierno y rendir cuentas directamente a las y los mexicanos sobre el trabajo y los resultados alcanzados durante sus primeros dos a\u00f1os de administraci\u00f3n, dando a conocer los avances obtenidos en materia de bienestar, infraestructura, educaci\u00f3n, salud, seguridad y desarrollo del pa\u00eds.<\/p>\n\n\n\n<p>En v\u00edspera de la visita presidencial, el Gobernador Ricardo Gallardo Cardona destac\u00f3 que San Luis Potos\u00ed recibir\u00e1 a Claudia Sheinbaum con buenas cuentas, resultados concretos y una coordinaci\u00f3n institucional sin precedentes, que ha permitido concretar programas, obras y proyectos estrat\u00e9gicos en beneficio de las familias de las cuatro regiones. \u201cSan Luis Potos\u00ed tiene mucho que informar y buenos resultados que mostrar, porque cuando Federaci\u00f3n y Estado trabajan juntos, quienes ganan son las familias\u201d, afirm\u00f3.<\/p>\n\n\n\n<p>Esta coordinaci\u00f3n se refleja en la amplia cobertura de los Programas para el Bienestar, que llegan a cientos de miles de potosinas y potosinos, as\u00ed como en proyectos educativos como la Universidad Nacional Rosario Castellanos en Soledad de Graciano S\u00e1nchez; en infraestructura hospitalaria como la modernizaci\u00f3n del Hospital General de Rioverde y en nuevas acciones de vivienda, agua e infraestructura que atienden necesidades hist\u00f3ricas del Estado.<\/p>\n\n\n\n<p>En materia de seguridad, Ricardo Gallardo resalt\u00f3 el trabajo permanente con el Gobierno Federal, el Ej\u00e9rcito Mexicano y la Guardia Nacional, mediante operativos conjuntos, intercambio de informaci\u00f3n y una estrategia compartida para mantener la reducci\u00f3n de los delitos y generar mayor tranquilidad en las cuatro regiones. Esta misma coordinaci\u00f3n permiti\u00f3 responder de manera inmediata a las inundaciones registradas en la Huasteca potosina en octubre de 2025, con personal, maquinaria, v\u00edveres, atenci\u00f3n m\u00e9dica y apoyos para las familias damnificadas.<\/p>\n","protected":false},"excerpt":{"rendered":"<p>San Luis Potos\u00ed recibir\u00e1 este viernes 4 de septiembre a la Presidenta de M\u00e9xico, Claudia Sheinbaum Pardo, quien estar\u00e1 a las 13:30 horas en la Arena Potos\u00ed, uno de los recintos m\u00e1s emblem\u00e1ticos del Gobierno de Ricardo Gallardo Cardona y una obra que quedar\u00e1 para &hellip; <\/p>\n","protected":false},"author":1,"featured_media":116251,"comment_status":"open","ping_status":"open","sticky":false,"template":"","format":"standard","meta":{"footnotes":""},"categories":[13,92,91,25,89,82,14,28,29,7,78,62,22,11,4,73,44,26,74,10,12,60,30,31,59,42,21,53,88,69,85,20,58,57,43,32],"tags":[],"class_list":["post-116250","post","type-post","status-publish","format-standard","has-post-thumbnail","hentry","category-agropecuaria","category-ahualulco","category-alaquines","category-aquismon","category-armadillo","category-axtla","category-caneros","category-cnc","category-cnpr","category-ciudad","category-ciudad-del-maiz","category-ciudad-fernandez","category-ebano","category-estado","category-inicio","category-lagunillas","category-matehuala","category-matlapa","category-mexquitic","category-municipios","category-nacional","category-rayon","category-rioverde","category-sanluispotosi","category-santa-catarina","category-soledad","category-tamasopo","category-tamazunchale","category-tamazunchale-2","category-tampacan","category-tampamolon","category-tamuin","category-tancanhuitz","category-tanlajas","category-villa-de-reyes","category-xilitla"],"_links":{"self":[{"href":"https:\/\/amanecerhuasteco.com\/portal\/wp-json\/wp\/v2\/posts\/116250","targetHints":{"allow":["GET"]}}],"collection":[{"href":"https:\/\/amanecerhuasteco.com\/portal\/wp-json\/wp\/v2\/posts"}],"about":[{"href":"https:\/\/amanecerhuasteco.com\/portal\/wp-json\/wp\/v2\/types\/post"}],"author":[{"embeddable":true,"href":"https:\/\/amanecerhuasteco.com\/portal\/wp-json\/wp\/v2\/users\/1"}],"replies":[{"embeddable":true,"href":"https:\/\/amanecerhuasteco.com\/portal\/wp-json\/wp\/v2\/comments?post=116250"}],"version-history":[{"count":1,"href":"https:\/\/amanecerhuasteco.com\/portal\/wp-json\/wp\/v2\/posts\/116250\/revisions"}],"predecessor-version":[{"id":116252,"href":"https:\/\/amanecerhuasteco.com\/portal\/wp-json\/wp\/v2\/posts\/116250\/revisions\/116252"}],"wp:featuredmedia":[{"embeddable":true,"href":"https:\/\/amanecerhuasteco.com\/portal\/wp-json\/wp\/v2\/media\/116251"}],"wp:attachment":[{"href":"https:\/\/amanecerhuasteco.com\/portal\/wp-json\/wp\/v2\/media?parent=116250"}],"wp:term":[{"taxonomy":"category","embeddable":true,"href":"https:\/\/amanecerhuasteco.com\/portal\/wp-json\/wp\/v2\/categories?post=116250"},{"taxonomy":"post_tag","embeddable":true,"href":"https:\/\/amanecerhuasteco.com\/portal\/wp-json\/wp\/v2\/tags?post=116250"}],"curies":[{"name":"wp","href":"https:\/\/api.w.org\/{rel}","templated":true}]}}