{"id":116253,"date":"2026-09-04T06:37:39","date_gmt":"2026-09-04T12:37:39","guid":{"rendered":"https:\/\/amanecerhuasteco.com\/portal\/?p=116253"},"modified":"2026-09-04T06:37:42","modified_gmt":"2026-09-04T12:37:42","slug":"planteles-y-centros-emsad-de-las-cuatro-regiones-desarrollan-sus-actividades-academicas-de-manera-regular-durante-el-semestre-2026-b","status":"publish","type":"post","link":"https:\/\/amanecerhuasteco.com\/portal\/planteles-y-centros-emsad-de-las-cuatro-regiones-desarrollan-sus-actividades-academicas-de-manera-regular-durante-el-semestre-2026-b\/","title":{"rendered":"Planteles y Centros EMSaD de las cuatro regiones desarrollan sus actividades acad\u00e9micas de manera regular durante el semestre 2026-B."},"content":{"rendered":"\n<p>M\u00c1S DE 30 MIL ESTUDIANTES CURSAN CON NORMALIDAD EL SEMESTRE EN COBACH<\/p>\n\n\n\n<ul class=\"wp-block-list\">\n<li><\/li>\n<\/ul>\n\n\n\n<p>M\u00e1s de 30 mil estudiantes del Colegio de Bachilleres (Cobach) desarrollan con normalidad sus actividades correspondientes al semestre 2026-B en planteles y Centros de Educaci\u00f3n Media Superior a Distancia (EMSaD) de las cuatro regiones.<\/p>\n\n\n\n<p>Docentes, directivos y personal administrativo participan en las actividades escolares para mantener condiciones adecuadas de aprendizaje y acompa\u00f1ar la formaci\u00f3n integral de las y los j\u00f3venes.<\/p>\n\n\n\n<p>Por instrucci\u00f3n del Gobernador Ricardo Gallardo Cardona, el Gobierno Estatal mantiene acciones orientadas a ampliar las oportunidades educativas y generar mejores condiciones para la permanencia de las juventudes en las aulas.<\/p>\n\n\n\n<p>El director general del Cobach, Ricardo Centeno Trejo, convoc\u00f3 al alumnado a continuar este periodo acad\u00e9mico con responsabilidad, dedicaci\u00f3n y entusiasmo para avanzar en el cumplimiento de sus metas.<\/p>\n","protected":false},"excerpt":{"rendered":"<p>M\u00c1S DE 30 MIL ESTUDIANTES CURSAN CON NORMALIDAD EL SEMESTRE EN COBACH M\u00e1s de 30 mil estudiantes del Colegio de Bachilleres (Cobach) desarrollan con normalidad sus actividades correspondientes al semestre 2026-B en planteles y Centros de Educaci\u00f3n Media Superior a Distancia (EMSaD) de las cuatro &hellip; <\/p>\n","protected":false},"author":1,"featured_media":116254,"comment_status":"open","ping_status":"open","sticky":false,"template":"","format":"standard","meta":{"footnotes":""},"categories":[13,92,25,14,28,29,7,11,15,4,44,60,30,31,59,42,21],"tags":[],"class_list":["post-116253","post","type-post","status-publish","format-standard","has-post-thumbnail","hentry","category-agropecuaria","category-ahualulco","category-aquismon","category-caneros","category-cnc","category-cnpr","category-ciudad","category-estado","category-ganaderos","category-inicio","category-matehuala","category-rayon","category-rioverde","category-sanluispotosi","category-santa-catarina","category-soledad","category-tamasopo"],"_links":{"self":[{"href":"https:\/\/amanecerhuasteco.com\/portal\/wp-json\/wp\/v2\/posts\/116253","targetHints":{"allow":["GET"]}}],"collection":[{"href":"https:\/\/amanecerhuasteco.com\/portal\/wp-json\/wp\/v2\/posts"}],"about":[{"href":"https:\/\/amanecerhuasteco.com\/portal\/wp-json\/wp\/v2\/types\/post"}],"author":[{"embeddable":true,"href":"https:\/\/amanecerhuasteco.com\/portal\/wp-json\/wp\/v2\/users\/1"}],"replies":[{"embeddable":true,"href":"https:\/\/amanecerhuasteco.com\/portal\/wp-json\/wp\/v2\/comments?post=116253"}],"version-history":[{"count":1,"href":"https:\/\/amanecerhuasteco.com\/portal\/wp-json\/wp\/v2\/posts\/116253\/revisions"}],"predecessor-version":[{"id":116255,"href":"https:\/\/amanecerhuasteco.com\/portal\/wp-json\/wp\/v2\/posts\/116253\/revisions\/116255"}],"wp:featuredmedia":[{"embeddable":true,"href":"https:\/\/amanecerhuasteco.com\/portal\/wp-json\/wp\/v2\/media\/116254"}],"wp:attachment":[{"href":"https:\/\/amanecerhuasteco.com\/portal\/wp-json\/wp\/v2\/media?parent=116253"}],"wp:term":[{"taxonomy":"category","embeddable":true,"href":"https:\/\/amanecerhuasteco.com\/portal\/wp-json\/wp\/v2\/categories?post=116253"},{"taxonomy":"post_tag","embeddable":true,"href":"https:\/\/amanecerhuasteco.com\/portal\/wp-json\/wp\/v2\/tags?post=116253"}],"curies":[{"name":"wp","href":"https:\/\/api.w.org\/{rel}","templated":true}]}}