{"id":116256,"date":"2026-09-04T06:39:51","date_gmt":"2026-09-04T12:39:51","guid":{"rendered":"https:\/\/amanecerhuasteco.com\/portal\/?p=116256"},"modified":"2026-09-04T06:39:53","modified_gmt":"2026-09-04T12:39:53","slug":"la-cefim-prepara-cursos-sobre-informe-policial-homologado-inteligencia-artificial-y-prevencion-de-contingencias-para-personal-municipal","status":"publish","type":"post","link":"https:\/\/amanecerhuasteco.com\/portal\/la-cefim-prepara-cursos-sobre-informe-policial-homologado-inteligencia-artificial-y-prevencion-de-contingencias-para-personal-municipal\/","title":{"rendered":"La Cefim prepara cursos sobre Informe Policial Homologado, inteligencia artificial y prevenci\u00f3n de contingencias para personal municipal."},"content":{"rendered":"\n<p>CAPACITACI\u00d3N GRATUITA LLEGAR\u00c1 A MUNICIPIOS DE LAS REGIONES MEDIA Y HUASTECA<\/p>\n\n\n\n<ul class=\"wp-block-list\">\n<li><\/li>\n<\/ul>\n\n\n\n<p>La Coordinaci\u00f3n Estatal para el Fortalecimiento Institucional de los Municipios (Cefim) prepara nuevas jornadas de capacitaci\u00f3n gratuita dirigidas a servidores p\u00fablicos de las regiones Media y Huasteca.<\/p>\n\n\n\n<p>Por instrucci\u00f3n del Gobernador Ricardo Gallardo Cardona, se impartir\u00e1 capacitaci\u00f3n sobre Informe Policial Homologado (IPH), con el objetivo de homologar criterios y mejorar el registro de informaci\u00f3n, inform\u00f3 el titular de la Cefim, Christian Joaqu\u00edn S\u00e1nchez S\u00e1nchez.<\/p>\n\n\n\n<p>La estrategia tambi\u00e9n contempla retomar cursos sobre inteligencia artificial y desarrollar, en coordinaci\u00f3n con la Coordinaci\u00f3n Estatal de Protecci\u00f3n Civil (CEPC) y la Comisi\u00f3n Estatal para la Protecci\u00f3n contra Riesgos Sanitarios (Coepris), contenidos relacionados con prevenci\u00f3n y atenci\u00f3n de contingencias.<\/p>\n\n\n\n<p>A partir de finales de septiembre se prev\u00e9 iniciar estas actividades para que los ayuntamientos cuenten con mayores herramientas t\u00e9cnicas y mejoren la atenci\u00f3n que brindan a la ciudadan\u00eda.<\/p>\n","protected":false},"excerpt":{"rendered":"<p>CAPACITACI\u00d3N GRATUITA LLEGAR\u00c1 A MUNICIPIOS DE LAS REGIONES MEDIA Y HUASTECA La Coordinaci\u00f3n Estatal para el Fortalecimiento Institucional de los Municipios (Cefim) prepara nuevas jornadas de capacitaci\u00f3n gratuita dirigidas a servidores p\u00fablicos de las regiones Media y Huasteca. Por instrucci\u00f3n del Gobernador Ricardo Gallardo Cardona, &hellip; <\/p>\n","protected":false},"author":1,"featured_media":116257,"comment_status":"open","ping_status":"open","sticky":false,"template":"","format":"standard","meta":{"footnotes":""},"categories":[13,92,91,25,14,28,29,7,78,62,11,15,4,73,44,26,74,12,60,30,31,59,42,21,53],"tags":[],"class_list":["post-116256","post","type-post","status-publish","format-standard","has-post-thumbnail","hentry","category-agropecuaria","category-ahualulco","category-alaquines","category-aquismon","category-caneros","category-cnc","category-cnpr","category-ciudad","category-ciudad-del-maiz","category-ciudad-fernandez","category-estado","category-ganaderos","category-inicio","category-lagunillas","category-matehuala","category-matlapa","category-mexquitic","category-nacional","category-rayon","category-rioverde","category-sanluispotosi","category-santa-catarina","category-soledad","category-tamasopo","category-tamazunchale"],"_links":{"self":[{"href":"https:\/\/amanecerhuasteco.com\/portal\/wp-json\/wp\/v2\/posts\/116256","targetHints":{"allow":["GET"]}}],"collection":[{"href":"https:\/\/amanecerhuasteco.com\/portal\/wp-json\/wp\/v2\/posts"}],"about":[{"href":"https:\/\/amanecerhuasteco.com\/portal\/wp-json\/wp\/v2\/types\/post"}],"author":[{"embeddable":true,"href":"https:\/\/amanecerhuasteco.com\/portal\/wp-json\/wp\/v2\/users\/1"}],"replies":[{"embeddable":true,"href":"https:\/\/amanecerhuasteco.com\/portal\/wp-json\/wp\/v2\/comments?post=116256"}],"version-history":[{"count":1,"href":"https:\/\/amanecerhuasteco.com\/portal\/wp-json\/wp\/v2\/posts\/116256\/revisions"}],"predecessor-version":[{"id":116258,"href":"https:\/\/amanecerhuasteco.com\/portal\/wp-json\/wp\/v2\/posts\/116256\/revisions\/116258"}],"wp:featuredmedia":[{"embeddable":true,"href":"https:\/\/amanecerhuasteco.com\/portal\/wp-json\/wp\/v2\/media\/116257"}],"wp:attachment":[{"href":"https:\/\/amanecerhuasteco.com\/portal\/wp-json\/wp\/v2\/media?parent=116256"}],"wp:term":[{"taxonomy":"category","embeddable":true,"href":"https:\/\/amanecerhuasteco.com\/portal\/wp-json\/wp\/v2\/categories?post=116256"},{"taxonomy":"post_tag","embeddable":true,"href":"https:\/\/amanecerhuasteco.com\/portal\/wp-json\/wp\/v2\/tags?post=116256"}],"curies":[{"name":"wp","href":"https:\/\/api.w.org\/{rel}","templated":true}]}}