{"id":116280,"date":"2026-09-06T08:12:48","date_gmt":"2026-09-06T14:12:48","guid":{"rendered":"https:\/\/amanecerhuasteco.com\/portal\/?p=116280"},"modified":"2026-09-06T08:12:50","modified_gmt":"2026-09-06T14:12:50","slug":"gobierno-del-estado-intensifica-rehabilitacion-de-ejes-en-la-zona-industrial","status":"publish","type":"post","link":"https:\/\/amanecerhuasteco.com\/portal\/gobierno-del-estado-intensifica-rehabilitacion-de-ejes-en-la-zona-industrial\/","title":{"rendered":"Gobierno del estado intensifica rehabilitaci\u00f3n de ejes en la zona industrial"},"content":{"rendered":"\n<p><\/p>\n\n\n\n<ul class=\"wp-block-list\">\n<li><strong>La JEC concentra trabajos de mantenimiento en los Ejes 132 y 134 para mejorar la movilidad de trabajadores, transportistas y empresas.<\/strong><\/li>\n<\/ul>\n\n\n\n<p>El Gobierno del Estado, encabezado por Ricardo Gallardo Cardona, intensifica los trabajos de mantenimiento y rehabilitaci\u00f3n de vialidades en la Zona Industrial, atendiendo los puntos que registran mayor deterioro y que diariamente son utilizados por miles de trabajadores y unidades de transporte.<\/p>\n\n\n\n<p>El titular de la Junta Estatal de Caminos (JEC), Francisco Reyes Novelo, inform\u00f3 que actualmente las cuadrillas trabajan principalmente en los Ejes 132 y 134 mediante bacheo con fresado y aplicaci\u00f3n de pol\u00edmero, t\u00e9cnicas que permiten realizar reparaciones de mayor resistencia.<\/p>\n\n\n\n<p>Explic\u00f3 que el deterioro acumulado durante a\u00f1os obliga a desarrollar labores permanentes y focalizadas para recuperar primero la circulaci\u00f3n en los tramos m\u00e1s afectados y posteriormente avanzar en intervenciones de mayor profundidad.<\/p>\n\n\n\n<p>La atenci\u00f3n a la Zona Industrial responde a las solicitudes de trabajadores, empresas y transportistas, al tratarse de uno de los principales centros de actividad econ\u00f3mica, generaci\u00f3n de empleos y producci\u00f3n de San Luis Potos\u00ed.<\/p>\n","protected":false},"excerpt":{"rendered":"<p>El Gobierno del Estado, encabezado por Ricardo Gallardo Cardona, intensifica los trabajos de mantenimiento y rehabilitaci\u00f3n de vialidades en la Zona Industrial, atendiendo los puntos que registran mayor deterioro y que diariamente son utilizados por miles de trabajadores y unidades de transporte. El titular de &hellip; <\/p>\n","protected":false},"author":1,"featured_media":116281,"comment_status":"open","ping_status":"open","sticky":false,"template":"","format":"standard","meta":{"footnotes":""},"categories":[13,92,91,25,14,28,7,11,15,4,74,10,12,31,59,21],"tags":[],"class_list":["post-116280","post","type-post","status-publish","format-standard","has-post-thumbnail","hentry","category-agropecuaria","category-ahualulco","category-alaquines","category-aquismon","category-caneros","category-cnc","category-ciudad","category-estado","category-ganaderos","category-inicio","category-mexquitic","category-municipios","category-nacional","category-sanluispotosi","category-santa-catarina","category-tamasopo"],"_links":{"self":[{"href":"https:\/\/amanecerhuasteco.com\/portal\/wp-json\/wp\/v2\/posts\/116280","targetHints":{"allow":["GET"]}}],"collection":[{"href":"https:\/\/amanecerhuasteco.com\/portal\/wp-json\/wp\/v2\/posts"}],"about":[{"href":"https:\/\/amanecerhuasteco.com\/portal\/wp-json\/wp\/v2\/types\/post"}],"author":[{"embeddable":true,"href":"https:\/\/amanecerhuasteco.com\/portal\/wp-json\/wp\/v2\/users\/1"}],"replies":[{"embeddable":true,"href":"https:\/\/amanecerhuasteco.com\/portal\/wp-json\/wp\/v2\/comments?post=116280"}],"version-history":[{"count":1,"href":"https:\/\/amanecerhuasteco.com\/portal\/wp-json\/wp\/v2\/posts\/116280\/revisions"}],"predecessor-version":[{"id":116282,"href":"https:\/\/amanecerhuasteco.com\/portal\/wp-json\/wp\/v2\/posts\/116280\/revisions\/116282"}],"wp:featuredmedia":[{"embeddable":true,"href":"https:\/\/amanecerhuasteco.com\/portal\/wp-json\/wp\/v2\/media\/116281"}],"wp:attachment":[{"href":"https:\/\/amanecerhuasteco.com\/portal\/wp-json\/wp\/v2\/media?parent=116280"}],"wp:term":[{"taxonomy":"category","embeddable":true,"href":"https:\/\/amanecerhuasteco.com\/portal\/wp-json\/wp\/v2\/categories?post=116280"},{"taxonomy":"post_tag","embeddable":true,"href":"https:\/\/amanecerhuasteco.com\/portal\/wp-json\/wp\/v2\/tags?post=116280"}],"curies":[{"name":"wp","href":"https:\/\/api.w.org\/{rel}","templated":true}]}}