{"id":1273,"date":"2012-02-28T19:57:38","date_gmt":"2012-02-29T01:57:38","guid":{"rendered":"http:\/\/amanecerhuasteco.com\/portal\/2012\/02\/28\/entre-columnas-47\/"},"modified":"2012-02-28T19:57:38","modified_gmt":"2012-02-29T01:57:38","slug":"entre-columnas-47","status":"publish","type":"post","link":"https:\/\/amanecerhuasteco.com\/portal\/entre-columnas-47\/","title":{"rendered":"ENTRE COLUMNAS"},"content":{"rendered":"<p align=\"justify\"><strong>TITO RODRIGUEZ<\/strong>\u00a0 Guerrero ser\u00e1 el candidato del PRI por la diputaci\u00f3n local del XII distrito, por confirmar la tarde de este lunes\u00a0 para hacer el anuncio oficial, lo dijo\u00a0 a Amanecer Huasteco.<br \/>Por otra parte un contingente de priistas organizaban trasladarse a la capital para manifestarse a favor de otro aspirante.<\/p>\n<p align=\"justify\"><em><font color=\"#ff6600\">\u00a0\u201cBETY BOUTIQUE\u201d Privada Padre Xavier y G. Victoria zona centro. Art\u00edculos religiosos, nuestra especialidad.<\/font><\/em><\/p>\n<p align=\"justify\"><strong>\u00bfDEVOLVERA COCO EL FAVOR A JORGE? <br \/><\/strong>\u00bfTraicionar\u00e1 a Hermosillo, quien dio el lugar a diputaci\u00f3n local al sobrino de la alcaldesa?<br \/>Jorge Ter\u00e1n siendo priista apoy\u00f3 a la abanderada panista que derrot\u00f3 al candidato del PRI. Pobre pueblo de Valles, no tiene memoria.<\/p>\n<p align=\"justify\"><em><font color=\"#ff6600\">\u201cCARROCERIAS Bustos\u201d\u00a0 Reforma y Lerdo de Tejada Colonia Altavista. Tel. 3824777<\/font><\/em><\/p>\n<p align=\"justify\"><strong>RECHAZO A INCREMENTO DE PASAJE URBANO EN VALLES.<br \/><\/strong>+.- Desmiente el estado supuesta autorizaci\u00f3n.<br \/>+.-\u00a0 Maniobra de la empresa monopolista.<br \/>+.-\u00a0 Pas\u00f3 el tiempo conforme a la Ley, ya no procede.<br \/>Si el gobierno del estado respeta la voluntad del consejo del transporte de Valles, que por unanimidad desaprob\u00f3 un pretendido aumento de la tarifa urbana\u00a0 al monopolio Tapat\u00edo este a\u00f1o NO HABRA INCREMENTO. El presidente de la comisi\u00f3n del transporte en el Congreso del estado, advirti\u00f3 que no ser\u00e1 aprobada esa pretensi\u00f3n de los empresarios Jalisciences.<br \/>El temor de los mismos integrantes del consejo municipal de Valles es que el gobernador \u201cde un plumazo\u201d autorice el incremento pasando por alto esta instancia.\u00a0 <\/p>\n<p align=\"justify\"><em><font color=\"#ff6600\">\u201cCASA TOVAR\u201d La casa de las artesan\u00edas de Valles y la regi\u00f3n. Abasolo y P. D\u00edaz frente al mercado<\/font><\/em><\/p>\n<p align=\"justify\">INVITAN A NI\u00d1OS A ESTUDIAR HABITAT DE AVES.<br \/>Este s\u00e1bado es el gran evento ecol\u00f3gico infantil organizado por la direcci\u00f3n de relaciones p\u00fablicas del gobierno municipal, ecolog\u00eda y turismo, inform\u00f3 Fernando Dom\u00ednguez titular de la primera dependencia municipal.<br \/>Se trata de motivar a ni\u00f1os entre edades de\u00a0 10 y 12 a\u00f1os, con sus excepciones, a \u201camar el medio ambiente que nos rodea\u201d\u00a0 como es la fauna silvestre, en particular las aves que tienen su h\u00e1bitat en ambas m\u00e1rgenes del r\u00edo Valles, aprender\u00e1n a observarlas con binoculares para no incomodarlas, en base a esa practica disertar\u00e1n en sus aulas de ense\u00f1anza. El evento tendr\u00e1 a partir de las 10 de la ma\u00f1ana, las inscripciones en horario oficial en la direcci\u00f3n de relaciones p\u00fablicas frente a la Cruz Roja.<\/p>\n<p align=\"justify\"><em><font color=\"#ff6600\">CENTRO DE REHABILITACION FISICA.<br \/>Jorge Emmanuel Gallegos Magliano.<br \/>Atenci\u00f3n en luxaciones, fracturas, par\u00e1lisis faciales<br \/>Secuelas de embolia etc \u2026<br \/>Masajes antiestr\u00e9s, de relajaci\u00f3n, cuerpos cansados.<br \/>Calle Quinta No. 806<br \/>Frac. San Lu\u00eds Lomas Poniente<br \/>Celular 481109 2746<br \/>Cd. Valles SLP.<\/font><\/em><\/p>\n<p align=\"justify\"><strong>LA C. T. M.\u00a0 EN VALLES ES DE MEMBRETE.<br \/><\/strong>+.-\u00a0 No sirve de nada a pretensiones de pol\u00edticos.<br \/>Los pol\u00edticos que buscan cargos de elecci\u00f3n popular presumen tener \u201cel apoyo de la CTM\u201d sin embargo al decir de titulares de las secretar\u00edas entre ellos Amelia N\u00fa\u00f1ez Ortiz de la uni\u00f3n sindical de comerciantes cetemistas, afirman que\u00a0 Jos\u00e9 Pa\u00f1ola V\u00e1zquez, no es obrero del ingenio Plan de San Lu\u00eds, est\u00e1 incrustado en la Junta de conciliaci\u00f3n pero no la autenticidad de la representaci\u00f3n de los trabajadores.<br \/>Las elecciones de directivos de la Federaci\u00f3n cetemnista de la huasteca\u00a0 debieron realizar el a\u00f1o pasado a destiempo, en ese caso\u00a0 el sedicente dirigente cetemista no tiene el consenso de la base obrera, salvo de unos incondicionales.<br \/>\u00a0Con esos votos los pol\u00edticos presumen tener el apoyo del sector obrero.<\/p>\n<p align=\"justify\"><em><font color=\"#ff6600\">\u201cFINCA COLIBRI\u201d\u00a0 Tu sal\u00f3n de fiestas\u00a0 Bocanegra 16 Colonia Obrera\u00a0 Tel. 3821652<\/font><\/em><\/p>\n<p align=\"justify\"><strong>URGE ADMINISTRACION DEL CEMENTERIO PAGUEN TUMBAS.<br \/><\/strong>+.- La administraci\u00f3n municipal urgida de mas dinero para \u201chacer obras y servicios\u201d<br \/>Una recomendaci\u00f3n a los familiares de los muertitos que yacen (y hacen bien dice el refr\u00e1n popular) en el cementerio municipal de la colonia Hidalgo (con eso que ahora los est\u00e1n municipalizando para dar un mejor servicio)\u00a0 hace el administrador Jorge Ramos Hern\u00e1ndez para que luego \u201cno se anden peleando los dolientes, deben tener sus papeles en regla (que tengan pagado el sepulcro)\u00a0 y no se anden peleando a la hora de la inhumaci\u00f3n\u201d<br \/>\u201c\u2026 es muy triste andar a la hora de la hora discutiendo con la familia por el mismo espacio\u201d\u00a0\u00a0 teniendo todo en regla, derecho al hoy, no quiso decir eso? El chiste es arreglar en vida hermano y pagar al municipio donde est\u00e1n urgidos de dinero en el \u201ca\u00f1o de Hidalgo y Carranza\u201d por aquello que el Money no alcanza.<\/p>\n<p align=\"justify\"><em><font color=\"#ff6600\">\u201cRAIN FOREST\u201d<br \/>Centro social para todo tipo de eventos.\u00a0 Nosotros tenemos equipo de sonido, mobiliario, \u00e1rea infantil, campo de f\u00fatbol r\u00e1pido amplios jardines y \u00e1rea verde.-<br \/>P. Arriaga 111 A y Ju\u00e1rez\u00a0 Col. Obrera Tel.\u00a0 3816972\u00a0 .<\/font><\/em><\/p>\n<p align=\"justify\"><strong>QUIEREN RELLENO DE CALLES, DEBEN PAGAR UNA CUOTA.<br \/><\/strong>El programa de relleno de algunas calles en colonias\u00a0 de la ciudad arranc\u00f3 por el sector conocido como El Colonial, informa un portavoz de obras p\u00fablicas, conforme a un proyecto en el que los beneficiarios aportan un 20 por ciento del costo de \u201cla obra\u201d para combustibles, maquinaria y operador (no se ha aclarado si el relleno es uno que regalaron pedreras de El Abra) de esta manera habr\u00e1 acceso transitables en todo tiempo.<br \/>Comit\u00e9s de otras colonias han acudido a obras p\u00fablicas para formalizar la ejecuci\u00f3n del relleno, condicionado a que los vecinos pagar\u00e1n un promedio de 25 pesos metro lineal del frente de sus propiedades, con ese recurso se pagaran los gastos que originen los trabajos en calles rehabilitadas.<\/p>\n<p align=\"justify\"><em><font color=\"#ff6600\">REFACCIONARIA \u201cLA GOTA DORADA\u201d en conexiones, mangueras y bandas automotrices y agr\u00edcolas Solo nosotros. Glorieta Pedro A. Santos.<\/font><\/em><\/p>\n<p align=\"justify\">\u00a0<br \/><strong>D E\u00a0 V O L A D A.-<\/strong><br \/>NINGUNEAN A REGIDORES (ellos son culpables) y no son respetados ni por los funcionarios del ayuntamiento, las causas son su docilidad y proclives a sentirse inferiores a la autoridad municipal, cuando de acuerdo con la Ley, son y tienen la misma autoridad. Los quejosos que a nuestro juicio tienen dignidad y CUMPLEN\u00a0 su papel de regidores son tres, los nueve restantes son unos serviles.<br \/>CESAR GONZALEZ y CLAUDIA RODR\u00cdGUEZ\u00a0 del PRI y PVEM son los \u00fanicos regidores que han intentado cumplir con su responsabilidad, sus adversarios partidistas prefieren la docilidad que apoyar a sus compa\u00f1eros, a\u00fan de su propio partido han hecho alianza con la bancada controlada por la alcaldesa, por eso se han incurrido en irregularidades administrativas, t\u00e9cnicas y pol\u00edticas, simplemente \u201cmayoritean\u201d a favor de su \u201cjefa\u201d temen perder las canonj\u00edas, favores y mesadas.<br \/>\u00bfSE SUMARA LUIS ANGEL?\u00a0 Durante los dos primeros a\u00f1os de la actual administraci\u00f3n panista de Valles, a sabiendas que no gozaba de la estimaci\u00f3n y preferencia pol\u00edtica de la jefa de la comuna, la apoy\u00f3 en todo momento. Ahora que \u00e9l mismo acusa a la alcaldesa de aplicar la aplanadora para no obtener ni siquiera posibilidades en primera vuelta en la elecci\u00f3n interna para candidato a diputado local del XII distrito, haciendo se\u00f1alamientos sancionados por la FEPADE, ese voto interno\u00a0 cree la ciudadan\u00eda ya no ser\u00e1 para Coco en el cabildo.<br \/>CONMEMORAN SEIS MESES DE LA CA\u00cdDA DEL \u201cPUENTE NEGRO por eso ciudadanos del sector sur de la ciudad, se concentrar\u00e1n en el sitio el pr\u00f3ximo 4 de marzo a partir de las 10 de la ma\u00f1ana, portar\u00e1n leyendas alusivas sobre la mediocridad de la obra federal, el contubernio de la SCT y desinter\u00e9s del gobierno municipal en exigir una obra de calidad y soluci\u00f3n urgente del problema vial a causa de\u00a0 la ca\u00edda del carril sur\/norte. Habr\u00e1 discursos y CERO l\u00edderes.<br \/>\u201cLLEVAREMOS LAS MA\u00d1ANITAS\u00a0 al puente Negro, dice Jes\u00fas Sierra Acu\u00f1a quien junto con el consejero del CODESOL Adolfo Mu\u00f1oz, son las cabezas visibles de las anteriores manifestaciones de protesta contra la corrupci\u00f3n manifiesta al grado que hasta se hizo el corrido musical \u201cel puente roto\u201d de la verg\u00fcenza, porque si la ca\u00edda hubiera sido en la capital del estado en una semana lo hubieran reparado.<br \/>\u00bfDEVOLV ERA EL FAVOR COCO A JORGE? Entre los panistas hay in certidumbre\u00a0 ante los recientes hechos para elegir candidatos del PAN, porque apuestan que la mun\u00edcipe local devolver\u00e1 el favor\u00a0 pol\u00edtico que en su momento la llev\u00f3 a encumbrarse en Valles, en pol\u00edtica esos favores se pagan \u201cson de honor\u201d<br \/>Afirman que coco pag\u00f3 ese favor incrustando esa \u201cgente de Jorge\u201d en puestos administrativos, un pol\u00edtico bien nacido sabe pagar esos favores, otros solamente aplican esa sentencia de mediocres \u201cte conozco? no me a cuerdo\u201d <\/p>\n<p align=\"justify\"><strong>INFONAVIT ACTUA COMO USURERO GUBERNAMENTAL; Jorge Delgado.<br \/><\/strong>El dirigente del Frente de defensa de la vivienda popular Jorge Delgado L\u00f3pez encabez\u00f3 manifestaciones durante dos d\u00edas frente a las oficinas de Infonavit en esta ciudad, dijo algo que llama a la reflexi\u00f3n, el instituto ha dejado el \u201cinter\u00e9s social\u201d por los trabajadores convirti\u00e9ndose en USURERO oficial, en contubernio con la ultraderecha en M\u00e9xico ha vendido en paquete las deudas de los derechohabientes, \u00e9stos ahora son v\u00edctimas de injusticias y \u201cacoso de la ley\u201d jueces y actuarios, corporaciones polic\u00edacas y abogados sin escr\u00fapulos, han dejado y pretenden con otras familias despojarlos de sus viviendas, si llegan a un acuerdo firman documentos ap\u00f3crifos en el que se beneficia solo a los cobradores.<br \/>Que l\u00e1stima que en nuestro estado o en otras entidades\u00a0 no existen mas movimientos como el de la Defensa de la vivienda de Valles, todos en conjunto har\u00edan valer sus derechos y obligaciones contra\u00eddos solo con Infonavit, no con terceras personas o empresas.<\/p>\n<p align=\"justify\"><em><font color=\"#ff6600\">Restaurante \u201cEL FAROLITO\u201d Lo mejor de la cocina Huasteca, el tradicional zacahuil y cazueladas. Atendemos sus festejos. Pedidos al tel\u00e9fono 3821017<\/font><\/em><\/p>\n<p align=\"justify\"><strong>QUE SERA HASTA EL 2013 CUANDO DEVUELVAN EL AHORRO.<\/strong><br \/>Precisamente escuchamos comentaristas en las redes noticiosas de radio en M\u00e9xico abordar el mismo tema de la vivienda ahora que\u00a0 con fines electoreros el presidente panista\u00a0 decret\u00f3 \u201cla devoluci\u00f3n de cr\u00e9ditos\u201d\u00a0 cobrados a millones de trabajadores que nunca recibieron un beneficio del Infonavit y se han pensionado, muchos han muerto dejando miles de pesos que ahorraron por a\u00f1os para tener derecho a una vivienda.<br \/>La pregunta es \u00bfQui\u00e9n o qui\u00e9nes se van a\u00a0 agandallar esos millones de pesos. El gobierno o los\u00a0 funcionarios en turno? <br \/>El comentarista capitalino se\u00f1ala que solo un 25 por ciento recibieron viviendas que han pagado aun sin tener empleo, pero los que supuestamente resultar\u00e1n beneficiados son los que no tienen cr\u00e9ditos, el presidente anunci\u00f3 a los mexicanos que regresar\u00eda su gobierno casi VEINTE MIL MILLONES de pesos, los que supuestamente ser\u00e1n repartidos entre casi DOS MILLONES\u00a0 de ex trabajadores.<br \/><em><font color=\"#ff6600\">\u00a0<\/font><\/em><\/p>\n<p align=\"justify\"><em><font color=\"#ff6600\">TELSOL<br \/>Venta de equipo y reparaci\u00f3n y cambio de\u00a0 compa\u00f1\u00eda.<br \/>Liberaci\u00f3n y mantenimiento de celulares.<br \/>Ahora por Abasolo a sus \u00f3rdenes. (frente al Juzgado de Distrito)<\/font><\/em><\/p>\n<p align=\"justify\"><strong>\u201cDICE MI MAMA QUE SIEMPRE NO\u201d.<\/strong><br \/>Ahora resulta que \u201cdice mi mam\u00e1 que siempre no\u201d acaba de salir un nuevo decreto sobre la \u201cdevoluci\u00f3n\u201d\u00a0 en que se estipula que los reembolsos a los que no tuvieron cr\u00e9ditos, ser\u00e1 hasta el a\u00f1o 2013.<br \/>Quien se los va a clavar ESOS 20 MIL MILLONES DE PESOS, porque resulta que en pleno \u201ca\u00f1o de Hidalgo y Carranza\u201d por aquello que el de Hidalgo ya no alcanza, en pleno a\u00f1o electorero, ahora oficialmente el Infonavit\u00a0 regresar\u00e1 ese dinero hasta despu\u00e9s de enero del a\u00f1o 2013, para ello el \u201cpresidente del empleo mentiroso\u201d dispondr\u00e1 de nuevas reglas para eludir el pago en el presente a\u00f1o. \u00bfVan a jinetear los 20 mil millones de pesos para financiar la campa\u00f1a de la mota? \u00bfIr\u00e1 a dejar\u00a0 Calder\u00f3n ese dinero para que el sucesor priista los devuelva? La verdad es que minti\u00f3 a los mexicanos una vez mas, muchos ya no vivir\u00e1n para esa fecha y seguramente parar\u00e1n esos millones en las cuentas\u00a0 bancarias de Suiza o el Gran Caim\u00e1n.<\/p>\n<p align=\"justify\"><em><font color=\"#ff6600\">\u201cSISTEMAS INFORMATICOS ESPECIALIZADOS\u201d\u00a0 todo para su computadora, reparaci\u00f3n y mantenimiento. Ju\u00e1rez 112 B tel\u00e9fono 3831226<\/font><\/em><\/p>\n<p align=\"justify\"><strong>90 DIAS PARA QUE REHABILITEN RASTRO MUNICIPAL DE VALLES<\/strong><br \/>+.-\u00a0 La tesorera gast\u00f3 el presupuesto en otras cosas.<br \/>+.- Si no cumplen se clausura el rastro.-<br \/>Si en 90 d\u00edas el rastro de Valles no cumple con una serie de requerimientos se\u00f1alados por las autoridades sanitarias de la capital del estado, se proceder\u00e1 a su clausura y sanciones econ\u00f3micas<\/p>\n<p align=\"justify\">La notificaci\u00f3n se hizo este jueves a la administraci\u00f3n de la casa de matanza y la alcald\u00eda, poni\u00e9ndose de manifiesto\u00a0 de nueva cuenta porqu\u00e9 no se ejercieron los 650 mil pesos presupuestados `para el a\u00f1o 2011, solo una m\u00ednima parte report\u00f3 la tesorera, el resto se ignora a donde pararon mas de 400 mil pesos, lo que presupone \u2013 dice el regidor de la comisi\u00f3n de mercados y rastro \u2013 que hay desv\u00edo de recursos econ\u00f3micos.<br \/>Se ha negado aplicar dinero al rastro que el propio director declar\u00f3 oficialmente que de su bolsillo dispuso de 57 mil pesos para pagar requerimientos porque en tesorer\u00eda le negaban el dinero y deb\u00eda cubrirse en las necesidades del rastro.<\/p>\n<p align=\"justify\"><em><font color=\"#ff6600\">FRUTERIA \u201cAQU\u00cd ES\u201d<br \/>Frutas y verduras.<br \/>5 Pesos, no pague mas \u2026.<br \/>\u00a0Frene al Seroga mercado municipal.<br \/>Atendido por Antonio Torres Jr.<\/font><\/em><\/p>\n","protected":false},"excerpt":{"rendered":"<p>TITO RODRIGUEZ\u00a0 Guerrero ser\u00e1 el candidato del PRI por la diputaci\u00f3n local del XII distrito, por confirmar la tarde de este lunes\u00a0 para hacer el anuncio oficial, lo dijo\u00a0 a Amanecer Huasteco.Por otra parte un contingente de priistas organizaban trasladarse a la capital para manifestarse &hellip; <\/p>\n","protected":false},"author":1,"featured_media":17874,"comment_status":"open","ping_status":"open","sticky":false,"template":"","format":"standard","meta":{"footnotes":""},"categories":[17],"tags":[],"class_list":["post-1273","post","type-post","status-publish","format-standard","has-post-thumbnail","hentry","category-colaboraciones"],"_links":{"self":[{"href":"https:\/\/amanecerhuasteco.com\/portal\/wp-json\/wp\/v2\/posts\/1273","targetHints":{"allow":["GET"]}}],"collection":[{"href":"https:\/\/amanecerhuasteco.com\/portal\/wp-json\/wp\/v2\/posts"}],"about":[{"href":"https:\/\/amanecerhuasteco.com\/portal\/wp-json\/wp\/v2\/types\/post"}],"author":[{"embeddable":true,"href":"https:\/\/amanecerhuasteco.com\/portal\/wp-json\/wp\/v2\/users\/1"}],"replies":[{"embeddable":true,"href":"https:\/\/amanecerhuasteco.com\/portal\/wp-json\/wp\/v2\/comments?post=1273"}],"version-history":[{"count":0,"href":"https:\/\/amanecerhuasteco.com\/portal\/wp-json\/wp\/v2\/posts\/1273\/revisions"}],"wp:featuredmedia":[{"embeddable":true,"href":"https:\/\/amanecerhuasteco.com\/portal\/wp-json\/wp\/v2\/media\/17874"}],"wp:attachment":[{"href":"https:\/\/amanecerhuasteco.com\/portal\/wp-json\/wp\/v2\/media?parent=1273"}],"wp:term":[{"taxonomy":"category","embeddable":true,"href":"https:\/\/amanecerhuasteco.com\/portal\/wp-json\/wp\/v2\/categories?post=1273"},{"taxonomy":"post_tag","embeddable":true,"href":"https:\/\/amanecerhuasteco.com\/portal\/wp-json\/wp\/v2\/tags?post=1273"}],"curies":[{"name":"wp","href":"https:\/\/api.w.org\/{rel}","templated":true}]}}