{"id":13191,"date":"2016-08-16T03:26:46","date_gmt":"2016-08-16T09:26:46","guid":{"rendered":"http:\/\/amanecerhuasteco.com\/portal\/2016\/08\/16\/ejido-las-palmas-no-permitira%c2%81-acceso-a-personas-ajenas-al-poblado\/"},"modified":"2016-08-16T03:26:46","modified_gmt":"2016-08-16T09:26:46","slug":"ejido-las-palmas-no-permitira%c2%81-acceso-a-personas-ajenas-al-poblado","status":"publish","type":"post","link":"https:\/\/amanecerhuasteco.com\/portal\/ejido-las-palmas-no-permitira%c2%81-acceso-a-personas-ajenas-al-poblado\/","title":{"rendered":"EJIDO LAS PALMAS NO PERMITIR\u00c1 ACCESO A PERSONAS AJENAS AL POBLADO"},"content":{"rendered":"<\/p>\n<p class=\"caption\" style=\"text-align: justify;\">Tamuin.- Como medida preventiva de robos de maderas preciosas, cacer\u00eda furtiva que afectan la flora y fauna de la sierra de Tanchipa, pero especialmente para que nadie se ande haciendo pasar como asesor o habitantes del ejido sin serlo, la asamblea general acord\u00f3 no permitir el acceso al poblado a personas ajenas.<\/p>\n<p class=\"caption\" style=\"text-align: justify;\">As\u00ed lo acordaron en la asamblea general del ejido Las Palmas,\u00a0 los ejidatarios quienes acordaron que se proceda legalmente para aclarar la situaci\u00f3n de las \u201cinvasiones\u201d de predios y proceder contra aquellas personas que se ostentan como asesores del ejido sin contar con ninguna autorizaci\u00f3n.<\/p>\n<p class=\"caption\" style=\"text-align: justify;\">Ernesto M\u00e1rquez Torres, Comisariado del Ejido Las Palmas en el Municipio de Tamuin, dijo que en la pasada asamblea del\u00a0 7 de agosto, los ejidatarios\u00a0 se cansaron de ser se\u00f1alados de ser \u201cinvasores\u201d cuando los conflictos de tierras son llevados por el representante legal del ejido y no por seudo-asesores como es el caso de Miguel \u00c1ngel Guzm\u00e1n Michel que no tiene ninguna representaci\u00f3n legal y realiza declaraciones a nombre del ejido sin tener cargo o nombramiento alguno.<\/p>\n<p class=\"caption\" style=\"text-align: justify;\">Entre los acuerdos para poner un alto a que gente ajena al ejido intente intervenir en asuntos del ejido, se prohibiera el acceso al poblado a toda persona ajena al ejido, ya que muchas de ellas solo entran a robar a cortar maderas preciosas, afectando flora y fauna de la sierra.<\/p>\n<p style=\"text-align: justify;\">\u00a0<\/p>\n<p class=\"caption\" style=\"text-align: justify;\">\u00a0<\/p>\n","protected":false},"excerpt":{"rendered":"<p>Tamuin.- Como medida preventiva de robos de maderas preciosas, cacer\u00eda furtiva que afectan la flora y fauna de la sierra de Tanchipa, pero especialmente para que nadie se ande haciendo pasar como asesor o habitantes del ejido sin serlo, la asamblea general acord\u00f3 no permitir &hellip; <\/p>\n","protected":false},"author":1,"featured_media":13190,"comment_status":"open","ping_status":"open","sticky":false,"template":"","format":"standard","meta":{"footnotes":""},"categories":[4],"tags":[],"class_list":["post-13191","post","type-post","status-publish","format-standard","has-post-thumbnail","hentry","category-inicio"],"_links":{"self":[{"href":"https:\/\/amanecerhuasteco.com\/portal\/wp-json\/wp\/v2\/posts\/13191","targetHints":{"allow":["GET"]}}],"collection":[{"href":"https:\/\/amanecerhuasteco.com\/portal\/wp-json\/wp\/v2\/posts"}],"about":[{"href":"https:\/\/amanecerhuasteco.com\/portal\/wp-json\/wp\/v2\/types\/post"}],"author":[{"embeddable":true,"href":"https:\/\/amanecerhuasteco.com\/portal\/wp-json\/wp\/v2\/users\/1"}],"replies":[{"embeddable":true,"href":"https:\/\/amanecerhuasteco.com\/portal\/wp-json\/wp\/v2\/comments?post=13191"}],"version-history":[{"count":0,"href":"https:\/\/amanecerhuasteco.com\/portal\/wp-json\/wp\/v2\/posts\/13191\/revisions"}],"wp:featuredmedia":[{"embeddable":true,"href":"https:\/\/amanecerhuasteco.com\/portal\/wp-json\/wp\/v2\/media\/13190"}],"wp:attachment":[{"href":"https:\/\/amanecerhuasteco.com\/portal\/wp-json\/wp\/v2\/media?parent=13191"}],"wp:term":[{"taxonomy":"category","embeddable":true,"href":"https:\/\/amanecerhuasteco.com\/portal\/wp-json\/wp\/v2\/categories?post=13191"},{"taxonomy":"post_tag","embeddable":true,"href":"https:\/\/amanecerhuasteco.com\/portal\/wp-json\/wp\/v2\/tags?post=13191"}],"curies":[{"name":"wp","href":"https:\/\/api.w.org\/{rel}","templated":true}]}}