{"id":13256,"date":"2016-08-22T13:27:00","date_gmt":"2016-08-22T19:27:00","guid":{"rendered":"http:\/\/amanecerhuasteco.com\/portal\/2016\/08\/22\/alcalde-de-tamua%c2%8dn-insiste-en-construccian-de-aeoecorredor-industrialae%c2%9d\/"},"modified":"2016-08-22T13:27:00","modified_gmt":"2016-08-22T19:27:00","slug":"alcalde-de-tamua%c2%8dn-insiste-en-construccian-de-aeoecorredor-industrialae%c2%9d","status":"publish","type":"post","link":"https:\/\/amanecerhuasteco.com\/portal\/alcalde-de-tamua%c2%8dn-insiste-en-construccian-de-aeoecorredor-industrialae%c2%9d\/","title":{"rendered":"ALCALDE DE TAMU\u00cdN INSISTE EN CONSTRUCCI\u00d3N DE \u201cCORREDOR INDUSTRIAL\u201d"},"content":{"rendered":"<\/p>\n<p class=\"caption\" style=\"text-align: justify;\">Ciudad Valles.- Con el objetivo de generar fuentes de empleo para las nuevas generaciones de j\u00f3venes de este municipio, el alcalde Rafael P\u00e9rez Vargas propuso al Gobernador del Estado, Juan Manuel Carreras L\u00f3pez la instalaci\u00f3n de un \u201cCorredor Industrial\u201d.<\/p>\n<p class=\"caption\" style=\"text-align: justify;\">Por lo que el pasado fin de semana el alcalde Rafael P\u00e9rez Vargas, acudi\u00f3 a la reuni\u00f3n del Consejo Regional para el Desarrollo Econ\u00f3mico Sustentable, donde particip\u00f3 en la integraci\u00f3n del mismo e insisti\u00f3 que Tamu\u00edn necesita de un \u201cCorredor Industrial\u201d.<\/p>\n<p class=\"caption\" style=\"text-align: justify;\">Al evento de integraci\u00f3n de este Consejo de Desarrollo Econ\u00f3mico Sustentable, estuvieron presentes empresarios de Tamuin, como el propietario de la empacada GUSI, empresas locales, el Gerente de CEMEX\u00a0 Tamuin y Valles, Rigoberto S\u00e1nchez S\u00e1nchez, entre otras personalidades que coinciden con que se construya el \u201cCorredor Industrial\u201d.<\/p>\n<p class=\"caption\" style=\"text-align: justify;\">El alcalde explic\u00f3 que Tamu\u00edn estrat\u00e9gicamente se encuentra ubicado y ofrece todos los servicios para que se instalen nuevas empresa, fabricas, que vendr\u00edan a generar fuentes de empleo tan necesarias en este municipio para emplear a las nuevas generaciones de profesionistas y t\u00e9cnicos que a\u00f1o con a\u00f1o generan las escuelas.<\/p>\n<p class=\"caption\" style=\"text-align: justify;\">Puntualizo, el alcalde que su gobierno no quitar\u00e1 el dedo del rengl\u00f3n para que en Tamu\u00edn se desarrolle un corredor industrial o se establezcan aqu\u00ed nuevas empresas generadoras de empleo, pero sobre todo que impulsen el desarrollo local.<\/p>\n<p style=\"text-align: justify;\">\u00a0<\/p>\n<p class=\"MsoPlainText\" style=\"text-align: justify;\"><span class=\"caption\">&#8212;<\/span><span style=\"font-family: &quot;Courier New&quot;;\"> <\/span><\/p>\n","protected":false},"excerpt":{"rendered":"<p>Ciudad Valles.- Con el objetivo de generar fuentes de empleo para las nuevas generaciones de j\u00f3venes de este municipio, el alcalde Rafael P\u00e9rez Vargas propuso al Gobernador del Estado, Juan Manuel Carreras L\u00f3pez la instalaci\u00f3n de un \u201cCorredor Industrial\u201d. Por lo que el pasado fin &hellip; <\/p>\n","protected":false},"author":1,"featured_media":13255,"comment_status":"open","ping_status":"open","sticky":false,"template":"","format":"standard","meta":{"footnotes":""},"categories":[4],"tags":[],"class_list":["post-13256","post","type-post","status-publish","format-standard","has-post-thumbnail","hentry","category-inicio"],"_links":{"self":[{"href":"https:\/\/amanecerhuasteco.com\/portal\/wp-json\/wp\/v2\/posts\/13256","targetHints":{"allow":["GET"]}}],"collection":[{"href":"https:\/\/amanecerhuasteco.com\/portal\/wp-json\/wp\/v2\/posts"}],"about":[{"href":"https:\/\/amanecerhuasteco.com\/portal\/wp-json\/wp\/v2\/types\/post"}],"author":[{"embeddable":true,"href":"https:\/\/amanecerhuasteco.com\/portal\/wp-json\/wp\/v2\/users\/1"}],"replies":[{"embeddable":true,"href":"https:\/\/amanecerhuasteco.com\/portal\/wp-json\/wp\/v2\/comments?post=13256"}],"version-history":[{"count":0,"href":"https:\/\/amanecerhuasteco.com\/portal\/wp-json\/wp\/v2\/posts\/13256\/revisions"}],"wp:featuredmedia":[{"embeddable":true,"href":"https:\/\/amanecerhuasteco.com\/portal\/wp-json\/wp\/v2\/media\/13255"}],"wp:attachment":[{"href":"https:\/\/amanecerhuasteco.com\/portal\/wp-json\/wp\/v2\/media?parent=13256"}],"wp:term":[{"taxonomy":"category","embeddable":true,"href":"https:\/\/amanecerhuasteco.com\/portal\/wp-json\/wp\/v2\/categories?post=13256"},{"taxonomy":"post_tag","embeddable":true,"href":"https:\/\/amanecerhuasteco.com\/portal\/wp-json\/wp\/v2\/tags?post=13256"}],"curies":[{"name":"wp","href":"https:\/\/api.w.org\/{rel}","templated":true}]}}