{"id":13258,"date":"2016-08-22T13:29:20","date_gmt":"2016-08-22T19:29:20","guid":{"rendered":"http:\/\/amanecerhuasteco.com\/portal\/2016\/08\/22\/gobierno-del-estado-y-cemex-podra%c2%8dan-invertir-ma%c2%81s-de-40-millones-en-construccian-del-bulevar-adolfo-lapez-mateos-en-tamuin\/"},"modified":"2016-08-22T13:29:20","modified_gmt":"2016-08-22T19:29:20","slug":"gobierno-del-estado-y-cemex-podra%c2%8dan-invertir-ma%c2%81s-de-40-millones-en-construccian-del-bulevar-adolfo-lapez-mateos-en-tamuin","status":"publish","type":"post","link":"https:\/\/amanecerhuasteco.com\/portal\/gobierno-del-estado-y-cemex-podra%c2%8dan-invertir-ma%c2%81s-de-40-millones-en-construccian-del-bulevar-adolfo-lapez-mateos-en-tamuin\/","title":{"rendered":"GOBIERNO DEL ESTADO Y CEMEX PODR\u00cdAN INVERTIR M\u00c1S DE 40 MILLONES EN CONSTRUCCI\u00d3N DEL BULEVAR ADOLFO L\u00d3PEZ MATEOS EN TAMUIN"},"content":{"rendered":"<\/p>\n<p class=\"caption\" style=\"text-align: justify;\">Tamuin.- El Presidente Municipal, Rafael P\u00e9rez Varga, anuncio la construcci\u00f3n del bulevar Adolfo L\u00f3pez Mateos en este municipio con una inversi\u00f3n aproximada de los 40 millones de pesos, obra con la cual se transformara Tamuin y se beneficiaran colonias populares.<\/p>\n<p class=\"caption\" style=\"text-align: justify;\">Para ello, el alcalde convoco a habitantes del mencionado bulevar, para dar a conocer el inicio de los trabajos, que comenzara con la modernizaci\u00f3n de las redes de agua y drenaje, realizando los preparativos para su pavimentaci\u00f3n con concreto hidr\u00e1ulico.<\/p>\n<p class=\"caption\" style=\"text-align: justify;\">P\u00e9rez Vargas, exhorto a la poblaci\u00f3n a tener comprensi\u00f3n por el inicio de los trabajos de modernizaci\u00f3n de redes de agua y drenaje, pero esta obra ha sido un \u201csue\u00f1o\u201d que ahora con el apoyo del Gobernador del Estado Juan Manuel Carreras L\u00f3pez y la empresa cementera CEMEX se har\u00e1 realidad en Tamuin.<\/p>\n<p class=\"caption\" style=\"text-align: justify;\">Por \u00f3rdenes del alcalde, Pedro Hern\u00e1ndez, coordinador de desarrollo social municipal, mostr\u00f3 a vecinos de sector el proyecto de pavimentaci\u00f3n del mencionado bulevar y en los pr\u00f3ximos d\u00edas iniciaran los trabajos y explic\u00f3 que primero abrir\u00e1n la calle, desde el entronque con la Avenida Moctezuma hasta la Reforma, a fin de sustituir la l\u00ednea de agua y drenaje.<\/p>\n<p class=\"caption\" style=\"text-align: justify;\">Por \u00faltimo, el alcalde agradeci\u00f3 al Gobernador del Estado, Juan Manuel Carreras L\u00f3pez, y a la empresa CEMEX su apoyo para que los tamuinenses vean por fin cristalizado su sue\u00f1o de contar con una moderna v\u00eda de comunicaci\u00f3n intercolonias.<\/p>\n<p style=\"text-align: justify;\">\u00a0<\/p>\n<p class=\"MsoPlainText\" style=\"text-align: justify;\"><span class=\"caption\">&#8212;<\/span><span style=\"font-family: &quot;Courier New&quot;;\"> <\/span><\/p>\n","protected":false},"excerpt":{"rendered":"<p>Tamuin.- El Presidente Municipal, Rafael P\u00e9rez Varga, anuncio la construcci\u00f3n del bulevar Adolfo L\u00f3pez Mateos en este municipio con una inversi\u00f3n aproximada de los 40 millones de pesos, obra con la cual se transformara Tamuin y se beneficiaran colonias populares. Para ello, el alcalde convoco &hellip; <\/p>\n","protected":false},"author":1,"featured_media":13257,"comment_status":"open","ping_status":"open","sticky":false,"template":"","format":"standard","meta":{"footnotes":""},"categories":[4],"tags":[],"class_list":["post-13258","post","type-post","status-publish","format-standard","has-post-thumbnail","hentry","category-inicio"],"_links":{"self":[{"href":"https:\/\/amanecerhuasteco.com\/portal\/wp-json\/wp\/v2\/posts\/13258","targetHints":{"allow":["GET"]}}],"collection":[{"href":"https:\/\/amanecerhuasteco.com\/portal\/wp-json\/wp\/v2\/posts"}],"about":[{"href":"https:\/\/amanecerhuasteco.com\/portal\/wp-json\/wp\/v2\/types\/post"}],"author":[{"embeddable":true,"href":"https:\/\/amanecerhuasteco.com\/portal\/wp-json\/wp\/v2\/users\/1"}],"replies":[{"embeddable":true,"href":"https:\/\/amanecerhuasteco.com\/portal\/wp-json\/wp\/v2\/comments?post=13258"}],"version-history":[{"count":0,"href":"https:\/\/amanecerhuasteco.com\/portal\/wp-json\/wp\/v2\/posts\/13258\/revisions"}],"wp:featuredmedia":[{"embeddable":true,"href":"https:\/\/amanecerhuasteco.com\/portal\/wp-json\/wp\/v2\/media\/13257"}],"wp:attachment":[{"href":"https:\/\/amanecerhuasteco.com\/portal\/wp-json\/wp\/v2\/media?parent=13258"}],"wp:term":[{"taxonomy":"category","embeddable":true,"href":"https:\/\/amanecerhuasteco.com\/portal\/wp-json\/wp\/v2\/categories?post=13258"},{"taxonomy":"post_tag","embeddable":true,"href":"https:\/\/amanecerhuasteco.com\/portal\/wp-json\/wp\/v2\/tags?post=13258"}],"curies":[{"name":"wp","href":"https:\/\/api.w.org\/{rel}","templated":true}]}}