{"id":13270,"date":"2016-08-23T20:44:53","date_gmt":"2016-08-24T02:44:53","guid":{"rendered":"http:\/\/amanecerhuasteco.com\/portal\/2016\/08\/23\/todo-listo-para-dar-inicio-en-valles-el-sa%e2%80%b0ptimo-festival-latinoamericano-de-decimistas-y-versadores\/"},"modified":"2016-08-23T20:44:53","modified_gmt":"2016-08-24T02:44:53","slug":"todo-listo-para-dar-inicio-en-valles-el-sa%e2%80%b0ptimo-festival-latinoamericano-de-decimistas-y-versadores","status":"publish","type":"post","link":"https:\/\/amanecerhuasteco.com\/portal\/todo-listo-para-dar-inicio-en-valles-el-sa%e2%80%b0ptimo-festival-latinoamericano-de-decimistas-y-versadores\/","title":{"rendered":"TODO LISTO PARA DAR INICIO EN VALLES EL S\u00c9PTIMO FESTIVAL LATINOAMERICANO DE DECIMISTAS Y VERSADORES."},"content":{"rendered":"<p class=\"caption\" style=\"text-align: justify;\">\n<p class=\"caption\" style=\"text-align: justify;\">Ciudad Valles.- En Ciudad Valles, todo se encuentra listo para dar inicio este jueves 25 de Agosto al S\u00e9ptimo Festival de Decimistas y Versadores de Latinoam\u00e9rica y el Caribe, evento que es coordinado por el Gobierno Municipal y el Gobierno del Estado a trav\u00e9s de la Secretar\u00eda de Cultura, y en el que participar\u00e1n 32 delegaciones de artistas provenientes de diez pa\u00edses.<\/p>\n<p class=\"caption\" style=\"text-align: justify;\">El alcalde Jorge Ter\u00e1n Ju\u00e1rez, dio a conocer que por segunda ocasi\u00f3n Valles ser\u00e1 sede de este importante evento en el que participar\u00e1n decimistas y versadores de Panam\u00e1, Cuba, Colombia, Puerto Rico, Venezuela, Chile, el Pa\u00eds Vasco, Argentina, Per\u00fa, y M\u00e9xico y dijo que en su primera administraci\u00f3n como presidente municipal ya se tuvo este festival y fue todo un \u00e9xito, y se espera que ese \u00e9xito se repita durante los tres d\u00edas de presentaciones del 25 al 27 de Agosto.<\/p>\n<p class=\"caption\" style=\"text-align: justify;\">Mencion\u00f3 que se contar\u00e1 con un programa internacional que incluir\u00e1 conciertos did\u00e1cticos en escuelas, casas de cultura y delegaciones municipales, adem\u00e1s de que habr\u00e1 durante los tres d\u00edas todas las noches en la plaza principal presentaciones musicales al aire libre en los que la d\u00e9cima, la versificaci\u00f3n y la improvisaci\u00f3n ser\u00e1n la esencia de estos eventos que recalc\u00f3 estar\u00e1n abiertos a la poblaci\u00f3n en general y ser\u00e1n grauitos.<\/p>\n<p class=\"caption\" style=\"text-align: justify;\">De acuerdo con el programa de este Festival Versadores, se incluy\u00f3 tambi\u00e9n la clausura de la VIII Jornada Iberoamericana de Ni\u00f1os y J\u00f3venes Poetas, Troveros y Versadores y \u00e9sta ser\u00e1 la primera actividad del d\u00eda de inicio, el jueves 25 de agosto, a las 17:00 horas en el teatro Fernando Dom\u00ednguez del Centro Cultural de la Huasteca Potosina.<\/p>\n<p class=\"caption\" style=\"text-align: justify;\">Al t\u00e9rmino de ese evento, el mismo jueves las delegaciones participantes del VII Festival de Decimistas y Versadores de Latinoam\u00e9rica y el Caribe se reunir\u00e1n en la Glorieta Hidalgo para dar inicio a las 19:00 horas con un desfile que terminar\u00e1 en la plaza principal, en donde a las 20:00 horas ser\u00e1 inaugurado el Festival y minutos despu\u00e9s se presentar\u00e1 un di\u00e1logo po\u00e9tico con la participaci\u00f3n de los artistas\u00a0 \u201cFrino y su Mula de Sietes\u201d de M\u00e9xico, la \u201cDeciman\u00eda\u201d de Puerto Rico, \u201cRafael Figueroa y sus D\u00e9cimas Irreverentes\u201d de Veracruz, Wilfredo Mendoza de Venezuela, Ram\u00f3n Ch\u00e1vez el decimista y jaranero de Tampico, Tamaulipas , as\u00ed como Emanuel Gabotto y David Tokar de Argentina.<\/p>\n<p class=\"caption\" style=\"text-align: justify;\">Para el viernes 26 de agosto, de las 11:00 a 12:30 horas, se realizar\u00e1n cinco conciertos did\u00e1cticos en distintos escenarios: \u201cAs\u00ed canta Venezuela\u201d en el Instituto Motolinia en donde participan ni\u00f1os y ni\u00f1as decimistas de Caracas, Venezuela; \u201cEl Contrapunto Cubano\u201d en la UASLP Zona Huasteca, donde participar\u00e1 la delegaci\u00f3n art\u00edstica de Cuba.<\/p>\n<p class=\"caption\" style=\"text-align: justify;\">El tercer concierto se desarrollar\u00e1 en el Cobach 24, participando la delegaci\u00f3n art\u00edstica de Colombia. El cuarto: \u201cVersolares\u201d ser\u00e1 en el Instituto Tecnol\u00f3gico de Cd. Valles con la delegaci\u00f3n del Pa\u00eds Vasco y el quinto: \u201cLa Paya de Argentina\u201d se presentar\u00e1 en la Secundaria No. 2 \u201cDunstano G\u00f3mez Castillo\u201d.<\/p>\n<p class=\"caption\" style=\"text-align: justify;\">El mismo viernes, de las 12:00 a 13:00 horas, ser\u00e1 la presentaci\u00f3n del libro \u201cEl Telescopio de la Hormiga: Los periodos creativos del Indio Nabor\u00ed \u201d, en el Sal\u00f3n de Cabildo de la Presidencia Municipal, con la participaci\u00f3n de Fidel Ortega, agregado cultural de Cuba en M\u00e9xico.<\/p>\n<p class=\"caption\" style=\"text-align: justify;\">De las 16:00 a 18:00 horas se desarrollar\u00e1n diferentes talleres: \u201cJugando a la Rima, t\u00e9cnicas l\u00fadicas para la ense\u00f1anza del verbo improvisado en M\u00e9xico\u201d por Ana Zarina Palafox de M\u00e9xico y \u201cDe la Saloma al falsete\u201d por Arcadio Cama\u00f1o Duartes de Panam\u00e1, en el Centro Cultural de la Huasteca Potosina; \u201cLa Ense\u00f1anza de la ortograf\u00eda a trav\u00e9s de la d\u00e9cima\u201d por Guillermo Isidoro Castillo Ram\u00edrez\u00a0 de Cuba, en la Casa de Cultura Municipal. De las 17:00 a 19:00 horas, se desarrollar\u00e1 el concierto did\u00e1ctico: \u201cEl Guitarr\u00f3n y La Paya en Chile\u201d, en la Parroquia Santiago Ap\u00f3stol, con la delegaci\u00f3n art\u00edstica de Chile.<\/p>\n<p class=\"caption\" style=\"text-align: justify;\">Y ese viernes las 20:00 horas\u00a0 en la plaza principal ser\u00e1 la presentaci\u00f3n p\u00fablica del\u00a0 \u201cDi\u00e1logo Po\u00e9tico\u201d en el que participar\u00e1n: Guillermo Vel\u00e1zquez y los Leones de la Sierra de Xich\u00fa\u00a0 de M\u00e9xico, el poeta Jos\u00e9 Enr\u00edquez Paz Esquivel y el punto cubano de Mayabeque de Cuba, Miguel Compe\u00e1n y Arturo Castillo Trist\u00e1n\u00a0 de M\u00e9xico, Alejandro Hern\u00e1ndez y Rodrigo Torres\u00a0 de Chile, Rafael Figueroa\u00a0 con sus \u201cD\u00e9cimas irreverentes\u201d\u00a0 de M\u00e9xico y la Trova Paisa de Medell\u00edn de Colombia.<\/p>\n<p class=\"caption\" style=\"text-align: justify;\">Para el s\u00e1bado 27 de Agosto, las actividades continuar\u00e1n de las 11:00 a 12:30 horas con tres conciertos did\u00e1cticos: \u201cEl Contrapunto Cubano\u201d en la Galera de la Delegaci\u00f3n Rasc\u00f3n; \u201cEl Canto de Mejorana de Panam\u00e1\u201d en la Galera de la Delegaci\u00f3n El Pujal y la Trova Paisa, en\u00a0 el CEREPRESO de Ciudad Valles, con la delegaci\u00f3n art\u00edstica de Colombia.<\/p>\n<p class=\"caption\" style=\"text-align: justify;\">De las 11:00 a las 13:00 horas en el Centro Cultural de la Huasteca Potosina se desarrollar\u00e1n los talleres: \u201cJugando a la Rima\u201d utilizando t\u00e9cnicas l\u00fadicas para la ense\u00f1anza del verso improvisado en M\u00e9xico, por Ana Zarina Palafox de M\u00e9xico, \u201cDe la Saloma al falsete\u201d por Arcadio Cama\u00f1o Duartes\u00a0 de Panam\u00e1. En horario de las 11:00 a 14:00 horas, se desarrollar\u00e1n los talleres: \u201cLa ense\u00f1anza de la ortograf\u00eda a trav\u00e9s de la d\u00e9cima\u201d en la Casa de Cultura Municipal por Guillermo Isidoro Castillo Ram\u00edrez de Cuba y \u201cVersificaci\u00f3n en el Son Huasteco\u201d en la Plaza Principal por Hern\u00e1n Andablo de M\u00e9xico.<\/p>\n<p class=\"caption\" style=\"text-align: justify;\">A las 12:00 horas ser\u00e1 la presentaci\u00f3n del libro \u201cEl Siglo de Oro del Repentismo en Cuba\u201d, en el Sal\u00f3n de Cabildo de la Presidencia Municipal por L\u00e1zaro Palenzuela de Cuba. De las 18:00 a las 20:00 horas en el teatro Manuel Jos\u00e9 Oth\u00f3n tendr\u00e1 lugar un concierto para j\u00f3venes por Vicent Vel\u00e1zquez vs. Danger Alto Calibre, de M\u00e9xico con una improvisaci\u00f3n po\u00e9tica de g\u00e9neros contempor\u00e1neos.<\/p>\n<p class=\"caption\" style=\"text-align: justify;\">A las 20:00 horas del s\u00e1bado en la plaza principal se desarrollar\u00e1 otro \u201cDi\u00e1logo Po\u00e9tico\u201d, en el que participar\u00e1n Mauro Dom\u00ednguez y Coletivo Carretoneros de Oaxaca; Nerea Ibarzabal Salegui, Ane Labaka Mayoz, Irati Majuelo Ltoiz\u00a0 de la Asociaci\u00f3n de Bertsolaris del Pa\u00eds Vasco, Fernando Guadarrama Olivera\u00a0 de M\u00e9xico, Manuel Zavala Santa Cruz de Per\u00fa, los Camperos de Valles de M\u00e9xico, Arcadio Cama\u00f1o Duartes de Panam\u00e1, El\u00edas Chessani y sus huapangueros de Rioverde de M\u00e9xico.<\/p>\n<p class=\"caption\" style=\"text-align: justify;\">Y esa misma noche del s\u00e1bado 27 de de Agosto a las 23:00 horas en la misma plaza principal se llevar\u00e1 a cabo ceremonia de clausura del VII Festival de Decimistas y Versadores de Latinoam\u00e9rica y el Caribe.<\/p>\n<p style=\"text-align: justify;\">\u00a0<\/p>\n<p class=\"MsoPlainText\" style=\"text-align: justify;\"><span class=\"caption\">&#8212;<\/span><span style=\"font-family: &quot;Courier New&quot;;\"> <\/span><\/p>\n","protected":false},"excerpt":{"rendered":"<p>Ciudad Valles.- En Ciudad Valles, todo se encuentra listo para dar inicio este jueves 25 de Agosto al S\u00e9ptimo Festival de Decimistas y Versadores de Latinoam\u00e9rica y el Caribe, evento que es coordinado por el Gobierno Municipal y el Gobierno del Estado a trav\u00e9s de &hellip; <\/p>\n","protected":false},"author":1,"featured_media":13269,"comment_status":"open","ping_status":"open","sticky":false,"template":"","format":"standard","meta":{"footnotes":""},"categories":[4],"tags":[],"class_list":["post-13270","post","type-post","status-publish","format-standard","has-post-thumbnail","hentry","category-inicio"],"_links":{"self":[{"href":"https:\/\/amanecerhuasteco.com\/portal\/wp-json\/wp\/v2\/posts\/13270","targetHints":{"allow":["GET"]}}],"collection":[{"href":"https:\/\/amanecerhuasteco.com\/portal\/wp-json\/wp\/v2\/posts"}],"about":[{"href":"https:\/\/amanecerhuasteco.com\/portal\/wp-json\/wp\/v2\/types\/post"}],"author":[{"embeddable":true,"href":"https:\/\/amanecerhuasteco.com\/portal\/wp-json\/wp\/v2\/users\/1"}],"replies":[{"embeddable":true,"href":"https:\/\/amanecerhuasteco.com\/portal\/wp-json\/wp\/v2\/comments?post=13270"}],"version-history":[{"count":0,"href":"https:\/\/amanecerhuasteco.com\/portal\/wp-json\/wp\/v2\/posts\/13270\/revisions"}],"wp:featuredmedia":[{"embeddable":true,"href":"https:\/\/amanecerhuasteco.com\/portal\/wp-json\/wp\/v2\/media\/13269"}],"wp:attachment":[{"href":"https:\/\/amanecerhuasteco.com\/portal\/wp-json\/wp\/v2\/media?parent=13270"}],"wp:term":[{"taxonomy":"category","embeddable":true,"href":"https:\/\/amanecerhuasteco.com\/portal\/wp-json\/wp\/v2\/categories?post=13270"},{"taxonomy":"post_tag","embeddable":true,"href":"https:\/\/amanecerhuasteco.com\/portal\/wp-json\/wp\/v2\/tags?post=13270"}],"curies":[{"name":"wp","href":"https:\/\/api.w.org\/{rel}","templated":true}]}}