{"id":13300,"date":"2016-08-27T13:42:56","date_gmt":"2016-08-27T19:42:56","guid":{"rendered":"http:\/\/amanecerhuasteco.com\/portal\/2016\/08\/27\/exitosa-inauguracian-del-vii-festival-de-decimistas-y-versadores-de-latinoama%e2%80%b0rica-y-el-caribe-en-valles\/"},"modified":"2016-08-27T13:42:56","modified_gmt":"2016-08-27T19:42:56","slug":"exitosa-inauguracian-del-vii-festival-de-decimistas-y-versadores-de-latinoama%e2%80%b0rica-y-el-caribe-en-valles","status":"publish","type":"post","link":"https:\/\/amanecerhuasteco.com\/portal\/exitosa-inauguracian-del-vii-festival-de-decimistas-y-versadores-de-latinoama%e2%80%b0rica-y-el-caribe-en-valles\/","title":{"rendered":"EXITOSA INAUGURACI\u00d3N DEL VII FESTIVAL DE DECIMISTAS Y VERSADORES DE LATINOAM\u00c9RICA Y EL CARIBE EN VALLES."},"content":{"rendered":"<\/p>\n<p class=\"caption\" style=\"text-align: justify;\">-Y tambi\u00e9n culmin\u00f3 con alegr\u00eda, canto y baile luego de 12 d\u00edas\u00a0 la VIII Jornada Iberoamericana de Ni\u00f1os y J\u00f3venes<\/p>\n<p class=\"caption\" style=\"text-align: justify;\">Ciudad Valles.- Con un desfile colorido y musical de las delegaciones de Puerto Rico, Colombia, Panam\u00e1, Chile, Venezuela, Argentina, Pa\u00eds Vasco, Cuba, Per\u00fa y M\u00e9xico, al que se sum\u00f3 la Marching Band del CBTIS 46 se dio inicio en Valles al VII Festival de Decimistas y Versadores de Latinoam\u00e9rica y El Caribe, evento que fue la antesala de la presentaci\u00f3n en la Plaza Principal de un Di\u00e1logo Po\u00e9tico de los grupos art\u00edsticos participantes.<\/p>\n<p class=\"caption\" style=\"text-align: justify;\">Precisamente en la Plaza Principal, se llev\u00f3 a cabo la ceremonia inaugural de este encuentro de Decimistas y Versadores, en la que el alcalde Jorge Ter\u00e1n Ju\u00e1rez en su calidad de anfitri\u00f3n , dijo que nuevamente Ciudad Valles se viste de fiesta y se convierte en el punto geogr\u00e1fico donde convergen el arte y la cultura, al ser sede de un importante encuentro internacional de m\u00fasica y poes\u00eda, como lo es la S\u00e9ptima Edici\u00f3n de este Festival que re\u00fane a Decimistas y Versadores de Latinoam\u00e9rica y El Caribe.<\/p>\n<p class=\"caption\" style=\"text-align: justify;\">A\u00f1adi\u00f3 que este encuentro de trovadores permite adem\u00e1s de eliminar barreras geogr\u00e1ficas e ideol\u00f3gicas, estrechar y fortalecer a\u00fan m\u00e1s los lazos de amistad y hermandad que existe entre las naciones.<\/p>\n<p class=\"caption\" style=\"text-align: justify;\">Se\u00f1al\u00f3 que momentos antes de iniciar el festival se llev\u00f3 a cabo la clausura en el Centro Cultural la VIII Jornada Ibeoramericana de Ni\u00f1os y J\u00f3venes Poetas, Troveros y Versadores, quienes forman parte de las nuevas generaciones de esta corriente po\u00e9tica y musical, evento para el cual junto al encuentro de Decimistas y Versadores fue determinante el decidido respaldo del Gobernador del Estado Juan Manuel Carreras L\u00f3pez, a quien le expres\u00f3 un p\u00fablico reconocimiento y agradecimiento..<\/p>\n<p class=\"caption\" style=\"text-align: justify;\">Por su parte el Secretario de Cultura en San Luis Potos\u00ed, Armando Herrera Silva, agradeci\u00f3 al alcalde Jorge Ter\u00e1n apoyar la iniciativa de presentar este Festival en Valles, y expres\u00f3 que la d\u00e9cima espinela fue creada por el m\u00fasico y poeta Vicente Espinel en 1591 con su libro \u201cDiversas Rimas\u201d y desde entonces e hizo de este arte po\u00e9tico, una forma de expresar el sentir, hacer y ser de la sociedad.<\/p>\n<p class=\"caption\" style=\"text-align: justify;\">Dijo que en este VII Festival se exalta la palabra y el coraz\u00f3n, porque a su vez son los encargados de difundir los valores est\u00e9ticos, sociales, culturales y humanos, que la d\u00e9cima y el verso improvisado regalan y destac\u00f3 el arte de la verser\u00eda, como quien toma en sus brazos los instrumentos, y las voces de los participantes para que nos cuenten la historia y trascendencia de los pueblos.<\/p>\n<p class=\"caption\" style=\"text-align: justify;\">Posterior a la inauguraci\u00f3n, se present\u00f3 en la plaza principal un di\u00e1logo po\u00e9tico, con la participaci\u00f3n de Zenen Zeferino de Veracruz de la Delegaci\u00f3n M\u00e9xico, el grupo Deciman\u00eda de Puerto Rico, Ram\u00f3n Ch\u00e1vez \u201c El\u00a0 Jaranero\u201d de Tampico, Tamaulipas, Wilfredo Mendoza de Venezuela, Emanuel Gabotto y David Tokar de Argentina, y \u201cFrino y su Mula de Sietes\u201d de M\u00e9xico.<\/p>\n<p class=\"caption\" style=\"text-align: justify;\">Como invitados especiales a la inauguraci\u00f3n del Festival de Decimistas, fueron Fidel Antonio Orta P\u00e9rez y Zulemma Isachy Colom\u00e9 Ram\u00edrez, Consejero y agregada Cultural de la embajada de Cuba en M\u00e9xico, el escritor Waldo Leyva, as\u00ed como regidores de la actual administraci\u00f3n municipal y p\u00fablico en general.<\/p>\n<p class=\"caption\" style=\"text-align: justify;\">Con lo que respecta a la VIII Jornada Iberoamericana de Ni\u00f1os y J\u00f3venes Poetas, Troveros y Versadorese engrandecieron culturalmente al p\u00fablico que se reuni\u00f3 en la gala que ofrecieron el Teatro Fernando Dom\u00ednguez del Centro Cultural, con el arte de improvisaci\u00f3n y creatividad, con el \u00fanico objetivo de cimentar tradiciones para conservar el patrimonio l\u00edrico de los pueblos latinoamericanos. La poes\u00eda improvisada y su expresi\u00f3n musical, fue aplaudida por los asistentes a esta clausura, quienes disfrutaron de este magn\u00edfico y variado espect\u00e1culo presentado.<\/p>\n<p class=\"caption\" style=\"text-align: justify;\">Como parte de la jornada que durante 12 d\u00edas se desarroll\u00f3 en nuestro pa\u00eds y que inici\u00f3 en Quer\u00e9taro y culmin\u00f3 en\u00a0 Ciudad Valles, hubo un ensamble art\u00edstico entre todos los participantes, lo que puso punto final a este encuentro de ni\u00f1os y j\u00f3venes quienes interpretaron una versificaci\u00f3n de seguimiento, evento en el que representaron a nuestra Huasteca Potosina, las Alondras Huastecas, y los tr\u00edos Las Orqu\u00eddeas y Xochipilzahuatl.<\/p>\n<p style=\"text-align: justify;\">\u00a0<\/p>\n<p class=\"MsoPlainText\" style=\"text-align: justify;\"><span class=\"caption\">&#8212;<\/span><span style=\"font-family: &quot;Courier New&quot;;\"> <\/span><\/p>\n","protected":false},"excerpt":{"rendered":"<p>-Y tambi\u00e9n culmin\u00f3 con alegr\u00eda, canto y baile luego de 12 d\u00edas\u00a0 la VIII Jornada Iberoamericana de Ni\u00f1os y J\u00f3venes Ciudad Valles.- Con un desfile colorido y musical de las delegaciones de Puerto Rico, Colombia, Panam\u00e1, Chile, Venezuela, Argentina, Pa\u00eds Vasco, Cuba, Per\u00fa y M\u00e9xico, &hellip; <\/p>\n","protected":false},"author":1,"featured_media":13299,"comment_status":"open","ping_status":"open","sticky":false,"template":"","format":"standard","meta":{"footnotes":""},"categories":[4],"tags":[],"class_list":["post-13300","post","type-post","status-publish","format-standard","has-post-thumbnail","hentry","category-inicio"],"_links":{"self":[{"href":"https:\/\/amanecerhuasteco.com\/portal\/wp-json\/wp\/v2\/posts\/13300","targetHints":{"allow":["GET"]}}],"collection":[{"href":"https:\/\/amanecerhuasteco.com\/portal\/wp-json\/wp\/v2\/posts"}],"about":[{"href":"https:\/\/amanecerhuasteco.com\/portal\/wp-json\/wp\/v2\/types\/post"}],"author":[{"embeddable":true,"href":"https:\/\/amanecerhuasteco.com\/portal\/wp-json\/wp\/v2\/users\/1"}],"replies":[{"embeddable":true,"href":"https:\/\/amanecerhuasteco.com\/portal\/wp-json\/wp\/v2\/comments?post=13300"}],"version-history":[{"count":0,"href":"https:\/\/amanecerhuasteco.com\/portal\/wp-json\/wp\/v2\/posts\/13300\/revisions"}],"wp:featuredmedia":[{"embeddable":true,"href":"https:\/\/amanecerhuasteco.com\/portal\/wp-json\/wp\/v2\/media\/13299"}],"wp:attachment":[{"href":"https:\/\/amanecerhuasteco.com\/portal\/wp-json\/wp\/v2\/media?parent=13300"}],"wp:term":[{"taxonomy":"category","embeddable":true,"href":"https:\/\/amanecerhuasteco.com\/portal\/wp-json\/wp\/v2\/categories?post=13300"},{"taxonomy":"post_tag","embeddable":true,"href":"https:\/\/amanecerhuasteco.com\/portal\/wp-json\/wp\/v2\/tags?post=13300"}],"curies":[{"name":"wp","href":"https:\/\/api.w.org\/{rel}","templated":true}]}}