{"id":13335,"date":"2016-08-30T12:29:10","date_gmt":"2016-08-30T18:29:10","guid":{"rendered":"http:\/\/amanecerhuasteco.com\/portal\/2016\/08\/30\/manelich-castilla-craviotto-nuevo-comisionado-genera-de-la-polica%c2%8da-federal\/"},"modified":"2016-08-30T12:29:10","modified_gmt":"2016-08-30T18:29:10","slug":"manelich-castilla-craviotto-nuevo-comisionado-genera-de-la-polica%c2%8da-federal","status":"publish","type":"post","link":"https:\/\/amanecerhuasteco.com\/portal\/manelich-castilla-craviotto-nuevo-comisionado-genera-de-la-polica%c2%8da-federal\/","title":{"rendered":"MANELICH CASTILLA CRAVIOTTO, NUEVO COMISIONADO GENERA DE LA POLIC\u00cdA FEDERAL"},"content":{"rendered":"<p class=\"caption\" style=\"text-align: justify;\">SEMBLANZA CURRICULAR<\/p>\n<p class=\"caption\" style=\"text-align: justify;\">M\u00e9xico.- El reci\u00e9n nombrado Comisionado General de la Polic\u00eda Federal, Maestro Manelich Castilla Craviotto, es originario de M\u00e9rida, Yucat\u00e1n, tiene 43 a\u00f1os de edad; es Licenciado en Derecho y Maestro en Ciencias Penales por el Instituto Nacional de Ciencias Penales (INACIPE).<\/p>\n<p class=\"caption\" style=\"text-align: justify;\">Cuenta con una s\u00f3lida trayectoria dentro de la instituci\u00f3n, amplia experiencia en Ciencias Penales, seguridad p\u00fablica. Es acad\u00e9mico y abogado postulante. Asimismo, tiene entrenamiento en alta direcci\u00f3n policial por la Polic\u00eda Nacional de Colombia, el FBI y la Real Polic\u00eda Montada de Canad\u00e1.<\/p>\n<p class=\"caption\" style=\"text-align: justify;\">Est\u00e1 capacitado en materia de seguridad p\u00fablica, an\u00e1lisis operativo de la criminalidad, y responsabilidad social empresarial, as\u00ed como gerencia del servicio policial en Bogot\u00e1, Colombia.<\/p>\n<p class=\"caption\" style=\"text-align: justify;\">En el \u00e1mbito policial, Castilla Craviotto se integr\u00f3 en 2010 a la Polic\u00eda Federal como Coordinador Estatal de la Polic\u00eda Federal en San Luis Potos\u00ed. Del a\u00f1o 2011 al 2013 fungi\u00f3 como Comisario adscrito al \u00e1rea de Operaciones de la Divisi\u00f3n de Seguridad Regional de la Polic\u00eda Federal; adem\u00e1s de ser Representante de la Divisi\u00f3n de Seguridad Regional en el \u201cTaller APEC en materia de lucha contra el terrorismo de autobuses: compartiendo mejores pr\u00e1cticas\u201d celebrado en Manila, Filipinas en julio de 2012. Posteriormente en ese mismo a\u00f1o asumi\u00f3 la responsabilidad en la titularidad\u00a0 de dicha Divisi\u00f3n.<\/p>\n<p class=\"caption\" style=\"text-align: justify;\">Se desempe\u00f1\u00f3 como enlace ante la Oficina de las Naciones Unidas para el Crimen y la Droga (UNOCD) en el proceso de evaluaci\u00f3n de la instituci\u00f3n. Fue designado en 2014 como Ministro Agregado de la Polic\u00eda Federal en la Embajada de M\u00e9xico en Colombia y sus nueve pa\u00edses concurrentes en Sudam\u00e9rica.<\/p>\n<p class=\"caption\" style=\"text-align: justify;\">En el 2013 fue nombrado como asesor en la oficina del Comisionado General, en 2014 fue Ministro agregado de la Polic\u00eda Federal en la Embajada de M\u00e9xico en Colombia, para posteriormente el 22 de agosto de ese mismo a\u00f1o, asumir el cargo de Titular de la Divisi\u00f3n de Gendarmer\u00eda de la Polic\u00eda Federal, responsable de la tutela de los ciclos productivos del pa\u00eds; puesto que ocup\u00f3 hasta el 29 de agosto de 2016.<\/p>\n<p class=\"MsoPlainText\" style=\"text-align: justify;\"><span class=\"caption\"> &#8212;<\/span><span style=\"font-family: &quot;Courier New&quot;;\"><\/span><\/p>\n<p>\u00a0<\/p>\n<p class=\"MsoPlainText\"><span style=\"font-family: &quot;Courier New&quot;;\">&#8212;<\/span><\/p>\n","protected":false},"excerpt":{"rendered":"<p>SEMBLANZA CURRICULAR M\u00e9xico.- El reci\u00e9n nombrado Comisionado General de la Polic\u00eda Federal, Maestro Manelich Castilla Craviotto, es originario de M\u00e9rida, Yucat\u00e1n, tiene 43 a\u00f1os de edad; es Licenciado en Derecho y Maestro en Ciencias Penales por el Instituto Nacional de Ciencias Penales (INACIPE). Cuenta con &hellip; <\/p>\n","protected":false},"author":1,"featured_media":17874,"comment_status":"open","ping_status":"open","sticky":false,"template":"","format":"standard","meta":{"footnotes":""},"categories":[12],"tags":[],"class_list":["post-13335","post","type-post","status-publish","format-standard","has-post-thumbnail","hentry","category-nacional"],"_links":{"self":[{"href":"https:\/\/amanecerhuasteco.com\/portal\/wp-json\/wp\/v2\/posts\/13335","targetHints":{"allow":["GET"]}}],"collection":[{"href":"https:\/\/amanecerhuasteco.com\/portal\/wp-json\/wp\/v2\/posts"}],"about":[{"href":"https:\/\/amanecerhuasteco.com\/portal\/wp-json\/wp\/v2\/types\/post"}],"author":[{"embeddable":true,"href":"https:\/\/amanecerhuasteco.com\/portal\/wp-json\/wp\/v2\/users\/1"}],"replies":[{"embeddable":true,"href":"https:\/\/amanecerhuasteco.com\/portal\/wp-json\/wp\/v2\/comments?post=13335"}],"version-history":[{"count":0,"href":"https:\/\/amanecerhuasteco.com\/portal\/wp-json\/wp\/v2\/posts\/13335\/revisions"}],"wp:featuredmedia":[{"embeddable":true,"href":"https:\/\/amanecerhuasteco.com\/portal\/wp-json\/wp\/v2\/media\/17874"}],"wp:attachment":[{"href":"https:\/\/amanecerhuasteco.com\/portal\/wp-json\/wp\/v2\/media?parent=13335"}],"wp:term":[{"taxonomy":"category","embeddable":true,"href":"https:\/\/amanecerhuasteco.com\/portal\/wp-json\/wp\/v2\/categories?post=13335"},{"taxonomy":"post_tag","embeddable":true,"href":"https:\/\/amanecerhuasteco.com\/portal\/wp-json\/wp\/v2\/tags?post=13335"}],"curies":[{"name":"wp","href":"https:\/\/api.w.org\/{rel}","templated":true}]}}