{"id":13383,"date":"2016-09-05T21:19:29","date_gmt":"2016-09-06T03:19:29","guid":{"rendered":"http:\/\/amanecerhuasteco.com\/portal\/2016\/09\/05\/un-suea%c2%b1o-hecho-realidad-pavimentacia%c2%b3n-del-bulevar-alm-con-concreto-hidraulico-rpv\/"},"modified":"2016-09-05T21:19:29","modified_gmt":"2016-09-06T03:19:29","slug":"un-suea%c2%b1o-hecho-realidad-pavimentacia%c2%b3n-del-bulevar-alm-con-concreto-hidraulico-rpv","status":"publish","type":"post","link":"https:\/\/amanecerhuasteco.com\/portal\/un-suea%c2%b1o-hecho-realidad-pavimentacia%c2%b3n-del-bulevar-alm-con-concreto-hidraulico-rpv\/","title":{"rendered":"Un sue\u00f1o hecho realidad pavimentaci\u00f3n del bulevar ALM con concreto hidr\u00e1ulico: RPV"},"content":{"rendered":"<\/p>\n<p><img decoding=\"async\" src=\"images\/stories\/5-9-16 tamuin 1.jpg\" border=\"0\" \/><\/p>\n<p class=\"caption\" style=\"text-align: justify;\">Tamu\u00edn.- Con la participaci\u00f3n de Gobierno del Estado, CEMEX M\u00e9xico y el ayuntamiento de Tamu\u00edn, dio inicio la pavimentaci\u00f3n del Bulevar Adolfo L\u00f3pez Mateos con una inversi\u00f3n superior a los 42 millones de pesos.<\/p>\n<p class=\"caption\" style=\"text-align: justify;\">El alcalde Rafael P\u00e9rez Vargas, agradeci\u00f3 a la empresa CEMEX el apoyo para llevar acabo est\u00e1s obras como parte de sus acciones de responsabilidad social ya que vendr\u00e1n a transformar este municipio.<\/p>\n<p class=\"caption\" style=\"text-align: justify;\">Destac\u00f3 que la empresa CEMEX participa con el ayuntamiento para la pavimentaci\u00f3n de calles muy necesarias para mejorar la calidad de vida de los ciudadanos de Tamu\u00edn, mediante convenios de colaboraci\u00f3n, donde participa el gobierno municipal y estatal.<\/p>\n<p class=\"caption\" style=\"text-align: justify;\">Alberto El\u00edas S\u00e1nchez, Secretario de Desarrollo Regional, asisti\u00f3 en representaci\u00f3n del Gobernador, Juan Manuel Carreras L\u00f3pez, reconoci\u00f3 el compromiso de CEMEX con la comunidad al realizar este tipo de obras en todo el Estado como parte de su responsabilidad social.<\/p>\n<p class=\"caption\" style=\"text-align: justify;\">En este caso CEMEX est\u00e1 comprometido a promover iniciativas y proyectos que beneficien a las comunidades cercanas a sus operaciones.<\/p>\n<p class=\"caption\" style=\"text-align: justify;\">En esta ocasi\u00f3n, CEMEX se sum\u00f3 a los esfuerzos del Gobierno Municipal de Tamu\u00edn para construir un boulevard que mejora los tiempos y condiciones de tras\u00a0 oferta integral de CEMEX consta de productos de calidad y servicios innovadores que tiene por objetivo satisfacer las necesidades de los usuarios en el largo plazo, por ello se seleccion\u00f3 al concreto hidr\u00e1ulico como la mejor opci\u00f3n para pavimentar este boulevard.<\/p>\n<p class=\"caption\" style=\"text-align: justify;\">El concreto hidr\u00e1ulico posee m\u00faltiples beneficios, entre los que destacan: Menor n\u00famero y frecuencia de mantenimientos, mayor seguridad, mayor sostenibilidad por su absorci\u00f3n de calor y el ahorro en el uso de combustible y por \u00faltimo m\u00e1s costo-eficiente durante su periodo de vida que puede superar los 20 a\u00f1os.<\/p>\n<p class=\"caption\" style=\"text-align: justify;\">Asistieron como invitados de honor los diputados federales C\u00e1ndido Ochoa Rojas, Delia Coronado Guerrero, los Diputados Locales Martha Orta y H\u00e9ctor Meraz, por la empresa CEMEX asisti\u00f3 el Director de Relaciones Institucionales Adri\u00e1n Espronceda y el gerente de plantas Valles y Tamu\u00edn, Rigoberto S\u00e1nchez S\u00e1nchez.<\/p>\n<p class=\"caption\" style=\"text-align: justify;\">El representante del Gobernador, Alberto El\u00edas S\u00e1nchez a nombre del Gobernador, dijo que parte de las peticiones hechas por el ayuntamiento de Tamu\u00edn se encuentra para el 2017 la pavimentaci\u00f3n de la calle Reforma para comunicar con la carretera Valles-Tampico, lo cual inform\u00f3 ser\u00e1 un proyecto que apoyar\u00e1 gobierno del estado, solicitando la elaboraci\u00f3n del expediente al ayuntamiento local y se hizo la petici\u00f3n para que de la misma forma colabore CEMEX M\u00e9xico para en el 2017 cerrar este circuito de comunicaci\u00f3n de vital importancia para Tamu\u00edn.<\/p>\n<p class=\"MsoPlainText\" style=\"text-align: justify;\"><span class=\"caption\">&#8212;<\/span><span style=\"font-family: &quot;Courier New&quot;;\"> <\/span><\/p>\n<p>\u00a0<\/p>\n<p class=\"MsoPlainText\"><span style=\"font-family: &quot;Courier New&quot;;\"> <\/span><\/p>\n","protected":false},"excerpt":{"rendered":"<p>Tamu\u00edn.- Con la participaci\u00f3n de Gobierno del Estado, CEMEX M\u00e9xico y el ayuntamiento de Tamu\u00edn, dio inicio la pavimentaci\u00f3n del Bulevar Adolfo L\u00f3pez Mateos con una inversi\u00f3n superior a los 42 millones de pesos. El alcalde Rafael P\u00e9rez Vargas, agradeci\u00f3 a la empresa CEMEX el &hellip; <\/p>\n","protected":false},"author":1,"featured_media":13382,"comment_status":"open","ping_status":"open","sticky":false,"template":"","format":"standard","meta":{"footnotes":""},"categories":[4],"tags":[],"class_list":["post-13383","post","type-post","status-publish","format-standard","has-post-thumbnail","hentry","category-inicio"],"_links":{"self":[{"href":"https:\/\/amanecerhuasteco.com\/portal\/wp-json\/wp\/v2\/posts\/13383","targetHints":{"allow":["GET"]}}],"collection":[{"href":"https:\/\/amanecerhuasteco.com\/portal\/wp-json\/wp\/v2\/posts"}],"about":[{"href":"https:\/\/amanecerhuasteco.com\/portal\/wp-json\/wp\/v2\/types\/post"}],"author":[{"embeddable":true,"href":"https:\/\/amanecerhuasteco.com\/portal\/wp-json\/wp\/v2\/users\/1"}],"replies":[{"embeddable":true,"href":"https:\/\/amanecerhuasteco.com\/portal\/wp-json\/wp\/v2\/comments?post=13383"}],"version-history":[{"count":0,"href":"https:\/\/amanecerhuasteco.com\/portal\/wp-json\/wp\/v2\/posts\/13383\/revisions"}],"wp:featuredmedia":[{"embeddable":true,"href":"https:\/\/amanecerhuasteco.com\/portal\/wp-json\/wp\/v2\/media\/13382"}],"wp:attachment":[{"href":"https:\/\/amanecerhuasteco.com\/portal\/wp-json\/wp\/v2\/media?parent=13383"}],"wp:term":[{"taxonomy":"category","embeddable":true,"href":"https:\/\/amanecerhuasteco.com\/portal\/wp-json\/wp\/v2\/categories?post=13383"},{"taxonomy":"post_tag","embeddable":true,"href":"https:\/\/amanecerhuasteco.com\/portal\/wp-json\/wp\/v2\/tags?post=13383"}],"curies":[{"name":"wp","href":"https:\/\/api.w.org\/{rel}","templated":true}]}}