{"id":13418,"date":"2016-09-07T17:49:44","date_gmt":"2016-09-07T23:49:44","guid":{"rendered":"http:\/\/amanecerhuasteco.com\/portal\/2016\/09\/07\/ucd-solo-hay-una-y-es-la-que-encabeza-aeoejosa%e2%80%b0-dura%c2%81n-veraae%c2%9d-aag\/"},"modified":"2016-09-07T17:49:44","modified_gmt":"2016-09-07T23:49:44","slug":"ucd-solo-hay-una-y-es-la-que-encabeza-aeoejosa%e2%80%b0-dura%c2%81n-veraae%c2%9d-aag","status":"publish","type":"post","link":"https:\/\/amanecerhuasteco.com\/portal\/ucd-solo-hay-una-y-es-la-que-encabeza-aeoejosa%e2%80%b0-dura%c2%81n-veraae%c2%9d-aag\/","title":{"rendered":"UCD SOLO HAY UNA Y ES LA QUE ENCABEZA \u201cJOS\u00c9 DUR\u00c1N VERA\u201d: AAG"},"content":{"rendered":"<\/p>\n<p class=\"caption\" style=\"text-align: justify;\">San Luis Potos\u00ed.- El Poder Judicial de la Federaci\u00f3n reconoci\u00f3 la personalidad jur\u00eddica de Jos\u00e9 Dur\u00e1n Vera como \u00fanico l\u00edder nacional de la Uni\u00f3n Campesina Democr\u00e1tica UCD, mientras que la organizaci\u00f3n de Antonio Tirado Pati\u00f1o solo pretende aprovecharse de la gente, prometiendo cosas no cumplir\u00e1 y amparando veh\u00edculos americanos solo para tener ingresos econ\u00f3micos porque desconocen totalmente el tema.<\/p>\n<p class=\"caption\" style=\"text-align: justify;\">\u00c1ngel Altamirano Garc\u00eda, Coordinador Estatal de la Uni\u00f3n Campesina Democr\u00e1tica, dijo que se notific\u00f3 a las autoridades y dependencias nacionales y estatales de la situaci\u00f3n, para que Antonio Tirado Pati\u00f1o deje de sorprender a los campesinos a nombre de la UCD, en caso especifico de San Luis Potos\u00ed ya se dialogo con Gobierno del Estado sobre el tema, as\u00ed como con las delegaciones federales para que no sean sorprendidas por personas que se quieran hacer pasar como UCD.<\/p>\n<p class=\"caption\" style=\"text-align: justify;\">Precisamente el 9 y 10 de Septiembre, se tienen programadas mesas de trabajo con los titulares de diferente Secretarias del Gobierno del Estado, y posteriormente reuniones con la Delegaciones Federales para gestionar programas resolver conflictos agrarios, hacer planteamientos y dar atenci\u00f3n a los integrantes de la Uni\u00f3n Campesina Democr\u00e1tica, como es el caso de proyectos productivos, vivienda, pago de impuestos en Finanzas, Regularizaci\u00f3n de Veh\u00edculos Americanos, los Exbraceros, Seguridad, problemas del transporte entre otros puntos que se est\u00e1n analizando.<\/p>\n<p class=\"caption\" style=\"text-align: justify;\">Reconoci\u00f3 la disposici\u00f3n del Secretario General de Gobierno, Alejandro Leal Tovias, para realizar estas mesas de trabajo, ya que por a\u00f1os la gente del campo hab\u00eda tocado la puerta para ser atendidos y no atend\u00edan como paso con los 6 a\u00f1os del Gobierno de Fernando Toranzo Fern\u00e1ndez, donde lo \u00fanico que se recibi\u00f3 fueron \u201camenazas\u201d.<\/p>\n<p class=\"caption\" style=\"text-align: justify;\">Altamirano Garc\u00eda, dijo que hab\u00eda personas que se ostentaban como representantes legales de la UCD, por ello la dirigencia nacional promovi\u00f3 un juicio de amparo ante el poder judicial de la Federaci\u00f3n para dilucidar sobre la personalidad jur\u00eddica, ya que esas personas utilizaban nuestra agrupaci\u00f3n para lucrar con varios cientos de campesinos del estado, ofreciendo cosas sin cumplir, y por ello nos vimos en la necesidad de recurrir a los tribunales, a efecto de que sea un \u00f3rgano jurisdiccional el que determine y resuelva respecto de la situaci\u00f3n jur\u00eddica de esta asociaci\u00f3n.<\/p>\n<p class=\"caption\" style=\"text-align: justify;\">Como antecedente que la SAGARPA hab\u00eda presentado una demanda civil contra de la UCD, aduciendo que hab\u00eda una persona de nombre Antonio Tirado Pati\u00f1o, que se ostentaba como l\u00edder nacional de la UCD mediante un acta notariada por ello se solicit\u00f3 el amparo de la justicia federal y\u00a0 finalmente en octubre del a\u00f1o pasado el Tercer Tribunal Colegiado en materia civil del primer circuito de los tribunales que dependen de la Suprema Corte de Justicia de la Naci\u00f3n, ha resuelto respecto de la personalidad jur\u00eddica de la UCD en el marco de un juicio de amparo 1036\/2012.<\/p>\n<p class=\"caption\" style=\"text-align: justify;\">Este tercer tribunal ha resuelto un amparo que causo ejecutoria,\u00a0 una sentencia firme que resuelve respecto de la personalidad jur\u00eddica, estableciendo que la autoridad federal no dio validez a los argumentos del Ministerio P\u00fablico Federal, en contra nuestra, como era el acta que presento esa persona Tirado Pati\u00f1o y \u201cPresentamos como prueba a nuestro favor que Tirado Pati\u00f1o, fue expulsado de la organizaci\u00f3n en mayo del 2005 y de acuerdo al C\u00f3digo Civil y a nuestros estatutos no tiene derecho a reingresar\u201d.<\/p>\n<p style=\"text-align: justify;\">\u00a0<\/p>\n<p class=\"MsoPlainText\" style=\"text-align: justify;\"><span class=\"caption\">El tercer tribunal colegiado a trav\u00e9s de los magistrados ponentes, resolvi\u00f3 el juicio 266\/2013 y dict\u00f3 sentencia en Octubre pasado a nuestro favor, d\u00e1ndonos la raz\u00f3n de que nosotros tenemos la personalidad jur\u00eddica de la UCD.<\/span><span style=\"font-family: &quot;Courier New&quot;;\"> <\/span><\/p>\n","protected":false},"excerpt":{"rendered":"<p>San Luis Potos\u00ed.- El Poder Judicial de la Federaci\u00f3n reconoci\u00f3 la personalidad jur\u00eddica de Jos\u00e9 Dur\u00e1n Vera como \u00fanico l\u00edder nacional de la Uni\u00f3n Campesina Democr\u00e1tica UCD, mientras que la organizaci\u00f3n de Antonio Tirado Pati\u00f1o solo pretende aprovecharse de la gente, prometiendo cosas no cumplir\u00e1 &hellip; <\/p>\n","protected":false},"author":1,"featured_media":10664,"comment_status":"open","ping_status":"open","sticky":false,"template":"","format":"standard","meta":{"footnotes":""},"categories":[4],"tags":[],"class_list":["post-13418","post","type-post","status-publish","format-standard","has-post-thumbnail","hentry","category-inicio"],"_links":{"self":[{"href":"https:\/\/amanecerhuasteco.com\/portal\/wp-json\/wp\/v2\/posts\/13418","targetHints":{"allow":["GET"]}}],"collection":[{"href":"https:\/\/amanecerhuasteco.com\/portal\/wp-json\/wp\/v2\/posts"}],"about":[{"href":"https:\/\/amanecerhuasteco.com\/portal\/wp-json\/wp\/v2\/types\/post"}],"author":[{"embeddable":true,"href":"https:\/\/amanecerhuasteco.com\/portal\/wp-json\/wp\/v2\/users\/1"}],"replies":[{"embeddable":true,"href":"https:\/\/amanecerhuasteco.com\/portal\/wp-json\/wp\/v2\/comments?post=13418"}],"version-history":[{"count":0,"href":"https:\/\/amanecerhuasteco.com\/portal\/wp-json\/wp\/v2\/posts\/13418\/revisions"}],"wp:featuredmedia":[{"embeddable":true,"href":"https:\/\/amanecerhuasteco.com\/portal\/wp-json\/wp\/v2\/media\/10664"}],"wp:attachment":[{"href":"https:\/\/amanecerhuasteco.com\/portal\/wp-json\/wp\/v2\/media?parent=13418"}],"wp:term":[{"taxonomy":"category","embeddable":true,"href":"https:\/\/amanecerhuasteco.com\/portal\/wp-json\/wp\/v2\/categories?post=13418"},{"taxonomy":"post_tag","embeddable":true,"href":"https:\/\/amanecerhuasteco.com\/portal\/wp-json\/wp\/v2\/tags?post=13418"}],"curies":[{"name":"wp","href":"https:\/\/api.w.org\/{rel}","templated":true}]}}