{"id":13593,"date":"2016-09-29T03:16:33","date_gmt":"2016-09-29T09:16:33","guid":{"rendered":"http:\/\/amanecerhuasteco.com\/portal\/2016\/09\/29\/proyecto-para-consolidar-corredor-industrial-municipal\/"},"modified":"2016-09-29T03:16:33","modified_gmt":"2016-09-29T09:16:33","slug":"proyecto-para-consolidar-corredor-industrial-municipal","status":"publish","type":"post","link":"https:\/\/amanecerhuasteco.com\/portal\/proyecto-para-consolidar-corredor-industrial-municipal\/","title":{"rendered":"Proyecto para consolidar corredor industrial municipal"},"content":{"rendered":"<p><span style=\"text-align: justify; font-size: 12.16px;\">San Luis Potos\u00ed 15\/9\/16.- El Gobierno del Estado debe coordinar esfuerzos con los ayuntamientos para impulsar un desarrollo metropolitano entre los municipios de San Luis Potos\u00ed, Soledad de Graciano S\u00e1nchez, Mexquitic de Carmona, Cerro de San Pedro, Villa de Zaragoza, Villa de Reyes y Santa Mar\u00eda del R\u00edo, los cuales tienen las condiciones para convertirse en un gran corredor industrial.<\/span><\/p>\n<p class=\"caption\" style=\"text-align: justify;\">\u00a0<\/p>\n<p class=\"caption\" style=\"text-align: justify;\">El presidente de la Comisi\u00f3n de Desarrollo Econ\u00f3mico y Social del Congreso del Estado, diputado Mariano Ni\u00f1o Mart\u00ednez precis\u00f3 \u201cdebemos concretar un plan de desarrollo industrial, urbano y social entre los municipios circunvecinos, ya que, geogr\u00e1ficamente re\u00fanen las condiciones necesarias para ser uno de los polos de desarrollo industrial m\u00e1s importantes del pa\u00eds\u201d.<\/p>\n<p class=\"caption\" style=\"text-align: justify;\">Se tiene que aprovechar que San Luis Potos\u00ed se encuentra en la mira de todo el pa\u00eds por la instalaci\u00f3n de tres de las m\u00e1s importantes armadoras automotrices del mundo, las cuales, generar\u00e1n m\u00e1s inversiones y empleos por la instalaci\u00f3n de empresas proveedoras; por lo tanto, van a requerir de toda una infraestructura industrial y urbana que cubran sus necesidades.<\/p>\n<p class=\"caption\" style=\"text-align: justify;\">Dijo, \u201clos alcaldes no se pueden quedar con la idea de impulsar obras dentro del territorio de su municipio, deben pensar y proyectar de una forma integral y coordinada con los municipios circunvecinos para impulsar obras como carreteras, alumbrado p\u00fablico, la introducci\u00f3n de servicios y los propios esquemas de seguridad que cubran integralmente las necesidades de crecimiento\u201d.<\/p>\n<p class=\"caption\" style=\"text-align: justify;\">El diputado Mariano Ni\u00f1o, precis\u00f3 \u201choy se habla mucho del desarrollo que tiene Villa de Reyes por la instalaci\u00f3n de las empresas automotrices, pero, en realidad municipios hay municipios como Villa de Zaragoza que re\u00fane todas las condiciones para ser atractivo a los inversionistas\u201d.<\/p>\n<p class=\"caption\" style=\"text-align: justify;\">Por lo tanto, \u201cGobierno del Estado y los municipios ya deben sentar las bases para impulsar un plan de crecimiento metropolitano, pensando, en impulsar obras de v\u00edas de comunicaci\u00f3n y de servicios comunes\u201d.<\/p>\n<p style=\"text-align: justify;\">\u00a0<\/p>\n<p class=\"MsoPlainText\" style=\"text-align: justify;\"><span class=\"caption\">&#8212;<\/span><span style=\"font-family: &quot;Courier New&quot;;\"><\/span><\/p>\n","protected":false},"excerpt":{"rendered":"<p>San Luis Potos\u00ed 15\/9\/16.- El Gobierno del Estado debe coordinar esfuerzos con los ayuntamientos para impulsar un desarrollo metropolitano entre los municipios de San Luis Potos\u00ed, Soledad de Graciano S\u00e1nchez, Mexquitic de Carmona, Cerro de San Pedro, Villa de Zaragoza, Villa de Reyes y Santa &hellip; <\/p>\n","protected":false},"author":1,"featured_media":17874,"comment_status":"open","ping_status":"open","sticky":false,"template":"","format":"standard","meta":{"footnotes":""},"categories":[23],"tags":[],"class_list":["post-13593","post","type-post","status-publish","format-standard","has-post-thumbnail","hentry","category-congreso"],"_links":{"self":[{"href":"https:\/\/amanecerhuasteco.com\/portal\/wp-json\/wp\/v2\/posts\/13593","targetHints":{"allow":["GET"]}}],"collection":[{"href":"https:\/\/amanecerhuasteco.com\/portal\/wp-json\/wp\/v2\/posts"}],"about":[{"href":"https:\/\/amanecerhuasteco.com\/portal\/wp-json\/wp\/v2\/types\/post"}],"author":[{"embeddable":true,"href":"https:\/\/amanecerhuasteco.com\/portal\/wp-json\/wp\/v2\/users\/1"}],"replies":[{"embeddable":true,"href":"https:\/\/amanecerhuasteco.com\/portal\/wp-json\/wp\/v2\/comments?post=13593"}],"version-history":[{"count":0,"href":"https:\/\/amanecerhuasteco.com\/portal\/wp-json\/wp\/v2\/posts\/13593\/revisions"}],"wp:featuredmedia":[{"embeddable":true,"href":"https:\/\/amanecerhuasteco.com\/portal\/wp-json\/wp\/v2\/media\/17874"}],"wp:attachment":[{"href":"https:\/\/amanecerhuasteco.com\/portal\/wp-json\/wp\/v2\/media?parent=13593"}],"wp:term":[{"taxonomy":"category","embeddable":true,"href":"https:\/\/amanecerhuasteco.com\/portal\/wp-json\/wp\/v2\/categories?post=13593"},{"taxonomy":"post_tag","embeddable":true,"href":"https:\/\/amanecerhuasteco.com\/portal\/wp-json\/wp\/v2\/tags?post=13593"}],"curies":[{"name":"wp","href":"https:\/\/api.w.org\/{rel}","templated":true}]}}