{"id":13612,"date":"2016-09-29T21:10:31","date_gmt":"2016-09-30T03:10:31","guid":{"rendered":"http:\/\/amanecerhuasteco.com\/portal\/2016\/09\/29\/detiene-la-pme-a-dos-sujetos-con-droga-y-un-arma-de-fuego-en-tamua%c2%8dn-2\/"},"modified":"2016-09-29T21:10:31","modified_gmt":"2016-09-30T03:10:31","slug":"detiene-la-pme-a-dos-sujetos-con-droga-y-un-arma-de-fuego-en-tamua%c2%8dn-2","status":"publish","type":"post","link":"https:\/\/amanecerhuasteco.com\/portal\/detiene-la-pme-a-dos-sujetos-con-droga-y-un-arma-de-fuego-en-tamua%c2%8dn-2\/","title":{"rendered":"DETIENE LA PME A DOS SUJETOS CON DROGA Y UN ARMA DE FUEGO EN TAMU\u00cdN"},"content":{"rendered":"<p><strong><span style=\"font-family: Arial, sans-serif;\"><img decoding=\"async\" src=\"images\/stories\/29-9-16 camioneta negra 1.jpg\" border=\"0\" \/><\/span><\/strong><\/p>\n<p><strong><span style=\"font-family: Arial, sans-serif;\"><br \/><\/span><\/strong><\/p>\n<p class=\"caption\" style=\"color: #222222; font-size: 12.8px; font-style: normal; font-variant-ligatures: normal; font-variant-caps: normal; font-weight: normal; letter-spacing: normal; text-indent: 0px; text-transform: none; white-space: normal; word-spacing: 0px; -webkit-text-stroke-width: 0px; margin: 0cm 0cm 0.0001pt; text-align: justify; background: white none repeat scroll 0% 0%;\">\u00a0<\/p>\n<p class=\"caption\" style=\"color: #222222; font-size: 12.8px; font-style: normal; font-variant-ligatures: normal; font-variant-caps: normal; font-weight: normal; letter-spacing: normal; text-align: justify; text-indent: 0px; text-transform: none; white-space: normal; word-spacing: 0px; -webkit-text-stroke-width: 0px; margin: 0cm 0cm 0.0001pt 36pt; background: white none repeat scroll 0% 0%;\">\u00b7\u00a0\u00a0\u00a0\u00a0\u00a0\u00a0\u00a0\u00a0\u00a0Uno de ellos era buscado por los delitos de Robo Calificado y Asociaci\u00f3n Delictuosa<\/p>\n<p class=\"caption\" style=\"color: #222222; font-size: 12.8px; font-style: normal; font-variant-ligatures: normal; font-variant-caps: normal; font-weight: normal; letter-spacing: normal; text-align: justify; text-indent: 0px; text-transform: none; white-space: normal; word-spacing: 0px; -webkit-text-stroke-width: 0px; margin: 0cm 0cm 0.0001pt; background: white none repeat scroll 0% 0%;\">\u00a0<\/p>\n<p class=\"caption\" style=\"color: #222222; font-size: 12.8px; font-style: normal; font-variant-ligatures: normal; font-variant-caps: normal; font-weight: normal; letter-spacing: normal; text-align: justify; text-indent: 0px; text-transform: none; white-space: normal; word-spacing: 0px; -webkit-text-stroke-width: 0px; margin: 0cm 0cm 0.0001pt; background: white none repeat scroll 0% 0%;\">TAMU\u00cdN.- Al cumplimentar una orden de aprehensi\u00f3n por el probable delito de Robo Calificado y Asociaci\u00f3n Delictuosa, elementos de la Polic\u00eda Ministerial del Estado (PME) adscritos a la zona Huasteca, localizaron al imputado cuando viajaba como copiloto en una camioneta, siendo sorprendido con un arma de fuego y cartuchos, mientras que al conductor le fue encontrada en su poder lo que parec\u00eda ser droga.<\/p>\n<p class=\"caption\" style=\"color: #222222; font-size: 12.8px; font-style: normal; font-variant-ligatures: normal; font-variant-caps: normal; font-weight: normal; letter-spacing: normal; text-indent: 0px; text-transform: none; white-space: normal; word-spacing: 0px; -webkit-text-stroke-width: 0px; margin: 0cm 0cm 0.0001pt; text-align: justify; background: white none repeat scroll 0% 0%;\">\u00a0<\/p>\n<p class=\"caption\" style=\"color: #222222; font-size: 12.8px; font-style: normal; font-variant-ligatures: normal; font-variant-caps: normal; font-weight: normal; letter-spacing: normal; text-align: justify; text-indent: 0px; text-transform: none; white-space: normal; word-spacing: 0px; -webkit-text-stroke-width: 0px; margin: 0cm 0cm 0.0001pt; background: white none repeat scroll 0% 0%;\">Los hechos sucedieron cuando los polic\u00edas ministeriales realizaban funciones inherentes a su cargo en la zona centro del municipio de Tamu\u00edn, para ubicar a un sujeto que se encontraba pr\u00f3fugo de la justicia y sobre quien exist\u00eda una orden de aprehensi\u00f3n generada a principios del mes de agosto de este a\u00f1o.<\/p>\n<p class=\"caption\" style=\"color: #222222; font-size: 12.8px; font-style: normal; font-variant-ligatures: normal; font-variant-caps: normal; font-weight: normal; letter-spacing: normal; text-indent: 0px; text-transform: none; white-space: normal; word-spacing: 0px; -webkit-text-stroke-width: 0px; margin: 0cm 0cm 0.0001pt; text-align: justify; background: white none repeat scroll 0% 0%;\">\u00a0<\/p>\n<p class=\"caption\" style=\"color: #222222; font-size: 12.8px; font-style: normal; font-variant-ligatures: normal; font-variant-caps: normal; font-weight: normal; letter-spacing: normal; text-align: justify; text-indent: 0px; text-transform: none; white-space: normal; word-spacing: 0px; -webkit-text-stroke-width: 0px; margin: 0cm 0cm 0.0001pt; background: white none repeat scroll 0% 0%;\">De esta manera tuvieron contacto con una camioneta negra en la que se desplazaban dos personas, donde el individuo que iba como copiloto correspond\u00eda a la exactitud con la descripci\u00f3n de la persona buscada, por lo cual se identificaron como autoridad y les marcaron el alto.<\/p>\n<p class=\"caption\" style=\"color: #222222; font-size: 12.8px; font-style: normal; font-variant-ligatures: normal; font-variant-caps: normal; font-weight: normal; letter-spacing: normal; text-indent: 0px; text-transform: none; white-space: normal; word-spacing: 0px; -webkit-text-stroke-width: 0px; margin: 0cm 0cm 0.0001pt; text-align: justify; background: white none repeat scroll 0% 0%;\">\u00a0<\/p>\n<p class=\"caption\" style=\"color: #222222; font-size: 12.8px; font-style: normal; font-variant-ligatures: normal; font-variant-caps: normal; font-weight: normal; letter-spacing: normal; text-align: justify; text-indent: 0px; text-transform: none; white-space: normal; word-spacing: 0px; -webkit-text-stroke-width: 0px; margin: 0cm 0cm 0.0001pt; background: white none repeat scroll 0% 0%;\">Al indicarles el acto de molestia y comprobar que se trataba del hombre buscado, le informaron del mandamiento judicial en su contra y tambi\u00e9n le efectuaron una inspecci\u00f3n de rutina, encontr\u00e1ndole en su persona, un arma de fuego tipo escuadra, un cargador para arma de fuego y una bolsa de pl\u00e1stico con cartuchos.<\/p>\n<p class=\"caption\" style=\"color: #222222; font-size: 12.8px; font-style: normal; font-variant-ligatures: normal; font-variant-caps: normal; font-weight: normal; letter-spacing: normal; text-indent: 0px; text-transform: none; white-space: normal; word-spacing: 0px; -webkit-text-stroke-width: 0px; margin: 0cm 0cm 0.0001pt; text-align: justify; background: white none repeat scroll 0% 0%;\">\u00a0<\/p>\n<p class=\"caption\" style=\"color: #222222; font-size: 12.8px; font-style: normal; font-variant-ligatures: normal; font-variant-caps: normal; font-weight: normal; letter-spacing: normal; text-align: justify; text-indent: 0px; text-transform: none; white-space: normal; word-spacing: 0px; -webkit-text-stroke-width: 0px; margin: 0cm 0cm 0.0001pt; background: white none repeat scroll 0% 0%;\">Como parte del protocolo de revisi\u00f3n, al hombre que conduc\u00eda la unidad le fue localizada una bolsa de pl\u00e1stico con varias bolsitas que conten\u00edan lo que parec\u00eda ser droga.<\/p>\n<p class=\"caption\" style=\"color: #222222; font-size: 12.8px; font-style: normal; font-variant-ligatures: normal; font-variant-caps: normal; font-weight: normal; letter-spacing: normal; text-indent: 0px; text-transform: none; white-space: normal; word-spacing: 0px; -webkit-text-stroke-width: 0px; margin: 0cm 0cm 0.0001pt; text-align: justify; background: white none repeat scroll 0% 0%;\">\u00a0<\/p>\n<p class=\"caption\" style=\"color: #222222; font-size: 12.8px; font-style: normal; font-variant-ligatures: normal; font-variant-caps: normal; font-weight: normal; letter-spacing: normal; text-align: justify; text-indent: 0px; text-transform: none; white-space: normal; word-spacing: 0px; -webkit-text-stroke-width: 0px; margin: 0cm 0cm 0.0001pt; background: white none repeat scroll 0% 0%;\">De esta forma fueron asegurados y presentados ante la autoridad competente para que se inicie su proceso jur\u00eddico legal y se deslinden responsabilidades.<\/p>\n<p><span class=\"caption\">&#8212;<br style=\"break-before: page;\" \/><\/span><\/p>\n<p class=\"caption\" style=\"margin: 0px; color: #222222; font-size: 12.8px; font-style: normal; font-variant-ligatures: normal; font-variant-caps: normal; font-weight: normal; letter-spacing: normal; text-indent: 0px; text-transform: none; white-space: normal; word-spacing: 0px; -webkit-text-stroke-width: 0px; background-color: #ffffff; text-align: justify;\">\u00a0<\/p>\n","protected":false},"excerpt":{"rendered":"<p>\u00a0 \u00b7\u00a0\u00a0\u00a0\u00a0\u00a0\u00a0\u00a0\u00a0\u00a0Uno de ellos era buscado por los delitos de Robo Calificado y Asociaci\u00f3n Delictuosa \u00a0 TAMU\u00cdN.- Al cumplimentar una orden de aprehensi\u00f3n por el probable delito de Robo Calificado y Asociaci\u00f3n Delictuosa, elementos de la Polic\u00eda Ministerial del Estado (PME) adscritos a la zona &hellip; <\/p>\n","protected":false},"author":1,"featured_media":13611,"comment_status":"open","ping_status":"open","sticky":false,"template":"","format":"standard","meta":{"footnotes":""},"categories":[4],"tags":[],"class_list":["post-13612","post","type-post","status-publish","format-standard","has-post-thumbnail","hentry","category-inicio"],"_links":{"self":[{"href":"https:\/\/amanecerhuasteco.com\/portal\/wp-json\/wp\/v2\/posts\/13612","targetHints":{"allow":["GET"]}}],"collection":[{"href":"https:\/\/amanecerhuasteco.com\/portal\/wp-json\/wp\/v2\/posts"}],"about":[{"href":"https:\/\/amanecerhuasteco.com\/portal\/wp-json\/wp\/v2\/types\/post"}],"author":[{"embeddable":true,"href":"https:\/\/amanecerhuasteco.com\/portal\/wp-json\/wp\/v2\/users\/1"}],"replies":[{"embeddable":true,"href":"https:\/\/amanecerhuasteco.com\/portal\/wp-json\/wp\/v2\/comments?post=13612"}],"version-history":[{"count":0,"href":"https:\/\/amanecerhuasteco.com\/portal\/wp-json\/wp\/v2\/posts\/13612\/revisions"}],"wp:featuredmedia":[{"embeddable":true,"href":"https:\/\/amanecerhuasteco.com\/portal\/wp-json\/wp\/v2\/media\/13611"}],"wp:attachment":[{"href":"https:\/\/amanecerhuasteco.com\/portal\/wp-json\/wp\/v2\/media?parent=13612"}],"wp:term":[{"taxonomy":"category","embeddable":true,"href":"https:\/\/amanecerhuasteco.com\/portal\/wp-json\/wp\/v2\/categories?post=13612"},{"taxonomy":"post_tag","embeddable":true,"href":"https:\/\/amanecerhuasteco.com\/portal\/wp-json\/wp\/v2\/tags?post=13612"}],"curies":[{"name":"wp","href":"https:\/\/api.w.org\/{rel}","templated":true}]}}