{"id":13669,"date":"2016-10-05T15:07:08","date_gmt":"2016-10-05T21:07:08","guid":{"rendered":"http:\/\/amanecerhuasteco.com\/portal\/2016\/10\/05\/trabajo-en-reformas-legales-a-favor-de-la-proteccia%c2%b3n-a-periodistas\/"},"modified":"2016-10-05T15:07:08","modified_gmt":"2016-10-05T21:07:08","slug":"trabajo-en-reformas-legales-a-favor-de-la-proteccia%c2%b3n-a-periodistas","status":"publish","type":"post","link":"https:\/\/amanecerhuasteco.com\/portal\/trabajo-en-reformas-legales-a-favor-de-la-proteccia%c2%b3n-a-periodistas\/","title":{"rendered":"Trabajo en reformas legales a favor de la protecci\u00f3n a periodistas"},"content":{"rendered":"<\/p>\n<p class=\"caption\" style=\"text-align: justify;\">San Luis Potos\u00ed 30\/9\/16.- Diputados que integran la Comisi\u00f3n Especial de Protecci\u00f3n a los Periodistas realizar\u00e1n foros al interior del estado para sostener reuniones con quienes ejercen el periodismo y especialistas para impulsar reformas a la Ley de Protecci\u00f3n al Ejercicio del Periodismo del Estado de San Luis Potos\u00ed, y la posibilidad de integrar un padr\u00f3n de quienes ejercen esta profesi\u00f3n.<\/p>\n<p class=\"caption\" style=\"text-align: justify;\">El diputado H\u00e9ctor Mendiz\u00e1bal P\u00e9rez, presidente de dicha Comisi\u00f3n indic\u00f3 \u201cpara nosotros es muy importante mantener una comunicaci\u00f3n permanente con quienes ejercen el periodismo para conocer de primera mano sus principales inquietudes y necesidades\u201d.<\/p>\n<p class=\"caption\" style=\"text-align: justify;\">Por ello, \u201ccelebraremos foros en las cuatro regiones del estado con quienes ejercen la profesi\u00f3n del periodismo, para impulsar de la mano reformas a la ley que les garantice una mayor protecci\u00f3n, las garant\u00edas y seguridad que requieren para el ejercicio de su actividad que es de gran importancia para la sociedad\u201d.<\/p>\n<p class=\"caption\" style=\"text-align: justify;\">Una de las reformas que se est\u00e1n planteando es que al Comit\u00e9 Estatal de Protecci\u00f3n del Periodista se integre el diputado que es presidente de la Comisi\u00f3n de Derechos Humanos del Congreso del Estado, para que se involucre directamente en las actividades que se realizan para fortalecer la actividad de quienes ejercen esta profesi\u00f3n.<\/p>\n<p class=\"caption\" style=\"text-align: justify;\">Adem\u00e1s, \u201cse pondr\u00e1 sobre la mesa la posibilidad de integrar un registro de periodistas de todo el estado, el cual, no debe ser discriminatorio de ning\u00fan periodista ni de asociaci\u00f3n\u201d.<\/p>\n<p class=\"MsoPlainText\" style=\"text-align: justify;\"><span class=\"caption\">\u201cTenemos informaci\u00f3n de que existen varias asociaciones de periodistas en todo el estado y quienes lo ejercen de forma independiente. Nuestro objetivo es escuchar a todos e integrarlos a todos en el padr\u00f3n de periodistas\u201d, dijo, el diputado H\u00e9ctor Mendiz\u00e1bal.<\/span><span style=\"font-family: &quot;Courier New&quot;;\"><\/span><\/p>\n<p>\u00a0<\/p>\n<p class=\"MsoPlainText\"><span style=\"font-family: &quot;Courier New&quot;;\">&#8212;<\/span><\/p>\n","protected":false},"excerpt":{"rendered":"<p>San Luis Potos\u00ed 30\/9\/16.- Diputados que integran la Comisi\u00f3n Especial de Protecci\u00f3n a los Periodistas realizar\u00e1n foros al interior del estado para sostener reuniones con quienes ejercen el periodismo y especialistas para impulsar reformas a la Ley de Protecci\u00f3n al Ejercicio del Periodismo del Estado &hellip; <\/p>\n","protected":false},"author":1,"featured_media":13668,"comment_status":"open","ping_status":"open","sticky":false,"template":"","format":"standard","meta":{"footnotes":""},"categories":[23],"tags":[],"class_list":["post-13669","post","type-post","status-publish","format-standard","has-post-thumbnail","hentry","category-congreso"],"_links":{"self":[{"href":"https:\/\/amanecerhuasteco.com\/portal\/wp-json\/wp\/v2\/posts\/13669","targetHints":{"allow":["GET"]}}],"collection":[{"href":"https:\/\/amanecerhuasteco.com\/portal\/wp-json\/wp\/v2\/posts"}],"about":[{"href":"https:\/\/amanecerhuasteco.com\/portal\/wp-json\/wp\/v2\/types\/post"}],"author":[{"embeddable":true,"href":"https:\/\/amanecerhuasteco.com\/portal\/wp-json\/wp\/v2\/users\/1"}],"replies":[{"embeddable":true,"href":"https:\/\/amanecerhuasteco.com\/portal\/wp-json\/wp\/v2\/comments?post=13669"}],"version-history":[{"count":0,"href":"https:\/\/amanecerhuasteco.com\/portal\/wp-json\/wp\/v2\/posts\/13669\/revisions"}],"wp:featuredmedia":[{"embeddable":true,"href":"https:\/\/amanecerhuasteco.com\/portal\/wp-json\/wp\/v2\/media\/13668"}],"wp:attachment":[{"href":"https:\/\/amanecerhuasteco.com\/portal\/wp-json\/wp\/v2\/media?parent=13669"}],"wp:term":[{"taxonomy":"category","embeddable":true,"href":"https:\/\/amanecerhuasteco.com\/portal\/wp-json\/wp\/v2\/categories?post=13669"},{"taxonomy":"post_tag","embeddable":true,"href":"https:\/\/amanecerhuasteco.com\/portal\/wp-json\/wp\/v2\/tags?post=13669"}],"curies":[{"name":"wp","href":"https:\/\/api.w.org\/{rel}","templated":true}]}}