{"id":13823,"date":"2016-10-17T16:59:53","date_gmt":"2016-10-17T22:59:53","guid":{"rendered":"http:\/\/amanecerhuasteco.com\/portal\/2016\/10\/17\/entre-columnas-254\/"},"modified":"2016-10-17T16:59:53","modified_gmt":"2016-10-17T22:59:53","slug":"entre-columnas-254","status":"publish","type":"post","link":"https:\/\/amanecerhuasteco.com\/portal\/entre-columnas-254\/","title":{"rendered":"ENTRE COLUMNAS"},"content":{"rendered":"<p><!--[if gte mso 9]><xml> <w:WordDocument> <w:View>Normal<\/w:View> <w:Zoom>0<\/w:Zoom> <w:TrackMoves \/> <w:TrackFormatting \/> <w:HyphenationZone>21<\/w:HyphenationZone> <w:PunctuationKerning \/> <w:ValidateAgainstSchemas \/> <w:SaveIfXMLInvalid>false<\/w:SaveIfXMLInvalid> <w:IgnoreMixedContent>false<\/w:IgnoreMixedContent> <w:AlwaysShowPlaceholderText>false<\/w:AlwaysShowPlaceholderText> <w:DoNotPromoteQF \/> <w:LidThemeOther>ES-MX<\/w:LidThemeOther> <w:LidThemeAsian>X-NONE<\/w:LidThemeAsian> <w:LidThemeComplexScript>X-NONE<\/w:LidThemeComplexScript> <w:Compatibility> <w:BreakWrappedTables \/> <w:SnapToGridInCell \/> <w:WrapTextWithPunct \/> <w:UseAsianBreakRules \/> <w:DontGrowAutofit \/> <w:SplitPgBreakAndParaMark \/> <w:DontVertAlignCellWithSp \/> <w:DontBreakConstrainedForcedTables \/> <w:DontVertAlignInTxbx \/> <w:Word11KerningPairs \/> <w:CachedColBalance \/> <\/w:Compatibility> <w:BrowserLevel>MicrosoftInternetExplorer4<\/w:BrowserLevel> <m:mathPr> <m:mathFont m:val=\"Cambria Math\" \/> <m:brkBin m:val=\"before\" \/> <m:brkBinSub m:val=\"&#45;-\" \/> <m:smallFrac m:val=\"off\" \/> <m:dispDef \/> <m:lMargin m:val=\"0\" \/> <m:rMargin m:val=\"0\" \/> <m:defJc m:val=\"centerGroup\" \/> <m:wrapIndent m:val=\"1440\" \/> <m:intLim m:val=\"subSup\" \/> <m:naryLim m:val=\"undOvr\" \/> <\/m:mathPr><\/w:WordDocument> <\/xml><![endif]--><\/p>\n<p>Oficial, Ciudad Valles es foco rojo en inseguridad en la entidad potosina, pero en Vales \u201cno pasa nada\u201d los delitos de alto impacto disminuyen, impera la tranquilidad: dice el Alcalde.<span class=\"caption\"> <\/span> <\/p>\n<p class=\"caption\" style=\"text-align: justify;\">El alcalde as\u00ed lo dice rodeado de \u201cguarda espaldas\u201d, el secretario dice que\u00a0 informaci\u00f3n en redes sociales es inexacta,\u00a0 agresi\u00f3n armada el lunes 10,\u00a0 contra sub director de la polic\u00eda fue \u201cde pel\u00edcula\u201d. La semana del 2 al 8 de octubre fue fat\u00eddica para la comunidad Vallense; dos levantados en la colonia Loma Bonita\u00a0 ejecutados\u00a0 al norte del municipio, al tercer d\u00eda un lava parabrisas\u00a0 corri\u00f3 la misma suerte, luego otro joven de la colonia Doracely, esto solamente en la zona urbana, provocando zozobra y alarma al difundir con lujo de detalles\u00a0 en redes sociales, sin embargo para el mun\u00edcipe Jorge Ter\u00e1n la delincuencia de \u201calto impacto\u201d va a la baja\u00a0 al menos en la zona centro, las familias salen\u00a0 a pasear con absoluta tranquilidad y confianza. (palabras textuales) Pero la ciudadan\u00eda tiene otra lectura de\u00a0 la \u201cseguridad\u201d\u00a0 el alcalde a cualquier sitio que acude\u00a0 est\u00e1 s\u00faper protegido por \u201cguarda espaldas\u201d sus funcionarios y la familia, su residencia en Lomas San Luis es una r\u00e9plica de Los Pinos. Claro, hay seguridad y tranquilidad.<\/p>\n<p> <span class=\"caption\"> <\/span> <\/p>\n<p class=\"caption\" style=\"text-align: justify;\">Pero el secretario municipal fue m\u00e1s all\u00e1, declar\u00f3 que debe interpretarse con responsabilidad las informaciones en redes sociales muchas veces deformadas que propician zozobra \u201c\u2026 independientemente de eso, estamos tranquilos podemos hacer nuestra vida cotidiana diurna como nocturna\u00a0 dentro de los horarios y marco que las normatividades nos permiten. Valles \u2013dijo \u2013 tienen la ventaja de contar con todos los cuerpos de seguridad y la coordinaci\u00f3n de las mismas lo que le ha permitido mantener bajo los \u00edndices delictivos\u201d\u00a0 Usted\u00a0 juzgue. Para esas autoridades\u00a0 los hechos ocurridos no cuentan o no est\u00e1n clasificados de \u201calto impacto\u201d<\/p>\n<p> <span class=\"caption\"> <\/span> <\/p>\n<p class=\"caption\" style=\"text-align: justify;\">Pero este lunes 10 en la tarde civiles armados balearon al sub director de la polic\u00eda municipal por el rumbo de la avenida Taninul, la realidad\u00a0 del caso no fue revelado y se mantiene absoluto hermetismo, el caso hasta parece montaje de pel\u00edcula,\u00a0 hasta el cierre de esta edici\u00f3n, sin embargo testigos\u00a0 informan que\u00a0 hubo mas de tres detenidos. Es un caso intrascendente a juicio de las autoridades municipales. En c\u00edrculos policiacos se corre otra versi\u00f3n.<\/p>\n<p> <span class=\"caption\"> <\/span> <\/p>\n<p class=\"caption\" style=\"text-align: justify;\">\u201cTENIS\u00a0 PANAM\u201d<\/p>\n<p> <span class=\"caption\"> <\/span> <\/p>\n<p class=\"caption\" style=\"text-align: justify;\">CALIDAD, ESTILOS Y PRECIO.<\/p>\n<p> <span class=\"caption\"> <\/span> <\/p>\n<p class=\"caption\" style=\"text-align: justify;\">Vis\u00edtanos. Madero 114 norte (entre Ju\u00e1rez y Escontr\u00eda) Cd. Valles SLP M\u00e9xico.<\/p>\n<p> <span class=\"caption\"> <\/span> <\/p>\n<p class=\"caption\" style=\"text-align: justify;\">++++++++++++++<\/p>\n<p> <span class=\"caption\"> <\/span> <\/p>\n<p class=\"caption\" style=\"text-align: justify;\">PRESIDENTE DEL CONGRESO EN DESACUERDO, EL ALCALDE DE VALLES ANDA\u00a0 EN VEHICULOS BLINDADOS Y UN SEQUITO DE HOMBRES ARMADOS.<\/p>\n<p> <span class=\"caption\"> <\/span> <\/p>\n<p class=\"caption\" style=\"text-align: justify;\">Est\u00e1 bien\u00a0 que el mun\u00edcipe de Valles\u00a0 diga hasta el cansancio que existe \u201cseguridad y tranquilidad\u201d para evitar cunda el p\u00e1nico entre la poblaci\u00f3n, pero la ciudadan\u00eda critica\u00a0 que disponga de una decena de \u00a0polic\u00edas para\u00a0 su seguridad personal y otros para funcionarios y familiares, el presidente del Congreso Diputado Manuel Barrera Guill\u00e9n conden\u00f3 ese abuso al declarar que no es congruente que algunos alcaldes digan que no hay inseguridad en sus municipios, pero andan en veh\u00edculos blindados y un s\u00e9quito de guardaespaldas. \u201c\u2026tengo datos muy curiosos de la huasteca en cuanto a la seguridad p\u00fablica, dicen los alcaldes que los reportes de violencia son muy focalizados y no hay nada de que preocuparse. No veo esa congruencia cuando veo pasar\u00a0 al alcalde de Ciudad Valles con varias camionetas blindadas y un s\u00e9quito de hombres armados, un escenario totalmente distinto al que pregona\u201d<\/p>\n<p> <span class=\"caption\"> <\/span> <\/p>\n<p class=\"caption\" style=\"text-align: justify;\">El legislador se\u00f1al\u00f3 que el alcalde de San Mart\u00edn Chal.\u00a0 Viaja en dos unidades blindadas y sus respectivos guardaespaldas, al igual su hermano, todo esto es muy costoso \u2013 denuncia &#8211;\u00a0 en lugar de proteger a la ciudadan\u00eda, emplear\u00a0 esa fuerza\u00a0 para dar seguridad a la ciudadan\u00eda.<\/p>\n<p> <span class=\"caption\"> <\/span> <\/p>\n<p class=\"caption\" style=\"text-align: justify;\">++++++++++<\/p>\n<p> <span class=\"caption\"> <\/span> <\/p>\n<p class=\"caption\" style=\"text-align: justify;\">Frutas y legumbres \u201cEL PEQUES\u201d<\/p>\n<p> <span class=\"caption\"> <\/span> <\/p>\n<p class=\"caption\" style=\"text-align: justify;\">Local 51 en el mercado\u00a0 \u201cGonzalo N. Santos\u201d por la calle P. D\u00edaz frente a la Tortiller\u00eda.Tel. 381-14-64 para servicio a domicilio de sus pedidos. mayoreo y menudeo a los mejores precios.<\/p>\n<p> <span class=\"caption\"> <\/span> <\/p>\n<p class=\"caption\" style=\"text-align: justify;\">Atenci\u00f3n personal de su amigo \u201cEl Peque\u201d<\/p>\n<p> <span class=\"caption\"> <\/span> <\/p>\n<p class=\"caption\" style=\"text-align: justify;\">++++++++++++++<\/p>\n<p> <span class=\"caption\"> <\/span> <\/p>\n<p class=\"caption\" style=\"text-align: justify;\">\u201cQUE NO PANDA EL CUNICO. NO PASA NADA\u201d EXHORTA EL ALCALDE EN RELACION AL CLIMA DE INSEGURIDAD PREVALECIENTE.<\/p>\n<p> <span class=\"caption\"> <\/span> <\/p>\n<p class=\"caption\" style=\"text-align: justify;\">Vecinos\u00a0 del sector de\u00a0 las calles Quiroga y Taninul\u00a0 cerca del ex penal distrital vieron\u00a0 y oyeron el \u201cenfrentamiento\u201d\u00a0 de hombres armados y polic\u00edas municipales la tarde del lunes pasado, lo extra\u00f1o dijeron a los medios\u00a0 es que no acudieron polic\u00edas estatales, federales y\u00a0 elementos del ej\u00e9rcito, inclusive la fotograf\u00eda publicada en medios informativos impresos aparecen \u00fanicamente unidades\u00a0 de la polic\u00eda municipal, sin embargo\u00a0 el alcalde hace un llamado al pueblo no temer, dijo que es un tema que ahora est\u00e1 en manos de las autoridades y el Ministerio P\u00fablico ya atiende el caso. No aclar\u00f3 si del fuero com\u00fan o federal.<\/p>\n<p> <span class=\"caption\"> <\/span> <\/p>\n<p class=\"caption\" style=\"text-align: justify;\">\u201cLas corporaciones del Estado, la Federaci\u00f3n y las corporaciones de Seguridad tienen una tarea qu\u00e9 realizar, por lo que esperaremos los resultados, estos hechos est\u00e1n puestos a disposici\u00f3n del MP y en su caso esperaremos cu\u00e1l es el resultado\u201d. Declara\u00a0 el mun\u00edcipe y agrega\u00a0 que la polic\u00eda uniformada municipal esta preparada para hacer frente a la delincuencia<\/p>\n<p> <span class=\"caption\"> <\/span> <\/p>\n<p class=\"caption\" style=\"text-align: justify;\">Sobre la detenci\u00f3n de cuatro supuestos delincuentes circula entre la misma polic\u00eda que\u00a0 uno de ellos habr\u00eda confesado que\u00a0 su prop\u00f3sito era\u00a0 ultimar al sub director de polic\u00eda y tr\u00e1nsito no identificado\u00a0 pero fall\u00f3. No se tiene la versi\u00f3n oficial debido a que existe hermetismo absoluto en torno al caso.\u00a0 Inclusive el mismo presidente del Congreso hace severos se\u00f1alamientos\u00a0 contra las autoridades\u00a0 encargadas de aplicar la justicia, al grado de que\u00a0 si el procurador de justicia sigue con acciones tibias al consignar a los presuntos delincuentes de tal manera que a los pocos d\u00edas recuperan su libertad, as\u00ed lo dijo el diputado Manuel Barrera Guillen.<\/p>\n<p> <span class=\"caption\"> <\/span> <\/p>\n<p class=\"caption\" style=\"text-align: justify;\">++++++++++<\/p>\n<p> <span class=\"caption\"> <\/span> <\/p>\n<p class=\"caption\" style=\"text-align: justify;\">\u201cHOTEL RIVIERA\u201d\u00a0\u00a0 en el coraz\u00f3n de<\/p>\n<p> <span class=\"caption\"> <\/span> <\/p>\n<p class=\"caption\" style=\"text-align: justify;\">Ciudad Valles SLP.<\/p>\n<p> <span class=\"caption\"> <\/span> <\/p>\n<p class=\"caption\" style=\"text-align: justify;\">5 DE Mayo 24\u00a0 Tel 014813823097<\/p>\n<p> <span class=\"caption\"> <\/span> <\/p>\n<p class=\"caption\" style=\"text-align: justify;\">Email hotelrivieravalles hotmail.com<\/p>\n<p> <span class=\"caption\"> <\/span> <\/p>\n<p class=\"caption\" style=\"text-align: justify;\">T\u00edpicamente Huasteco.<\/p>\n<p> <span class=\"caption\"> <\/span> <\/p>\n<p class=\"caption\" style=\"text-align: justify;\">+++++++++++++<\/p>\n<p> <span class=\"caption\"> <\/span> <\/p>\n<p class=\"caption\" style=\"text-align: justify;\">REGIDORES\u00a0\u00a0 APRUEBAN INCREMENTAR IMPUESTO PREDIAL, PARA LO UNICO QUE SIRVEN.<\/p>\n<p> <span class=\"caption\"> <\/span> <\/p>\n<p class=\"caption\" style=\"text-align: justify;\">+.- Tesorero afirma que\u00a0 no afectar\u00e1 econom\u00eda de contribuyentes de escasos recursos.<\/p>\n<p> <span class=\"caption\"> <\/span> <\/p>\n<p class=\"caption\" style=\"text-align: justify;\">Con el argumento de una mayor plusval\u00eda para los predios donde el municipio administr\u00f3 recursos federales para\u00a0 pavimentar calles, ahora los regidores\u00a0 a solicitud del alcalde a trav\u00e9s del tesorero, autorizaron la propuesta que\u00a0 har\u00e1n al Congreso del estado para la aprobaci\u00f3n del presupuesto de ingresos y egresos del a\u00f1o 2017, de incrementar un 15%\u00a0 en el impuesto predial debido a que\u00a0 el gobierno municipal est\u00e1 urgido\u00a0 de capital para emprender \u201cobras y acciones\u201d en el segundo a\u00f1o del trienio. El Congreso\u00a0 a trav\u00e9s de las comisiones primera y segunda\u00a0 recibir\u00e1n de todos los municipios las propuestas\u00a0 hasta el 15 de noviembre.<\/p>\n<p> <span class=\"caption\"> <\/span> <\/p>\n<p class=\"caption\" style=\"text-align: justify;\">En lo que respecta al ayuntamiento de Valles, anticipan que habr\u00e1 recorte de participaciones mientras los compromisos pendientes como fue el pr\u00e9stamo por 35 millones de pesos\u00a0 se descuenta cada mes de esta partida comprometida sin el aval del congreso.<\/p>\n<p> <span class=\"caption\"> <\/span> <\/p>\n<p class=\"caption\" style=\"text-align: justify;\">\u201cBETY BOUTIQUE\u201d<\/p>\n<p> <span class=\"caption\"> <\/span> <\/p>\n<p class=\"caption\" style=\"text-align: justify;\">Privada\u00a0 Padre\u00a0 Xavier y G. Victoria\u00a0 zona centro.<\/p>\n<p> <span class=\"caption\"> <\/span> <\/p>\n<p class=\"caption\" style=\"text-align: justify;\">Art\u00edculos religiosos y\u00a0 regalos. Nuestra especialidad.<\/p>\n<p> <span class=\"caption\"> <\/span> <\/p>\n<p class=\"caption\" style=\"text-align: justify;\">Cd Valles SLP. Vis\u00edtenos sin compromiso.<\/p>\n<p> <span class=\"caption\"> <\/span> <\/p>\n<p class=\"caption\" style=\"text-align: justify;\">++++++++++++<\/p>\n<p> <span class=\"caption\"> <\/span> <\/p>\n<p class=\"caption\" style=\"text-align: justify;\">REGIDORES HACEN EL RIDICULO, NO SABEN LO QUE APRUEBAN EN EL INFORME MENSUAL.<\/p>\n<p> <span class=\"caption\"> <\/span> <\/p>\n<p class=\"caption\" style=\"text-align: justify;\">+.- \u201cPatinan\u201d cuando se les pregunta los ingresos de parqu\u00edmetros y ba\u00f1os p\u00fablicos.<\/p>\n<p> <span class=\"caption\"> <\/span> <\/p>\n<p class=\"caption\" style=\"text-align: justify;\">+.- No se\u00a0 redujeron el 20%\u00a0 de sueldo para apoyar\u00a0 el erario municipal.<\/p>\n<p> <span class=\"caption\"> <\/span> <\/p>\n<p class=\"caption\" style=\"text-align: justify;\">C\u00f3mo es que los regidores\u00a0 aprueban las cuentas p\u00fablicas mensuales del presidente municipal, ni siquiera se\u00a0 toman la molestia de revisar el rubro de ingresos y egresos, reciben el voluminoso expediente 24\u00a0 horas antes de la sesi\u00f3n mensual pero eso no los justifica de su marcada irresponsabilidad, la mayor\u00eda no cumplen sus comisiones porque no tienen \u201cguardaespaldas\u201d para desempe\u00f1ar su trabajo, otros radican en la capital del estado, no asisten enviando un certificado m\u00e9dico expedido por el director municipal. Eso si, pendientes de sus quincenas.<\/p>\n<p> <span class=\"caption\"> <\/span> <\/p>\n<p class=\"caption\" style=\"text-align: justify;\">Un regidor abordado por reporteros sobre la cuenta independiente correspondiente a los parqu\u00edmetros, no supo\u00a0 contestar pese a que ellos mismos se comprometieron a ser \u201cvigilantes\u201d\u00a0 de esa cuenta en especial, textualmente as\u00ed se expres\u00f3; \u201c\u2026 mes con mes la empresa que tiene la concesi\u00f3n, estamos llevando a cabo las cuentas correspondientes, tenemos un promedio un recurso como de 200 mil pesos\u201d el tesorero dijo a la regidora Lys hace dos meses que un promedio de 150 mil pesos mensuales eran las utilidades, en ese tiempo el alcalde pag\u00f3 200 mil pesos de apoyos provenientes de los \u201cparkis\u201d quedaron m\u00e1s de 200 mil\u00a0 en fondo, sumados dos meses m\u00e1s\u00a0 deb\u00eda reportarse cuando menos 500 mil pesos libres.<\/p>\n<p> <span class=\"caption\"> <\/span> <\/p>\n<p class=\"caption\" style=\"text-align: justify;\">El regidor se luce y sigue diciendo al inquirirle que era muy poco dinero reportado \u201c\u2026.No se en que par\u00e1metro sea. De momento desconozco el dato es\u00a0 el dato que nosotros tenemos&#8212;-\u201c que trat\u00f3 de decir\u00a0 al citar par\u00e1metro?<\/p>\n<p> <span class=\"caption\"> <\/span> <\/p>\n<p class=\"caption\" style=\"text-align: justify;\">Lo cierto es que la \u201ccomisi\u00f3n\u201d de regidores\u00a0 integrada al calor de la\u00a0 euforia de la concesi\u00f3n fue moment\u00e1nea. Los ingresos\u00a0 son manejados por un representante de la empresa concesionaria y una persona de absoluta confianza de tesorer\u00eda y por si no lo saben los se\u00f1ores regidores, el personal que opera los aparatos receptores de la cuota por tiempo es de la empresa exclusivamente, el municipio incumpli\u00f3\u00a0 a su compromiso de designar personal del ayuntamiento a desempe\u00f1ar ese trabajo.<\/p>\n<p> <span class=\"caption\"> <\/span> <\/p>\n<p class=\"caption\" style=\"text-align: justify;\">CARROCERIAS BUSTOS.<\/p>\n<p> <span class=\"caption\"> <\/span> <\/p>\n<p class=\"caption\" style=\"text-align: justify;\">Reforma y Lerdo de tejada Col. Altavista.<\/p>\n<p> <span class=\"caption\"> <\/span> <\/p>\n<p class=\"caption\" style=\"text-align: justify;\">Cd Valles SLP\u00a0 Tel. 3824777.<\/p>\n<p> <span class=\"caption\"> <\/span> <\/p>\n<p class=\"caption\" style=\"text-align: justify;\">En carrocer\u00edas para camiones y camionetas nadie nos compite.<\/p>\n<p> <span class=\"caption\"> <\/span> <\/p>\n<p class=\"caption\" style=\"text-align: justify;\">+++++++++++++++<\/p>\n<p> <span class=\"caption\"> <\/span> <\/p>\n<p class=\"caption\" style=\"text-align: justify;\">\u201cFINCA\u00a0 SAN ISIDRO\u201d<\/p>\n<p> <span class=\"caption\"> <\/span> <\/p>\n<p class=\"caption\" style=\"text-align: justify;\">Sal\u00f3n para fiestas de todo tipo.<\/p>\n<p> <span class=\"caption\"> <\/span> <\/p>\n<p class=\"caption\" style=\"text-align: justify;\">Carretera Valles \u2013 R\u00edo Verde Km. 8<\/p>\n<p> <span class=\"caption\"> <\/span> <\/p>\n<p class=\"caption\" style=\"text-align: justify;\">Contrataciones al Tel. 01 481 179 09<\/p>\n<p> <span class=\"caption\"> <\/span> <\/p>\n<p class=\"caption\" style=\"text-align: justify;\">Cd. Valles SLP M\u00e9xico.<\/p>\n<p> <span class=\"caption\"> <\/span> <\/p>\n<p class=\"caption\" style=\"text-align: justify;\">+++++++++++++++<\/p>\n<p> <span class=\"caption\"> <\/span> <\/p>\n<p class=\"caption\" style=\"text-align: justify;\">EL FUERO A POLITICOS MAL EMPLEADO, AGRAVIA A LA CIUDADANIA.<\/p>\n<p> <span class=\"caption\"> <\/span> <\/p>\n<p class=\"caption\" style=\"text-align: justify;\">Durante d\u00e9cadas el fuero que solo beneficia a los pol\u00edticos ha sido utilizado para cometer abusos de autoridad y ostentar un influyentismo mal entendido protegiendo a esa clase de elite que atropella los derechos ciudadanos con el argumento \u201csomos la autoridad\u201d\u00a0 de tal suerte que la corriente de algunos partidos pol\u00edticos para eliminar esa impunidad tiene el consenso del pueblo.<\/p>\n<p> <span class=\"caption\"> <\/span> <\/p>\n<p class=\"caption\" style=\"text-align: justify;\">A nivel estado, el PAN por conducto del vocero oficial diputado Alejandro Flores Flores fij\u00f3 la postura del partido; \u201cel fuero debe desaparecer totalmente a diputados, gobernador etc . debe respetarse\u00a0 la libre manifestaci\u00f3n de ideas en el recinto legislativo, es una exigencia ciudadana\u201d Hasta la semana anterior los tricolores no han externado ninguna opini\u00f3n al respecto, sin embargo el sentir es generalizado del pueblo que finalmente es el que manda y paga sus excesos\u00a0 en salarios\u00a0 prestaciones y otros gastos\u00a0 a los que un ciudadano com\u00fan no tiene acceso nunca porque\u00a0 esos beneficios exclusivos de la clase pol\u00edtica privilegiada.<\/p>\n<p> <span class=\"caption\"> <\/span> <\/p>\n<p class=\"caption\" style=\"text-align: justify;\">Una muestra de esos excesos fue protagonizada recientemente por el diputado del PRD\u00a0 (de apellido mexicanote) ahora exige que los polic\u00edas\u00a0 a los que amenaz\u00f3 e injuri\u00f3 le ofrezcan\u00a0 disculpas porque fue v\u00edctima de los abusos\u00a0 de la uniformada. Y a sus colegas y la sociedad pidi\u00f3 (no ofreci\u00f3) disculpas por el bochornoso caso, segundo en un a\u00f1o.<\/p>\n<p> <span class=\"caption\"> <\/span> <\/p>\n<p class=\"caption\" style=\"text-align: justify;\">\u201cCAF\u00c9 Y RESTAURANT\u00a0 EL FAROLITO\u201d<\/p>\n<p> <span class=\"caption\"> <\/span> <\/p>\n<p class=\"caption\" style=\"text-align: justify;\">Lo mejor de la cocina Huasteca; el tradicional zacahuil y cazueladas.<\/p>\n<p> <span class=\"caption\"> <\/span> <\/p>\n<p class=\"caption\" style=\"text-align: justify;\">Atendemos toda clase de\u00a0 festejos. Pedidos al<\/p>\n<p> <span class=\"caption\"> <\/span> <\/p>\n<p class=\"caption\" style=\"text-align: justify;\">Tel\u00a0 3821017 Ciudad Valles SLP.<\/p>\n<p> <span class=\"caption\"> <\/span> <\/p>\n<p class=\"caption\" style=\"text-align: justify;\">+++++++++++++++++<\/p>\n<p> <span class=\"caption\"> <\/span> <\/p>\n<p class=\"caption\" style=\"text-align: justify;\">PRIMOS BUSCARAN LA SUCESION MUNICIPAL DE CIUDAD VALLES.-<\/p>\n<p> <span class=\"caption\"> <\/span> <\/p>\n<p class=\"caption\" style=\"text-align: justify;\">Aqu\u00ed lo\u00a0 comentamos. Conforme avanza inexorable el trienio de Jorge Ter\u00e1n quien sue\u00f1a y trabaja ahora por la reelecci\u00f3n, en otros lares se\u00a0 trabaja y fluyen recursos econ\u00f3micos propios en busca de la postulaci\u00f3n\u00a0 como candidato independiente por la alcald\u00eda de Valles del empresario Adri\u00e1n Esper C\u00e1rdenas, est\u00e1 llegando a los votantes con programas sociales semejantes a los que patrocina condicionados el gobierno, la aceptaci\u00f3n\u00a0 es buena debido\u00a0 que los productos son de calidad sin manoseo oficial, esto\u00a0 tras el tropiezo de la ecov\u00eda\u00a0 que ser\u00e1 cosa del pasado. Y si el PRD convierte a AEC en su candidato?<\/p>\n<p> <span class=\"caption\"> <\/span> <\/p>\n<p class=\"caption\" style=\"text-align: justify;\">Por otra parte y desde la capital del estado tenemos noticias bien fundadas que el actual Secretario de turismo Arturo Esper Sulaiman concreta amarres pol\u00edticos con el PRI para convertirse en el candidato oficial por la presidencia municipal de Ciudad Valles.<\/p>\n<p> <span class=\"caption\"> <\/span> <\/p>\n<p class=\"caption\" style=\"text-align: justify;\">AES no est\u00e1 solo\u00a0 en esta empresa pol\u00edtica, su se\u00f1or padre Antonio Esper Bujaidar colaborador cercano del mandatario potosino y de la nomenclatura estatal que toma las decisiones del PRI.<\/p>\n<p> <span class=\"caption\"> <\/span> <\/p>\n<p class=\"caption\" style=\"text-align: justify;\">El proceso ser\u00e1 interesante, porque\u00a0 tambi\u00e9n aparecer\u00e1 la ex alcaldesa Socorro Herrera seguramente exigir\u00e1 a Ter\u00e1n devuelva el favor que ella protagoniz\u00f3 para lograr la votaci\u00f3n del triunfo, Esta es otra historia, a su tiempo.<\/p>\n<p> <span class=\"caption\"> <\/span> <\/p>\n<p class=\"caption\" style=\"text-align: justify;\">TELSOL\u2026..<\/p>\n<p> <span class=\"caption\"> <\/span> <\/p>\n<p class=\"caption\" style=\"text-align: justify;\">Amplio surtido de celulares en el mercado.<\/p>\n<p> <span class=\"caption\"> <\/span> <\/p>\n<p class=\"caption\" style=\"text-align: justify;\">Venta de equipo, reparaci\u00f3n y mantenimiento de celulares.<\/p>\n<p> <span class=\"caption\"> <\/span> <\/p>\n<p class=\"caption\" style=\"text-align: justify;\">Cambio de compa\u00f1\u00eda<\/p>\n<p> <span class=\"caption\"> <\/span> <\/p>\n<p class=\"caption\" style=\"text-align: justify;\">La esquina TELSOL\u00a0 Abasolo y Carranza Cd Valles SLP.<\/p>\n<p> <span class=\"caption\"> <\/span> <\/p>\n<p class=\"caption\" style=\"text-align: justify;\">++++++++++++++++<\/p>\n<p> <span class=\"caption\"> <\/span> <\/p>\n<p class=\"caption\" style=\"text-align: justify;\">NI COMPRANDO INICIATIVAS LOS DIPUTADOS\u00a0 FEDERALES HUASTECOS TRABAJAN POR SUS REPRESENTADOS.<\/p>\n<p> <span class=\"caption\"> <\/span> <\/p>\n<p class=\"caption\" style=\"text-align: justify;\">Caus\u00f3 revuelo una indiscreci\u00f3n de la diputada federal priista en el sentido que muchos de sus compa\u00f1eros de la C\u00e1mara de diputados compran\u00a0 las iniciativas a un costo de 10 y 15 mil pesos, y de acuerdo con Jorge Escudero un especialista en derecho\u00a0 de la capital del estado difundido en las redes sociales en el sentido que los diputados federales compran iniciativas de ley, pero aclara\u00a0 que en el caso de SLP contratan asesores para que los ayuden (porque solo les falta rebuznar) disculpa a sus compa\u00f1eros no est\u00e1n obligados a conocer\u00a0 de los temas, hay\u00a0 profesionales que ofertan sus servicios profesionales que son aprovechados al no existir alg\u00fan inconveniente.<\/p>\n<p> <span class=\"caption\"> <\/span> <\/p>\n<p class=\"caption\" style=\"text-align: justify;\">Recientemente la organizaci\u00f3n Ciudadanos Observando coment\u00f3 el an\u00e1lisis del estudio de trabajo y aprovechamiento de los diputados, precisamente\u00a0 (Christian S\u00e1nchez )\u00a0\u00a0 sale reprobado, ni siquiera alcanza el 0, lo mismo la plurinominal cenecista plurinominal de Valles Delia Guerrero sobresale\u00a0 en nada y en cuanto al diputado C\u00e1ndido Ochoa no tiene ninguna iniciativa personal porque en su condici\u00f3n de diputado del PVEM las presentan en bloque.<\/p>\n<p> <span class=\"caption\"> <\/span> <\/p>\n<p class=\"caption\" style=\"text-align: justify;\">Hasta donde se tiene conocimiento, son las bancadas las que comisionan a determinado \u201cmandadero\u201d para que presente una iniciativa que ya tiene la bendici\u00f3n de los que mandan, a eso van a San L\u00e1zaro\u00a0 \u00fanicamente a hacer presencia y votar lo que sus superiores ordenen. Recuerda usted a Rebeca Guevara siendo diputada federal? Se le fue el avi\u00f3n y aterriz\u00f3 en pista equivocada.<\/p>\n<p> <span class=\"caption\"> <\/span> <\/p>\n<p class=\"caption\" style=\"text-align: justify;\">REFACCIONARIA\u00a0 \u201cLA GOTA DORADA\u201d<\/p>\n<p> <span class=\"caption\"> <\/span> <\/p>\n<p class=\"caption\" style=\"text-align: justify;\">Nos especializamos en conexiones automotrices y agr\u00edcolas,<\/p>\n<p> <span class=\"caption\"> <\/span> <\/p>\n<p class=\"caption\" style=\"text-align: justify;\">Mangueras y bandas automotrices.<\/p>\n<p> <span class=\"caption\"> <\/span> <\/p>\n<p class=\"caption\" style=\"text-align: justify;\">Si no la tenemos, reparamos la da\u00f1ada.<\/p>\n<p> <span class=\"caption\"> <\/span> <\/p>\n<p class=\"caption\" style=\"text-align: justify;\">Glorieta Pedro A. Santos y carretera Valles R\u00edo Verde\u00a0 Ciudad Valles SLP.<\/p>\n<p> <span class=\"caption\"> <\/span> <\/p>\n<p class=\"caption\" style=\"text-align: justify;\">+++++++++++++++++<\/p>\n<p> <span class=\"caption\"> <\/span> <\/p>\n<p class=\"caption\" style=\"text-align: justify;\">RESIDENCIAS NUEVAS\u2026..\u00a0 dos plantas, tres rec\u00e1maras,<\/p>\n<p> <span class=\"caption\"> <\/span> <\/p>\n<p class=\"caption\" style=\"text-align: justify;\">Tres ba\u00f1os, cocina, sala y comedor.<\/p>\n<p> <span class=\"caption\"> <\/span> <\/p>\n<p class=\"caption\" style=\"text-align: justify;\">Cochera para dos veh\u00edculos\u00a0 y jard\u00edn. 140m2\u00a0 de construcci\u00f3n.<\/p>\n<p> <span class=\"caption\"> <\/span> <\/p>\n<p class=\"caption\" style=\"text-align: justify;\">Todos los servicios. Informes Cel\u00a0 4811220605<\/p>\n<p> <span class=\"caption\"> <\/span> <\/p>\n<p class=\"caption\" style=\"text-align: justify;\">+++++++++++++<\/p>\n<p> <span class=\"caption\"> <\/span> <\/p>\n<p class=\"caption\" style=\"text-align: justify;\">D E\u00a0 V O L A D A.&#8212;<\/p>\n<p> <span class=\"caption\"> <\/span> <\/p>\n<p class=\"caption\" style=\"text-align: justify;\">SALIDA DE JORGE DELGADO, FUE URDIDA EN CODESOL. \u2013 Nos equivocamos, hab\u00edamos considerado que el alcalde \u201ccon experiencia \u201c Jorge Ter\u00e1n ratificar\u00eda\u00a0 a Jorge Delgado L\u00f3pez en la sub direcci\u00f3n del INMUVI para\u00a0 aprovechar su conocimiento adquirido en tres a\u00f1os en el programa de vivienda popular y \u201cmantenerlo quieto\u201d pero se convirti\u00f3 en un obst\u00e1culo para quienes desde sus cargos no pod\u00edan hacer tranzas y \u201ctendieron la cama\u201d utilizando a los 18 consejeros que se \u201cagraviaron\u201d. Luego seguimos con este complot.<\/p>\n<p> <span class=\"caption\"> <\/span> <\/p>\n<p class=\"caption\" style=\"text-align: justify;\">La\u00a0 cita es en\u00a0 EL Caf\u00e9 \u201cLA NUEVA FE\u201d\u00a0 los platillos de la regi\u00f3n Huasteca aqu\u00ed los degustar\u00e1. Lo esperamos frente al palacio municipal\u00a0 en Cd. Valles SLP<\/p>\n<p> <span class=\"caption\"> <\/span> <\/p>\n<p class=\"caption\" style=\"text-align: justify;\">Se not\u00f3 el derroche de la legisladora local en su informe legislativo, lo hizo en un exclusivo\u00a0 auditorio a donde la concurrencia fue en sus autom\u00f3viles propios del a\u00f1o, no fue lo mismo del diputado Oscar Vera Fabregat del PCP fue muy modesto su informe, se\u00f1al\u00f3 su trabajo sobre las leyes de transparencia, rendici\u00f3n de cuentas, anticorrupci\u00f3n, la reelecci\u00f3n, los juicios orales que consider\u00f3 un desastre, entre otros.<\/p>\n<p> <span class=\"caption\"> <\/span> <\/p>\n<p class=\"caption\" style=\"text-align: justify;\">PESIMA LEGISLATURA ACTUAL; Vera F\u00e1bregat. Al menos fue sincero, el tres veces diputado \u201cpluri\u201d `por el Partido familiar fue\u00a0 a fondo sobre\u00a0 el desempe\u00f1o de sus compa\u00f1eros. Los\u00a0 concurrentes al informe preguntaron sobre temas que preocupan a la comunidad huasteca, como es el proyecto Monterrey VI,\u00a0 \u201cNo quiero que me cataloguen de flojo\u201d; dijo que los diputados en la actualidad ni leen ni se comprometen, no toman en serio su funci\u00f3n de legislar, \u201cde tres legislaciones en las que ha estado, \u00e9sta es la m\u00e1s mala<\/p>\n<p> <span class=\"caption\"> <\/span> <\/p>\n<p class=\"caption\" style=\"text-align: justify;\">ADMINISTRACION MUNICIPAL\u00a0 enfrenta crisis financiera por reducci\u00f3n de participaciones federales, cierto afecta desarrollo de obras y acciones, sin embargo est\u00e1n en todo su derecho de exigir devoluci\u00f3n de millonadas de pesos desviados o no aplicados en las administraciones\u00a0 de Socorro Herrera y Juan Jos\u00e9 Ortiz. Extra\u00f1amente el Congreso y la ASE \u201ccongelaron\u201d esas cuentas que afectan la econom\u00eda del municipio de Valles.<\/p>\n<p> <span class=\"caption\"> <\/span> <\/p>\n<p class=\"caption\" style=\"text-align: justify;\">EMBARGAN BIENES DE COCO\u2026. Por\u00a0 cierto AFORE embarg\u00f3 bienes\u00a0 a la ex alcaldesa Socorro Herrera por adeudo de esa obligaci\u00f3n. En la pr\u00f3xima columna les informaremos ampliamente de esta haza\u00f1a que no pudo eludir Coco quien ya tuvo otras broncas de corte laboral.<\/p>\n<p> <span class=\"caption\"> <\/span> <\/p>\n<p class=\"caption\" style=\"text-align: justify;\">La cita es en \u201dCAF\u00c9 y RESTAURANT \u201cLA FE DOS\u201d frente al jard\u00edn.<\/p>\n<p> <span class=\"caption\"> <\/span> <\/p>\n<p class=\"caption\" style=\"text-align: justify;\">El sitio de reuni\u00f3n\u00a0 con los amigos degustando un exquisito caf\u00e9. Cd Valles SLP<\/p>\n<p> <span class=\"caption\"> <\/span> <\/p>\n<p class=\"caption\" style=\"text-align: justify;\">\u00a0<\/p>\n<p> <span class=\"caption\"> <\/span> <\/p>\n<p class=\"caption\" style=\"text-align: justify;\">++++++++++++++++++<\/p>\n<p> <span class=\"caption\"> <\/span> <\/p>\n<p class=\"caption\" style=\"text-align: justify;\">\u00a0<\/p><\/p>\n","protected":false},"excerpt":{"rendered":"<p>Oficial, Ciudad Valles es foco rojo en inseguridad en la entidad potosina, pero en Vales \u201cno pasa nada\u201d los delitos de alto impacto disminuyen, impera la tranquilidad: dice el Alcalde. El alcalde as\u00ed lo dice rodeado de \u201cguarda espaldas\u201d, el secretario dice que\u00a0 informaci\u00f3n en &hellip; <\/p>\n","protected":false},"author":1,"featured_media":17874,"comment_status":"open","ping_status":"open","sticky":false,"template":"","format":"standard","meta":{"footnotes":""},"categories":[17],"tags":[],"class_list":["post-13823","post","type-post","status-publish","format-standard","has-post-thumbnail","hentry","category-colaboraciones"],"_links":{"self":[{"href":"https:\/\/amanecerhuasteco.com\/portal\/wp-json\/wp\/v2\/posts\/13823","targetHints":{"allow":["GET"]}}],"collection":[{"href":"https:\/\/amanecerhuasteco.com\/portal\/wp-json\/wp\/v2\/posts"}],"about":[{"href":"https:\/\/amanecerhuasteco.com\/portal\/wp-json\/wp\/v2\/types\/post"}],"author":[{"embeddable":true,"href":"https:\/\/amanecerhuasteco.com\/portal\/wp-json\/wp\/v2\/users\/1"}],"replies":[{"embeddable":true,"href":"https:\/\/amanecerhuasteco.com\/portal\/wp-json\/wp\/v2\/comments?post=13823"}],"version-history":[{"count":0,"href":"https:\/\/amanecerhuasteco.com\/portal\/wp-json\/wp\/v2\/posts\/13823\/revisions"}],"wp:featuredmedia":[{"embeddable":true,"href":"https:\/\/amanecerhuasteco.com\/portal\/wp-json\/wp\/v2\/media\/17874"}],"wp:attachment":[{"href":"https:\/\/amanecerhuasteco.com\/portal\/wp-json\/wp\/v2\/media?parent=13823"}],"wp:term":[{"taxonomy":"category","embeddable":true,"href":"https:\/\/amanecerhuasteco.com\/portal\/wp-json\/wp\/v2\/categories?post=13823"},{"taxonomy":"post_tag","embeddable":true,"href":"https:\/\/amanecerhuasteco.com\/portal\/wp-json\/wp\/v2\/tags?post=13823"}],"curies":[{"name":"wp","href":"https:\/\/api.w.org\/{rel}","templated":true}]}}