{"id":14116,"date":"2016-11-08T18:30:35","date_gmt":"2016-11-09T00:30:35","guid":{"rendered":"http:\/\/amanecerhuasteco.com\/portal\/2016\/11\/08\/en-sesia%c2%b3n-ordinaria-es-electo-contralor-interno-de-ceepac\/"},"modified":"2016-11-08T18:30:35","modified_gmt":"2016-11-09T00:30:35","slug":"en-sesia%c2%b3n-ordinaria-es-electo-contralor-interno-de-ceepac","status":"publish","type":"post","link":"https:\/\/amanecerhuasteco.com\/portal\/en-sesia%c2%b3n-ordinaria-es-electo-contralor-interno-de-ceepac\/","title":{"rendered":"En Sesi\u00f3n Ordinaria es electo Contralor Interno de CEEPAC"},"content":{"rendered":"<p class=\"caption\" style=\"text-align: justify;\">San Luis Potos\u00ed.- Octubre 27, 2016 &#8211;\u00a0 Con fundamento en lo establecido por los art\u00edculos 31 Bis de la Constituci\u00f3n Pol\u00edtica local; y 84 de la Ley Electoral del Estado de San Luis Potos\u00ed, en sesi\u00f3n ordinaria el pleno de la LXI Legislatura eligi\u00f3 por mayor\u00eda calificada, con 20 votos a favor, a Jes\u00fas Chevaile Abad como Contralor Interno del Consejo Estatal Electoral y de Participaci\u00f3n Ciudadana (CEEPAC) para el periodo del 1 de noviembre de 2016 al 31 de octubre del 2020, en sustituci\u00f3n de Emanuel Medina Salinas quien concluye su encargo. Chevaile Abad cumpli\u00f3 con los requisitos establecidos en la convocatoria p\u00fablica que emiti\u00f3 el Congreso del Estado para este proceso de elecci\u00f3n y acredit\u00f3 experiencia profesional, preparaci\u00f3n acad\u00e9mica, conocimientos, capacidad y aptitudes para desempe\u00f1ar este cargo en el CEEPAC.<\/p>\n<p class=\"caption\" style=\"text-align: justify;\">De 23 personas que se registraron en busca de este cargo, la Comisi\u00f3n Especial encargada de sustanciar el procedimiento para la elecci\u00f3n del Contralor Interno del Consejo Estatal Electoral y de Participaci\u00f3n Ciudadana, consider\u00f3 que 21 cumplieron con los requisitos para que de entre ellas el pleno del Congreso del Estado hiciera su elecci\u00f3n, debido a que Mar\u00eda de Lourdes Gonz\u00e1lez Torres incumpli\u00f3 con algunos documentos e Ignacio Ram\u00edrez Diez Guti\u00e9rrez renunci\u00f3 al procedimiento argumentando motivos personales. Por ello, el dictamen de la Comisi\u00f3n Especial encargada de sustanciar el procedimiento para la elecci\u00f3n del Contralor Interno del Consejo Estatal Electoral y de Participaci\u00f3n Ciudadana incluy\u00f3 a los 21 aspirantes restantes: Guillermo Balderas Reyes, Jes\u00fas Chevaile Abad, Armando Mu\u00f1oz Salazar, Gabriela Irayda Loreto Herrera, Mar\u00eda de La Luz Mart\u00ednez Pe\u00f1a, Javier Garc\u00eda Ar\u00e9valo, Julio C\u00e9sar Medell\u00edn Galv\u00e1n, R\u00e9gulo Refugio Rosas V\u00e1zquez, Daniela del Roc\u00edo Salazar Gamba, Eduardo Z\u00fa\u00f1iga S\u00e1nchez, Mart\u00edn Gerardo Hern\u00e1ndez Galv\u00e1n, Diana del Roc\u00edo Mata Montenegro, Arturo \u00c1vila Esparza, Soledad Freyre Ram\u00edrez (quien obtuvo un voto a favor), Sonia Guillermina C\u00e1rdenas Guajardo, Mar\u00eda del Carmen Aranda Manteca, Eustasio Sierra D\u00e1valos, Cristina Mart\u00ednez Mendoza, Mart\u00edn de Jes\u00fas V\u00e1zquez L\u00f3pez (quien obtuvo dos votos a favor), Emma Elizabeth Y\u00e1nez Rodr\u00edguez y Juan Manuel Garc\u00eda Sandoval, para que indistintamente y de entre ellos se eligiera al Contralor Interno del CEEPAC.<\/p>\n<p class=\"caption\" style=\"text-align: justify;\">Despu\u00e9s del desarrollo del procedimiento que marc\u00f3 la convocatoria p\u00fablica correspondiente, el pleno del Congreso del Estado elegi\u00f3 al Contralor Interno del CEEPAC, quien posteriormente en sesi\u00f3n solemne rindi\u00f3 la protesta de ley para desempe\u00f1ar ese cargo ante la presencia del licenciado Jos\u00e9 \u00c1ngel Castillo Torres en representaci\u00f3n el Poder Ejecutivo del Estado.<\/p>\n<p style=\"text-align: justify;\">\u00a0<\/p>\n<p class=\"MsoPlainText\" style=\"text-align: justify;\"><span class=\"caption\">&#8212;<\/span><span style=\"font-family: &quot;Courier New&quot;;\"><\/span><\/p>\n","protected":false},"excerpt":{"rendered":"<p>San Luis Potos\u00ed.- Octubre 27, 2016 &#8211;\u00a0 Con fundamento en lo establecido por los art\u00edculos 31 Bis de la Constituci\u00f3n Pol\u00edtica local; y 84 de la Ley Electoral del Estado de San Luis Potos\u00ed, en sesi\u00f3n ordinaria el pleno de la LXI Legislatura eligi\u00f3 por &hellip; <\/p>\n","protected":false},"author":1,"featured_media":17874,"comment_status":"open","ping_status":"open","sticky":false,"template":"","format":"standard","meta":{"footnotes":""},"categories":[23],"tags":[],"class_list":["post-14116","post","type-post","status-publish","format-standard","has-post-thumbnail","hentry","category-congreso"],"_links":{"self":[{"href":"https:\/\/amanecerhuasteco.com\/portal\/wp-json\/wp\/v2\/posts\/14116","targetHints":{"allow":["GET"]}}],"collection":[{"href":"https:\/\/amanecerhuasteco.com\/portal\/wp-json\/wp\/v2\/posts"}],"about":[{"href":"https:\/\/amanecerhuasteco.com\/portal\/wp-json\/wp\/v2\/types\/post"}],"author":[{"embeddable":true,"href":"https:\/\/amanecerhuasteco.com\/portal\/wp-json\/wp\/v2\/users\/1"}],"replies":[{"embeddable":true,"href":"https:\/\/amanecerhuasteco.com\/portal\/wp-json\/wp\/v2\/comments?post=14116"}],"version-history":[{"count":0,"href":"https:\/\/amanecerhuasteco.com\/portal\/wp-json\/wp\/v2\/posts\/14116\/revisions"}],"wp:featuredmedia":[{"embeddable":true,"href":"https:\/\/amanecerhuasteco.com\/portal\/wp-json\/wp\/v2\/media\/17874"}],"wp:attachment":[{"href":"https:\/\/amanecerhuasteco.com\/portal\/wp-json\/wp\/v2\/media?parent=14116"}],"wp:term":[{"taxonomy":"category","embeddable":true,"href":"https:\/\/amanecerhuasteco.com\/portal\/wp-json\/wp\/v2\/categories?post=14116"},{"taxonomy":"post_tag","embeddable":true,"href":"https:\/\/amanecerhuasteco.com\/portal\/wp-json\/wp\/v2\/tags?post=14116"}],"curies":[{"name":"wp","href":"https:\/\/api.w.org\/{rel}","templated":true}]}}