{"id":14338,"date":"2016-11-25T05:12:10","date_gmt":"2016-11-25T11:12:10","guid":{"rendered":"http:\/\/amanecerhuasteco.com\/portal\/2016\/11\/25\/jm-carreras-reafirma-compromiso-por-la-educacia%c2%b3n\/"},"modified":"2016-11-25T05:12:10","modified_gmt":"2016-11-25T11:12:10","slug":"jm-carreras-reafirma-compromiso-por-la-educacia%c2%b3n","status":"publish","type":"post","link":"https:\/\/amanecerhuasteco.com\/portal\/jm-carreras-reafirma-compromiso-por-la-educacia%c2%b3n\/","title":{"rendered":"JM Carreras reafirma compromiso por la educaci\u00f3n"},"content":{"rendered":"<\/p>\n<p class=\"caption\" style=\"text-align: justify;\">-Asiste el mandatario potosino a tercera reuni\u00f3n del Grupo de Coordinaci\u00f3n Regional Noreste.<\/p>\n<p class=\"caption\" style=\"text-align: justify;\">Monterrey, Nuevo Le\u00f3n.- Tras concluir con los trabajos de la tercera reuni\u00f3n del Grupo de Coordinaci\u00f3n Regional Noreste, encabezada por el Secretario de Educaci\u00f3n, Aurelio Nu\u00f1o Mayer, el Gobernador del Estado de San Luis Potos\u00ed Juan Manuel Carreras L\u00f3pez, refrend\u00f3 su compromiso para enfocar los esfuerzos necesarios a fin de continuar impulsando las pol\u00edticas p\u00fablicas necesarias para que los centros escolares se conviertan en espacios abiertos de aprendizaje para nuestras ni\u00f1as y ni\u00f1os.<\/p>\n<p class=\"caption\" style=\"text-align: justify;\">Nu\u00f1o Mayer, reconoci\u00f3 que la regi\u00f3n noreste, es una de las m\u00e1s avanzadas y adelantadas con los diversos esfuerzos e indicadores que tienen que ver con la Reforma Educativa, \u201csin duda va a la vanguardia\u201d por lo que felicit\u00f3 por su esfuerzo a los gobernadores, entre ellos a Carreras L\u00f3pez.<\/p>\n<p class=\"caption\" style=\"text-align: justify;\">En el encuentro, al que asistieron los gobernadores de San Luis Potos\u00ed, Nuevo Le\u00f3n, Tamaulipas, Coahuila y Durango, se revisaron los avances del Plan Escuela al Centro, para que los planteles tengan mayor autonom\u00eda y acompa\u00f1amiento pedag\u00f3gico, adem\u00e1s del Programa Escuelas al CIEN, que con 50 mil millones de pesos adicionales rehabilita 33 mil planteles a nivel nacional.<\/p>\n<p class=\"caption\" style=\"text-align: justify;\">Adicional a ello, se dialog\u00f3 sobre\u00a0 el nuevo Modelo Educativo, para que los ni\u00f1os \u00abaprendan a aprender\u00bb, el abatimiento del rezago educativo, con el Programa Especial de Certificaci\u00f3n del Instituto Nacional para la Educaci\u00f3n de los Adultos, y el Programa @prende 2.0, que tiene la plataforma m\u00e1s grande de Iberoam\u00e9rica.<\/p>\n<p class=\"caption\" style=\"text-align: justify;\">Entre los compromisos asumidos por la entidad potosina en conjunto con los estados de la regi\u00f3n destaca el fortalecimiento de las estrategias para abatir el rezago educativo, el impulso en la implementaci\u00f3n del programa nacional de convivencia escolar, el establecimiento de protocolos de prevenci\u00f3n y atenci\u00f3n en temas de acoso y violencia escolar.<\/p>\n<p class=\"caption\" style=\"text-align: justify;\">En su mensaje, el funcionario federal, Nu\u00f1o Mayer, reconoci\u00f3 al Gobernador Juan Manuel Carreras y a sus hom\u00f3logos de Nuevo Le\u00f3n, Tamaulipas, Coahuila y Durango, por hacer de la educaci\u00f3n una prioridad.<\/p>\n<p class=\"caption\" style=\"text-align: justify;\">Agreg\u00f3 que con cooperaci\u00f3n estrecha entre los gobiernos estatales y federal se avanza en la Reforma Educativa, con un seguimiento puntual de los retos a trav\u00e9s del mecanismo de coordinaci\u00f3n regional.<\/p>\n<p class=\"caption\" style=\"text-align: justify;\">Finalmente se\u00f1al\u00f3 que el objetivo central de la Reforma Educativa es transformar radicalmente la forma de ense\u00f1ar, con un esfuerzo para sustituir la escuela burocr\u00e1tica por una escuela abierta, a fin de tener ni\u00f1os felices.<\/p>\n<p class=\"caption\" style=\"text-align: justify;\">Al concluir la reuni\u00f3n, el jefe del ejecutivo de San Luis Potos\u00ed, indic\u00f3 que la reforma que impuls\u00f3 el Presidente de la Rep\u00fablica, Enrique Pe\u00f1a Nieto, tiene el prop\u00f3sito de sumar las voluntades de todos los sectores de la sociedad para encaminarlos hacia una misma visi\u00f3n, la cual tiene la meta clara de establecer bases s\u00f3lidas para que nuestra ni\u00f1ez y juventud enfrente los retos globales del futuro.<\/p>\n<p class=\"caption\" style=\"text-align: justify;\">Asistieron a la reuni\u00f3n los gobernadores de Durango, Jos\u00e9 Rosas Aispuro; de Tamaulipas, Francisco Javier Garc\u00eda Cabeza de Vaca; de Coahuila, Rub\u00e9n Moreira Valdez y de Nuevo Le\u00f3n, Jaime Rodr\u00edguez Calder\u00f3n, as\u00ed como los secretarios de educaci\u00f3n de los estados que conforman la regi\u00f3n.<\/p>\n<p class=\"caption\" style=\"text-align: justify;\">&#8212;<\/p>\n<p class=\"caption\" style=\"text-align: justify;\">\u00a0<\/p>\n<p>\u00a0<\/p>\n<p class=\"MsoPlainText\"><span style=\"font-family: &quot;Courier New&quot;;\"> <\/span><\/p>\n","protected":false},"excerpt":{"rendered":"<p>-Asiste el mandatario potosino a tercera reuni\u00f3n del Grupo de Coordinaci\u00f3n Regional Noreste. Monterrey, Nuevo Le\u00f3n.- Tras concluir con los trabajos de la tercera reuni\u00f3n del Grupo de Coordinaci\u00f3n Regional Noreste, encabezada por el Secretario de Educaci\u00f3n, Aurelio Nu\u00f1o Mayer, el Gobernador del Estado de &hellip; <\/p>\n","protected":false},"author":1,"featured_media":14337,"comment_status":"open","ping_status":"open","sticky":false,"template":"","format":"standard","meta":{"footnotes":""},"categories":[4],"tags":[],"class_list":["post-14338","post","type-post","status-publish","format-standard","has-post-thumbnail","hentry","category-inicio"],"_links":{"self":[{"href":"https:\/\/amanecerhuasteco.com\/portal\/wp-json\/wp\/v2\/posts\/14338","targetHints":{"allow":["GET"]}}],"collection":[{"href":"https:\/\/amanecerhuasteco.com\/portal\/wp-json\/wp\/v2\/posts"}],"about":[{"href":"https:\/\/amanecerhuasteco.com\/portal\/wp-json\/wp\/v2\/types\/post"}],"author":[{"embeddable":true,"href":"https:\/\/amanecerhuasteco.com\/portal\/wp-json\/wp\/v2\/users\/1"}],"replies":[{"embeddable":true,"href":"https:\/\/amanecerhuasteco.com\/portal\/wp-json\/wp\/v2\/comments?post=14338"}],"version-history":[{"count":0,"href":"https:\/\/amanecerhuasteco.com\/portal\/wp-json\/wp\/v2\/posts\/14338\/revisions"}],"wp:featuredmedia":[{"embeddable":true,"href":"https:\/\/amanecerhuasteco.com\/portal\/wp-json\/wp\/v2\/media\/14337"}],"wp:attachment":[{"href":"https:\/\/amanecerhuasteco.com\/portal\/wp-json\/wp\/v2\/media?parent=14338"}],"wp:term":[{"taxonomy":"category","embeddable":true,"href":"https:\/\/amanecerhuasteco.com\/portal\/wp-json\/wp\/v2\/categories?post=14338"},{"taxonomy":"post_tag","embeddable":true,"href":"https:\/\/amanecerhuasteco.com\/portal\/wp-json\/wp\/v2\/tags?post=14338"}],"curies":[{"name":"wp","href":"https:\/\/api.w.org\/{rel}","templated":true}]}}