{"id":14344,"date":"2016-11-25T14:20:37","date_gmt":"2016-11-25T20:20:37","guid":{"rendered":"http:\/\/amanecerhuasteco.com\/portal\/2016\/11\/25\/despuas-de-enfrentamientos-hechos-de-sangre-amenazas-finalmente-autoridades-regularizaran-el-fraccionamiento-buenos-aires\/"},"modified":"2016-11-25T14:20:37","modified_gmt":"2016-11-25T20:20:37","slug":"despuas-de-enfrentamientos-hechos-de-sangre-amenazas-finalmente-autoridades-regularizaran-el-fraccionamiento-buenos-aires","status":"publish","type":"post","link":"https:\/\/amanecerhuasteco.com\/portal\/despuas-de-enfrentamientos-hechos-de-sangre-amenazas-finalmente-autoridades-regularizaran-el-fraccionamiento-buenos-aires\/","title":{"rendered":"Despu\u00e9s de enfrentamientos, hechos de sangre, amenazas finalmente autoridades regularizaran el Fraccionamiento Buenos Aires"},"content":{"rendered":"<p class=\"caption\" style=\"text-align: justify;\">\n<p class=\"caption\" style=\"text-align: justify;\">-Inicia regularizaci\u00f3n de 132 lotes<\/p>\n<p class=\"caption\" style=\"text-align: justify;\">Ciudad Valles.- Despu\u00e9s de m\u00e1s de 20 a\u00f1os de conflicto, este mi\u00e9rcoles 23 de noviembre por la tarde, autoridades federales, estatales y municipales entregaron los primeros levantamientos topogr\u00e1ficos\u00a0 que corresponden a la posesi\u00f3n legal de 3 parcelas del Fraccionamiento Buenos Aires con lo que se podr\u00e1 dar inicio a la regularizaci\u00f3n de 132 lotes que beneficiar\u00e1 a igual n\u00famero de familias de ese sector.<\/p>\n<p class=\"caption\" style=\"text-align: justify;\">La entrega de los levantamientos topogr\u00e1ficos se dio en el marco de una reuni\u00f3n realizada en el sal\u00f3n de Cabildo \u201cRafael Curiel Gallegos\u201d, donde estuvieron el Presidente Municipal Jorge Ter\u00e1n Ju\u00e1rez, el Delegado de la Secretar\u00eda de Desarrollo Agropecuario, Territorial y Urbano (SEDATU), Jos\u00e9 Ram\u00f3n del Campo Ortega; el Delegado de la Comisi\u00f3n para la Regularizaci\u00f3n de la Tenencia de la Tierra (CORETT), Jos\u00e9 Federico de la Torre Rodr\u00edguez; el Director Municipal de Asentamientos Humanos Irregulares, Horacio Olvera Barr\u00f3n; as\u00ed como vecinos del Fraccionamiento Buenos Aires.<\/p>\n<p class=\"caption\" style=\"text-align: justify;\">Jos\u00e9 Ram\u00f3n del Campo Ortega, Delegado de la SEDATU, dijo que se ha dado un gran paso en el proceso de regularizaci\u00f3n de ese sector, y con el apoyo de los involucrados, se logr\u00f3 que las autoridades nacionales como el Registro Agrario Nacional, Procuradur\u00eda Agraria, CORETT y la misma SEDATU, en coordinaci\u00f3n con el actual Ayuntamiento de Valles se logr\u00f3 hacer el levantamiento topogr\u00e1fico de 3 parcelas de siete que entrar\u00e1n en esta primera etapa, proceso que dio inicio hace unos meses y con el cual se dar\u00e1 certeza jur\u00eddica a quienes ocupan los terrenos en el Fraccionamiento Buenos Aires..<\/p>\n<p class=\"caption\" style=\"text-align: justify;\">Explic\u00f3 que a finales del a\u00f1o pasado el alcalde Jorge Ter\u00e1n Ju\u00e1rez, solicit\u00f3 la intervenci\u00f3n urgente de las autoridades federales para resolver esta controversia por la tenencia de la tierra que ten\u00edan los habitantes de este sector. Reconoci\u00f3 el funcionario estatal que la estrategia a seguir fue la reuni\u00f3n con las partes en conflicto de manera independiente para lograr un di\u00e1logo que permitiera respeto y paz social, para lograr que la intervenci\u00f3n en este proceso tuviera \u00e9xito.<\/p>\n<p class=\"caption\" style=\"text-align: justify;\">Indic\u00f3 que en este primer paso un total de 132 familias se ver\u00e1n beneficiadas con el inicio de manera oficial de la regularizaci\u00f3n ante Promotora del Estado, debido a que cuentan con el levantamiento topogr\u00e1fico de los lotes. Dijo que el levantamiento topogr\u00e1fico inicia despu\u00e9s de que los habitantes obtuvieron un dominio pleno del terreno.<\/p>\n<p class=\"caption\" style=\"text-align: justify;\">Por su parte Jos\u00e9 Federico de la Torre Rodr\u00edguez, Delegado de la CORETT, se\u00f1al\u00f3 el Alcalde Jorge Ter\u00e1n Ju\u00e1rez, se acerc\u00f3 a la dependencia para lograr dar la certeza jur\u00eddica a los habitantes de Buenos Aires que manten\u00edan conflicto constante por la posesi\u00f3n de los terrenos.<\/p>\n<p class=\"caption\" style=\"text-align: justify;\">A\u00f1adi\u00f3 que el Gobierno Municipal y la SEDATU, comenzaron el trabajo que beneficiar\u00eda a cientos de familias. En un inicio fue el Registro Agrario Nacional quien expidi\u00f3 t\u00edtulos de dominio pleno a 21 de 26 ejidatarios, documento que permiti\u00f3 que entraran a la siguiente fase que es la escrituraci\u00f3n. En esta primera etapa hay 7 parcelas que benefician a 200 familias, y este mi\u00e9rcoles entregaron los levantamientos topogr\u00e1ficos de las 3 primeras parcelas para beneficio de 132 familias.<\/p>\n<p class=\"caption\" style=\"text-align: justify;\">De la Torre Rodr\u00edguez, consider\u00f3 muy importante la labor realizada por el actual Ayuntamiento de Valles a trav\u00e9s del \u00e1rea de Catastro, equipo que realiz\u00f3 el levantamiento de los planos y el topogr\u00e1fico junto con la CORETT, porque hab\u00eda que sellar planos y hacer que correspondiera la cartograf\u00eda con la realidad en ese terreno, y existe ahora un compromiso para sacar las escrituras lo antes posible.<\/p>\n<p class=\"caption\" style=\"text-align: justify;\">Finalmente, el Alcalde Jorge Ter\u00e1n Ju\u00e1rez, asegur\u00f3 que se cumple el sue\u00f1o de cientos de familias quienes ahora lograron la seguridad de la tenencia de su tierra. Con el di\u00e1logo y el beneficio com\u00fan dijo, pudo lograrse el objetivo, de la entrega de los documentos topogr\u00e1ficos y con ello dar inicio al proceso de regularizaci\u00f3n con apoyo de los tres niveles de gobierno y principalmente del Gobernador Juan Manuel Carreras L\u00f3pez, as\u00ed como de todas las partes en conflicto quienes confiaron en las autoridades para poder dar soluci\u00f3n a un problema a\u00f1ejo por la posesi\u00f3n de la tierra en el Fraccionamiento Buenos Aires.<\/p>\n<p style=\"text-align: justify;\">\u00a0<\/p>\n<p class=\"MsoPlainText\" style=\"text-align: justify;\"><span class=\"caption\">&#8212;<\/span><span style=\"font-family: &quot;Courier New&quot;;\"><\/span><\/p>\n","protected":false},"excerpt":{"rendered":"<p>-Inicia regularizaci\u00f3n de 132 lotes Ciudad Valles.- Despu\u00e9s de m\u00e1s de 20 a\u00f1os de conflicto, este mi\u00e9rcoles 23 de noviembre por la tarde, autoridades federales, estatales y municipales entregaron los primeros levantamientos topogr\u00e1ficos\u00a0 que corresponden a la posesi\u00f3n legal de 3 parcelas del Fraccionamiento Buenos &hellip; <\/p>\n","protected":false},"author":1,"featured_media":14343,"comment_status":"open","ping_status":"open","sticky":false,"template":"","format":"standard","meta":{"footnotes":""},"categories":[4],"tags":[],"class_list":["post-14344","post","type-post","status-publish","format-standard","has-post-thumbnail","hentry","category-inicio"],"_links":{"self":[{"href":"https:\/\/amanecerhuasteco.com\/portal\/wp-json\/wp\/v2\/posts\/14344","targetHints":{"allow":["GET"]}}],"collection":[{"href":"https:\/\/amanecerhuasteco.com\/portal\/wp-json\/wp\/v2\/posts"}],"about":[{"href":"https:\/\/amanecerhuasteco.com\/portal\/wp-json\/wp\/v2\/types\/post"}],"author":[{"embeddable":true,"href":"https:\/\/amanecerhuasteco.com\/portal\/wp-json\/wp\/v2\/users\/1"}],"replies":[{"embeddable":true,"href":"https:\/\/amanecerhuasteco.com\/portal\/wp-json\/wp\/v2\/comments?post=14344"}],"version-history":[{"count":0,"href":"https:\/\/amanecerhuasteco.com\/portal\/wp-json\/wp\/v2\/posts\/14344\/revisions"}],"wp:featuredmedia":[{"embeddable":true,"href":"https:\/\/amanecerhuasteco.com\/portal\/wp-json\/wp\/v2\/media\/14343"}],"wp:attachment":[{"href":"https:\/\/amanecerhuasteco.com\/portal\/wp-json\/wp\/v2\/media?parent=14344"}],"wp:term":[{"taxonomy":"category","embeddable":true,"href":"https:\/\/amanecerhuasteco.com\/portal\/wp-json\/wp\/v2\/categories?post=14344"},{"taxonomy":"post_tag","embeddable":true,"href":"https:\/\/amanecerhuasteco.com\/portal\/wp-json\/wp\/v2\/tags?post=14344"}],"curies":[{"name":"wp","href":"https:\/\/api.w.org\/{rel}","templated":true}]}}