{"id":14604,"date":"2016-12-20T14:50:42","date_gmt":"2016-12-20T20:50:42","guid":{"rendered":"http:\/\/amanecerhuasteco.com\/portal\/2016\/12\/20\/entre-columnas-262\/"},"modified":"2016-12-20T14:50:42","modified_gmt":"2016-12-20T20:50:42","slug":"entre-columnas-262","status":"publish","type":"post","link":"https:\/\/amanecerhuasteco.com\/portal\/entre-columnas-262\/","title":{"rendered":"ENTRE COLUMNAS"},"content":{"rendered":"<p><!--[if gte mso 9]><xml> <o:OfficeDocumentSettings> <o:AllowPNG \/> <\/o:OfficeDocumentSettings> <\/xml><![endif]--><\/p>\n<p>Legisladores frenaron ambiciones de autoridades municipales de incrementar tarifas al agua en Ciudad Valles, buena respuesta\u00a0 de los diputados al compromiso de no autorizar incrementos\u00a0 a las tarifas de agua potable solicitadas por los alcaldes y organismos operadores, en el caso concreto de Valles\u00a0 las tres tarifas seguir\u00e1n igual\u00a0 como fueron condicionadas\u00a0 hace un a\u00f1o, no se autoriz\u00f3 aumento del 15% que pretend\u00edan pese a la campa\u00f1a negra que hicieron en el sentido que el drenaje general estaba colapsado.<span class=\"caption\"> <\/span><span class=\"caption\"> <\/span> <\/p>\n<p class=\"caption\" style=\"text-align: justify;\">El pasado a\u00f1o la autorizaci\u00f3n se dio al\u00a0 15 en lugar del 5% condicionado a que\u00a0 ser\u00eda saneada la administraci\u00f3n, la n\u00f3mina obesa\u00a0 ser\u00e1 reducida, recorte de personal y lo peor del caso es que de los 21 nuevos\u00a0 empleados son\u00a0 familiares\u00a0 directos de regidores y funcionarios del ayuntamiento, inclusive\u00a0 los mismos trabajadores\u00a0 del organismo revelaron que un yerno del alcalde tambi\u00e9n est\u00e1 en la n\u00f3mina. El diferencial recaudado ser\u00eda para obras de mantenimiento de redes colapsadas precisamente, este programa fue cerrado en el mes de octubre pero siguieron cobrando noviembre y diciembre.<\/p>\n<p> <span class=\"caption\"> <\/span> <\/p>\n<p class=\"caption\" style=\"text-align: justify;\">\u201cTENIS\u00a0 PANAM\u201d<\/p>\n<p> <span class=\"caption\"> <\/span> <\/p>\n<p class=\"caption\" style=\"text-align: justify;\">CALIDAD, ESTILOS Y PRECIO.<\/p>\n<p> <span class=\"caption\"> <\/span> <\/p>\n<p class=\"caption\" style=\"text-align: justify;\">Vis\u00edtanos. Madero 114 norte (entre Ju\u00e1rez y Escontr\u00eda) Cd. Valles SLP M\u00e9xico.<\/p>\n<p> <span class=\"caption\"> <\/span> <\/p>\n<p class=\"caption\" style=\"text-align: justify;\">++++++++++++++<\/p>\n<p> <span class=\"caption\"> <\/span> <\/p>\n<p class=\"caption\" style=\"text-align: justify;\">\u201c\u2026.. Y DE CUATRO QUE TENIA, SOLO QUEDAN DOS\u201d\u2026\u00a0 REGIDORES PANISTAS.<\/p>\n<p> <span class=\"caption\"> <\/span> <\/p>\n<p class=\"caption\" style=\"text-align: justify;\">De hecho desde pasada la elecci\u00f3n del ayuntamiento de Valles en Julio del 2015, solamente dos\u00a0 ciudadanos que contendieron\u00a0 en la planilla encabezada por Francisco G\u00f3mez Faisal, (los otros dos de cuatro, se \u00a0repartieron entre dos jefas de tribus y gracias\u00a0 al cual lograron la posici\u00f3n econ\u00f3mica privilegiada y holgada\u00a0 que ahora disfrutan) quienes son fieles al partido son Laura Alicia P\u00e9rez Moctezuma y Alberto Z\u00fa\u00f1iga Herverth quienes aportaron regalos en un evento interno reciente.<\/p>\n<p> <span class=\"caption\"> <\/span> <\/p>\n<p class=\"caption\" style=\"text-align: justify;\">Los otros dos regidores\u00a0 una se dizque independiz\u00f3 para luego aparecer como dirigente del Movimiento ciudadano- El otro es\u00a0 el abogado protegido de la ex alcaldesa Socorro Herrera quien como acusa FGF radica en la capital del estado\u00a0 e incumple con sus funciones en el cabildo, porque \u201cno vive en ciudad Valles\u201d recalca el futuro l\u00edder del PAN\u00a0\u00a0 en esta ciudad. No se cual sea la raz\u00f3n, \u00e9l tiene otros compromisos en la capital del estado y no asiste a los eventos del PAN\u201d Sin\u00a0 embargo agreg\u00f3 que en cuanto asuma el\u00a0 liderazgo\u00a0 iniciar\u00e1 trabajo de unificar la base militante.<\/p>\n<p> <span class=\"caption\"> <\/span> <\/p>\n<p class=\"caption\" style=\"text-align: justify;\">En concreto, el blanquiazul\u00a0 tiene 2 regidores\u00a0 en el cabildo, de los 4\u00a0 que conquist\u00f3 por la votaci\u00f3n obtenida por Paco G\u00f3mez Faisal en las pasadas elecciones\u00a0 para la sucesi\u00f3n de poderes\u00a0 del municipio de Valles.<\/p>\n<p> <span class=\"caption\"> <\/span> <\/p>\n<p class=\"caption\" style=\"text-align: justify;\">+++++++++<\/p>\n<p> <span class=\"caption\"> <\/span> <\/p>\n<p class=\"caption\" style=\"text-align: justify;\">Frutas y legumbres \u201cEL PEQUES\u201d<\/p>\n<p> <span class=\"caption\"> <\/span> <\/p>\n<p class=\"caption\" style=\"text-align: justify;\">Local 51 en el mercado\u00a0 \u201cGonzalo N. Santos\u201d por la calle P. D\u00edaz frente a la Tortiller\u00eda.Tel. 381-14-64 para servicio a domicilio de sus pedidos. mayoreo y menudeo a los mejores precios.<\/p>\n<p> <span class=\"caption\"> <\/span> <\/p>\n<p class=\"caption\" style=\"text-align: justify;\">Atenci\u00f3n personal de su amigo \u201cEl Peque\u201d<\/p>\n<p> <span class=\"caption\"> <\/span> <\/p>\n<p class=\"caption\" style=\"text-align: justify;\">++++++++++++++<\/p>\n<p> <span class=\"caption\"> <\/span> <\/p>\n<p class=\"caption\" style=\"text-align: justify;\">CUENTAS NO MUY CLARAS\u00a0 DE FORTASEG\u00a0 EN VALLES.<\/p>\n<p> <span class=\"caption\"> <\/span> <\/p>\n<p class=\"caption\" style=\"text-align: justify;\">Mientras\u00a0 el \u201cgobierno con experiencia\u201d ha declarado como informaci\u00f3n reservada los gastos del programa de seguridad Fortaseg, habr\u00e1 margen de dudas porque los n\u00fameros\u00a0 reportados en el informe anual no coinciden con\u00a0 la cantidad de elementos policiacos en activo y los reportados por oficial\u00eda mayor como dados de baja en dos partidas por no pasar el examen de confianza, una buena parte de esos polic\u00edas preventivos\u00a0 han costado miles de pesos al erario municipal de Valles para prepararlos para que\u00a0 ahora desempe\u00f1en funciones de comisionados en instalaciones\u00a0 municipales.<\/p>\n<p> <span class=\"caption\"> <\/span> <\/p>\n<p class=\"caption\" style=\"text-align: justify;\">En el referido informe aparece un rubro por la cantidad de 1 mill\u00f3n 816,351.20\u00a0 por concepto\u00a0 de uniformes y equipo a elementos de la polic\u00eda municipal, cuya n\u00f3mina\u00a0 aparece invariablemente con 150 ejerciendo cobro quincenal, pero en declaraciones de quienes han estado de directores\u00a0 nunca han precisado el n\u00famero de efectivos que a veces difiere con los que da oficial\u00eda mayor o el alcalde, pero el m\u00e1s reciente informe del titular reconoce que son 110 polic\u00edas.<\/p>\n<p> <span class=\"caption\"> <\/span> <\/p>\n<p class=\"caption\" style=\"text-align: justify;\">Haga\u00a0 sus propias conclusiones son casi 2 mill\u00f3n es de pesos\u00a0 entre 110 elementos (aunque aparezcan en n\u00f3mina 150) cada uniforme y equipo tuvieron un precio de oro, pero fueron dos entregas durante el a\u00f1o, para el pr\u00f3ximo ser\u00e1n adquiridas cuatro unidades motorizadas (conocidas como patrullas)ahora\u00a0 disponen de 17 veh\u00edculos\u00a0 aunque cuando la ciudadan\u00eda solicita auxilio simplemente no tienen disponibles.<\/p>\n<p> <span class=\"caption\"> <\/span> <\/p>\n<p class=\"caption\" style=\"text-align: justify;\">++++++++++++++<\/p>\n<p> <span class=\"caption\"> <\/span> <\/p>\n<p class=\"caption\" style=\"text-align: justify;\">\u201cHOTEL RIVIERA\u201d\u00a0\u00a0 en el coraz\u00f3n de<\/p>\n<p> <span class=\"caption\"> <\/span> <\/p>\n<p class=\"caption\" style=\"text-align: justify;\">Ciudad Valles SLP.<\/p>\n<p> <span class=\"caption\"> <\/span> <\/p>\n<p class=\"caption\" style=\"text-align: justify;\">5 DE Mayo 24\u00a0 Tel 014813823097<\/p>\n<p> <span class=\"caption\"> <\/span> <\/p>\n<p class=\"caption\" style=\"text-align: justify;\">Email hotelrivieravalles hotmail.com<\/p>\n<p> <span class=\"caption\"> <\/span> <\/p>\n<p class=\"caption\" style=\"text-align: justify;\">T\u00edpicamente Huasteco.<\/p>\n<p> <span class=\"caption\"> <\/span> <\/p>\n<p class=\"caption\" style=\"text-align: justify;\">+++++++++++++<\/p>\n<p> <span class=\"caption\"> <\/span> <\/p>\n<p class=\"caption\" style=\"text-align: justify;\">\u00a0<\/p>\n<p> <span class=\"caption\"> <\/span> <\/p>\n<p class=\"caption\" style=\"text-align: justify;\">Fue elecci\u00f3n chueca, el triunfo de Narcia Pesina<\/p>\n<p> <span class=\"caption\"> <\/span> <\/p>\n<p class=\"caption\" style=\"text-align: justify;\">En lo que parece ser jugada del exsecretario general, para dejar como l\u00edder a una persona que cubriera sus espaldas a su salida, finalmente sali\u00f3 a la luz p\u00fablica, ya que permitieron la participaci\u00f3n de los 120 trabajadores de nuevo ingreso.<\/p>\n<p> <span class=\"caption\"> <\/span> <\/p>\n<p class=\"caption\" style=\"text-align: justify;\">Cuando todo parec\u00eda\u00a0 consumado\u00a0 en la elecci\u00f3n de Narcia Pesina Gallegos\u00a0 como secretaria\u00a0 general del sindicato de trabajadores del municipio de Valles, hubo un fallo en contra emitido por las autoridades laborales derivado de la impugnaci\u00f3n que prosper\u00f3 presentada por Samuel Ju\u00e1rez Moran.<\/p>\n<p> <span class=\"caption\"> <\/span> <\/p>\n<p class=\"caption\" style=\"text-align: justify;\">Las irregularidades existieron\u00a0 en el padr\u00f3n utilizado donde aparecieron 120 nuevos sindicalizados no reconocidos o registrados ante las instancias, quienes marcaron la diferencia al momento de la elecci\u00f3n estatutaria.<\/p>\n<p> <span class=\"caption\"> <\/span> <\/p>\n<p class=\"caption\" style=\"text-align: justify;\">Ahora\u00a0 la directiva\u00a0 encabezada por Pesina Gallegos se tambalea porque la Junta estatal de Conciliaci\u00f3n y Arbitraje conforme a sus atribuciones podr\u00eda\u00a0 reponer el proceso\u00a0 convocando a nuevas elecciones.<\/p>\n<p> <span class=\"caption\"> <\/span> <\/p>\n<p class=\"caption\" style=\"text-align: justify;\">El ex dirigente y ahora funcionario de confianza en la administraci\u00f3n actual Sergio P\u00e9rez Garza hasta el pasado fin de semana no ha emitido declaraci\u00f3n al respecto.<\/p>\n<p> <span class=\"caption\"> <\/span> <\/p>\n<p class=\"caption\" style=\"text-align: justify;\">+++++++++<\/p>\n<p> <span class=\"caption\"> <\/span> <\/p>\n<p class=\"caption\" style=\"text-align: justify;\">\u00b7\u201dPADRE\u00a0 XAVIER\u201d art\u00edculos religiosos<\/p>\n<p> <span class=\"caption\"> <\/span> <\/p>\n<p class=\"caption\" style=\"text-align: justify;\">Accesorios para bautizo, presentaci\u00f3n, confirmaciones, XV a\u00f1os, 1ra comuni\u00f3n,<\/p>\n<p> <span class=\"caption\"> <\/span> <\/p>\n<p class=\"caption\" style=\"text-align: justify;\">Bodas y regalos.<\/p>\n<p> <span class=\"caption\"> <\/span> <\/p>\n<p class=\"caption\" style=\"text-align: justify;\">A sus \u00f3rdenes calle\u00a0 Pbro. Xavier E. Guerrero No. 12 B\u00a0\u00a0 Tel\u00e9fono 481\u00a0 382 33 79 Cd Valles SLP<\/p>\n<p> <span class=\"caption\"> <\/span> <\/p>\n<p class=\"caption\" style=\"text-align: justify;\">++++++++++++<\/p>\n<p> <span class=\"caption\"> <\/span> <\/p>\n<p class=\"caption\" style=\"text-align: justify;\">BONFILIO PEGADO A LA UBRE MUNICIPAL.<\/p>\n<p> <span class=\"caption\"> <\/span> <\/p>\n<p class=\"caption\" style=\"text-align: justify;\">&#8211; Compromiso\u00a0 con el presidente del tricolor.<\/p>\n<p> <span class=\"caption\"> <\/span> <\/p>\n<p class=\"caption\" style=\"text-align: justify;\">&#8211; Protegen a Pozos al grado que el director de Inmuvi dice ignorar que es su segundo.<\/p>\n<p> <span class=\"caption\"> <\/span> <\/p>\n<p class=\"caption\" style=\"text-align: justify;\">Pese\u00a0 a que la\u00a0 ASE\u00a0 en dos ocasiones ordena\u00a0 al gobierno de esta ciudad prescindir de los servicios\u00a0 del hijo del dirigente del tricolor por duplicidad de cargos p\u00fablicos, el \u201cgobierno con experiencia\u201d hizo como que atend\u00eda la disposici\u00f3n superior separ\u00e1ndolo unos meses (en enero 2016) de la direcci\u00f3n de desarrollo eco n\u00f3mico, inclusive informando que no cobraba un centavo por ese desempe\u00f1o, para junio reaparece en la n\u00f3mina municipal pero esta vez\u00a0 en el INMUVI\u00a0 como sub director t\u00e9cnico con un salario de casi 18 mil pesos mensuales<\/p>\n<p> <span class=\"caption\"> <\/span> <\/p>\n<p class=\"caption\" style=\"text-align: justify;\">Pozos\u00a0 fue sentenciado por la ASE a devolver a las arcas municipales de Valles los ingresos obtenidos, pero a\u00fan no ha devuelto el sueldo que percibi\u00f3 con Juan Jos\u00e9, ni los cuatro meses que trabaj\u00f3 con la actual administraci\u00f3n que requiri\u00f3 la ASE y desde junio cobra como subdirector de INMUVI, aunque el subtesorero de la Comuna, Francisco P\u00e9rez Topete neg\u00f3 que est\u00e9 incluido en la n\u00f3mina.<\/p>\n<p> <span class=\"caption\"> <\/span> <\/p>\n<p class=\"caption\" style=\"text-align: justify;\">ESTA ES LA HISTORIA<\/p>\n<p> <span class=\"caption\"> <\/span> <\/p>\n<p class=\"caption\" style=\"text-align: justify;\">En enero de 2014 la Auditor\u00eda Superior del Estado (ASE), exigi\u00f3 al entonces director de Desarrollo Econ\u00f3mico, Bonfilio Pozos Galv\u00e1n la devoluci\u00f3n del sueldo que percibi\u00f3 durante el a\u00f1o que labor\u00f3 en el Ayuntamiento, un estimado de 550 mil pesos, por no solicitar un permiso para dejar su encargo como inspector del Sistema Estatal Regular (SEER). Historia que se repiti\u00f3 durante esta administraci\u00f3n, ya que despu\u00e9s de 4 meses de asumir su encargo en esta misma \u00e1rea, de nueva cuenta la ASE dispuso la baja del funcionario por el doble empleo al pertenecer al sector educativo, y al Municipio simult\u00e1neamente. Oficialmente la tesorer\u00eda no ha informado ha devuelto, ni el primer requerimiento, que en ese entonces hasta fue obligado a firmar pagar\u00e9s como compromiso de pago, ni lo que corresponde al periodo que estuvo al frente de esta direcci\u00f3n. Lo mismo ocurri\u00f3 con otro profesor quien definitivamente se declar\u00f3 en la inopia para no pagar al municipio y no pasa nada<\/p>\n<p> <span class=\"caption\"> <\/span> <\/p>\n<p class=\"caption\" style=\"text-align: justify;\">+++++++++++.<\/p>\n<p> <span class=\"caption\"> <\/span> <\/p>\n<p class=\"caption\" style=\"text-align: justify;\">CARROCERIAS BUSTOS.<\/p>\n<p> <span class=\"caption\"> <\/span> <\/p>\n<p class=\"caption\" style=\"text-align: justify;\">Reforma y Lerdo de tejada Col. Altavista.<\/p>\n<p> <span class=\"caption\"> <\/span> <\/p>\n<p class=\"caption\" style=\"text-align: justify;\">Cd Valles SLP\u00a0 Tel. 3824777.<\/p>\n<p> <span class=\"caption\"> <\/span> <\/p>\n<p class=\"caption\" style=\"text-align: justify;\">En carrocer\u00edas para camiones y camionetas nadie nos compite.<\/p>\n<p> <span class=\"caption\"> <\/span> <\/p>\n<p class=\"caption\" style=\"text-align: justify;\">+++++++++++++++<\/p>\n<p> <span class=\"caption\"> <\/span> <\/p>\n<p class=\"caption\" style=\"text-align: justify;\">\u201cEL PEJE \u201c NO ATENDIO INCONFORMIDADES CONTRA DIRIGENTES ESTATALES.<\/p>\n<p> <span class=\"caption\"> <\/span> <\/p>\n<p class=\"caption\" style=\"text-align: justify;\">+.- Acusan a Sergio Serrano\u00a0 de dividir al partido.<\/p>\n<p> <span class=\"caption\"> <\/span> <\/p>\n<p class=\"caption\" style=\"text-align: justify;\">El l\u00edder nacional de MORENA Andr\u00e9s Manuel L\u00f3pez Obrador, no est\u00e1 informado por sus bases en el estado y regionales existe\u00a0 inconformidad de militantes que se dicen defraudados por sus dirigentes\u00a0 en este caso de la entidad potosina en la persona de Sergio Serrano soriano, a quien culpan de no entregar a los comit\u00e9s\u00a0 municipales o regionales las partidas conforme a la ley y de malversar esos recursos.<\/p>\n<p> <span class=\"caption\"> <\/span> <\/p>\n<p class=\"caption\" style=\"text-align: justify;\">Antonio L\u00f3pez dirigente del partido en \u00c9bano aprovech\u00f3 la visita de El Peje a ciudad Valles donde se manifest\u00f3 y exigi\u00f3 una auditor\u00eda a los recursos\u00a0 asignados a MORENA para SLP, porque todo han manejado con opacidad -. Dice \u2013 que apenas se enter\u00f3 que Teresa Granados es la representante regional en esta ciudad, lament\u00f3 que en la campa\u00f1a pasada\u00a0 los gastos fueron absorbidos por los directivos en \u00c9bano.<\/p>\n<p> <span class=\"caption\"> <\/span> <\/p>\n<p class=\"caption\" style=\"text-align: justify;\">Desafortunadamente los militantes petroleros no lograron exponer personalmente el problema que tambi\u00e9n los dirigentes de Valles han denunciado p\u00fablicamente, la respuesta es que\u00a0 est\u00e1n marginados porque\u00a0 fue designado otro comit\u00e9 fantasma seg\u00fan la denuncia de Ricardo del Sol quien fung\u00eda como presidente, quien inclusive acusa que \u201cgente del pri est\u00e1 apoderada del partido Morena\u201d<\/p>\n<p> <span class=\"caption\"> <\/span> <\/p>\n<p class=\"caption\" style=\"text-align: justify;\">Los quejosos manifestaron su fracaso\u00a0 al no lograr entrevistarse con AMLO porque en cuanto baj\u00f3 del estrado, firm\u00f3 aut\u00f3grafos\u00a0 y subi\u00f3 a la camioneta para continuar su gira por R\u00edo Verde.<\/p>\n<p> <span class=\"caption\"> <\/span> <\/p>\n<p class=\"caption\" style=\"text-align: justify;\">\u201cFINCA\u00a0 SAN ISIDRO\u201d<\/p>\n<p> <span class=\"caption\"> <\/span> <\/p>\n<p class=\"caption\" style=\"text-align: justify;\">Sal\u00f3n para fiestas de todo tipo.<\/p>\n<p> <span class=\"caption\"> <\/span> <\/p>\n<p class=\"caption\" style=\"text-align: justify;\">Carretera Valles \u2013 R\u00edo Verde Km. 8<\/p>\n<p> <span class=\"caption\"> <\/span> <\/p>\n<p class=\"caption\" style=\"text-align: justify;\">Contrataciones al Tel. 01 481 179 09<\/p>\n<p> <span class=\"caption\"> <\/span> <\/p>\n<p class=\"caption\" style=\"text-align: justify;\">Cd. Valles SLP M\u00e9xico.<\/p>\n<p> <span class=\"caption\"> <\/span> <\/p>\n<p class=\"caption\" style=\"text-align: justify;\">+++++++++++++++<\/p>\n<p> <span class=\"caption\"> <\/span> <\/p>\n<p class=\"caption\" style=\"text-align: justify;\">++++++++++++++<\/p>\n<p> <span class=\"caption\"> <\/span> <\/p>\n<p class=\"caption\" style=\"text-align: justify;\">PACO GOMEZ HASTA\u00a0 ENERO TOMARA POSESION DEL PAN.<\/p>\n<p> <span class=\"caption\"> <\/span> <\/p>\n<p class=\"caption\" style=\"text-align: justify;\">+.- Actualmente\u00a0 no existe comit\u00e9, una delegada especial dirige al partido.<\/p>\n<p> <span class=\"caption\"> <\/span> <\/p>\n<p class=\"caption\" style=\"text-align: justify;\">Son pocos los panistas que deciden hacia el interior del comit\u00e9 municipal en Valles, porque las \u201ctribus\u201d defienden sus cotos de poder cuya finalidad obvia es seguir incrustados en cargos de elecci\u00f3n popular beneficiando tambi\u00e9n a sus huestes, esto ocurre porque\u00a0 la reci\u00e9n electa directiva no saben hasta cuando tomar\u00e1n posesi\u00f3n porque\u00a0 un consejero no le pareci\u00f3 el procedimiento e impugn\u00f3, de tal suerte que posiblemente hasta el mes de enero asuma el cargo si es que no se complica el asunto.<\/p>\n<p> <span class=\"caption\"> <\/span> <\/p>\n<p class=\"caption\" style=\"text-align: justify;\">El pasado fin de semana\u00a0 Paco G\u00f3mez Jr\u00a0 declar\u00f3 que\u00a0 a\u00fan no ten\u00eda el nombramiento oficial como presidente electo del PAN\u00a0 en Ciudad Valles pero \u201cestaba ratificado\u201d a\u00f1adi\u00f3 que \u201cprobablemente en enero asuma la presidencia del partido-<\/p>\n<p> <span class=\"caption\"> <\/span> <\/p>\n<p class=\"caption\" style=\"text-align: justify;\">\u201cCAF\u00c9 Y RESTAURANT\u00a0 EL FAROLITO\u201d<\/p>\n<p> <span class=\"caption\"> <\/span> <\/p>\n<p class=\"caption\" style=\"text-align: justify;\">Lo mejor de la cocina Huasteca; el tradicional zacahuil y cazueladas.<\/p>\n<p> <span class=\"caption\"> <\/span> <\/p>\n<p class=\"caption\" style=\"text-align: justify;\">Atendemos toda clase de\u00a0 festejos. Pedidos al<\/p>\n<p> <span class=\"caption\"> <\/span> <\/p>\n<p class=\"caption\" style=\"text-align: justify;\">Tel\u00a0 3821017 Ciudad Valles SLP.<\/p>\n<p> <span class=\"caption\"> <\/span> <\/p>\n<p class=\"caption\" style=\"text-align: justify;\">+++++++++++++++++<\/p>\n<p> <span class=\"caption\"> <\/span> <\/p>\n<p class=\"caption\" style=\"text-align: justify;\">ACAPARA TERAN RECONOCIMIENTOS POR OBRAS Y ACCIONES PAGADAS POR EL PUEBLO.<\/p>\n<p> <span class=\"caption\"> <\/span> <\/p>\n<p class=\"caption\" style=\"text-align: justify;\">+.- Este no tiene costo, lo hizo el estado.<\/p>\n<p> <span class=\"caption\"> <\/span> <\/p>\n<p class=\"caption\" style=\"text-align: justify;\">Me recuerda el film de Cantinflas denominado \u201cEl se\u00f1or embajador\u201d<\/p>\n<p> <span class=\"caption\"> <\/span> <\/p>\n<p class=\"caption\" style=\"text-align: justify;\">Para no quedar atr\u00e1s\u00a0 en hacer reconocimientos a su gente, el gobernador Juan Manuel Carreras\u00a0 entreg\u00f3 la semana anterior en la capital del estado reconocimientos a los alcaldes\u00a0 por su desempe\u00f1o\u00a0 \u201cmejor calidad\u00a0 de los servicios\u201d obviamente Ciudad Valles fue uno de ellos y as\u00ed\u00a0 se premia el trabajo realizado en su primer a\u00f1o de administraci\u00f3n destacando la pavimentaci\u00f3n de calles con recursos\u00a0 del ramo 33\u00a0 y los 35 millones de pesos obtenidos de un pr\u00e9stamo bancario. En este evento tambi\u00e9n hizo reconocimientos a los alcaldes que cumplieron con la agenda 21.<\/p>\n<p> <span class=\"caption\"> <\/span> <\/p>\n<p class=\"caption\" style=\"text-align: justify;\">Donde\u00a0 aun no se digiere y est\u00e1 en boca de la ciudadan\u00eda\u00a0 es el tour a recibir el premio de.la FENAMM que es una organizaci\u00f3n no gubernamental que brinda asesor\u00eda y servicios a los municipios PRIISTAS de M\u00e9xico. Para ser miembro de Fenamm los ayuntamientos deben pagar una cuota anual de membrec\u00eda que se determina con base en la poblaci\u00f3n del Municipio y su \u00edndice de desarrollo humano. La revista MUNICIPIUM que ellos editan, promociona actividades y logros municipales, algunos de sus costos son los siguientes:<\/p>\n<p> <span class=\"caption\"> <\/span> <\/p>\n<p class=\"caption\" style=\"text-align: justify;\">Media pagina $ 28,520.00<\/p>\n<p> <span class=\"caption\"> <\/span> <\/p>\n<p class=\"caption\" style=\"text-align: justify;\">P\u00e1gina completa: $ 41,055.00<\/p>\n<p> <span class=\"caption\"> <\/span> <\/p>\n<p class=\"caption\" style=\"text-align: justify;\">Cintillo $ 42,000.00<\/p>\n<p> <span class=\"caption\"> <\/span> <\/p>\n<p class=\"caption\" style=\"text-align: justify;\">Reportaje 4 p\u00e1ginas $ 64,152.00<\/p>\n<p> <span class=\"caption\"> <\/span> <\/p>\n<p class=\"caption\" style=\"text-align: justify;\">Costo por inversi\u00f3n $ 150,000.00<\/p>\n<p> <span class=\"caption\"> <\/span> <\/p>\n<p class=\"caption\" style=\"text-align: justify;\">Los premios que la FENAMM otorga igualmente tienen un costo<\/p>\n<p> <span class=\"caption\"> <\/span> <\/p>\n<p class=\"caption\" style=\"text-align: justify;\">++++++++<\/p>\n<p> <span class=\"caption\"> <\/span> <\/p>\n<p class=\"caption\" style=\"text-align: justify;\">TELSOL\u2026..<\/p>\n<p> <span class=\"caption\"> <\/span> <\/p>\n<p class=\"caption\" style=\"text-align: justify;\">Amplio surtido de celulares en el mercado.<\/p>\n<p> <span class=\"caption\"> <\/span> <\/p>\n<p class=\"caption\" style=\"text-align: justify;\">Venta de equipo, reparaci\u00f3n y mantenimiento de celulares.<\/p>\n<p> <span class=\"caption\"> <\/span> <\/p>\n<p class=\"caption\" style=\"text-align: justify;\">Cambio de compa\u00f1\u00eda<\/p>\n<p> <span class=\"caption\"> <\/span> <\/p>\n<p class=\"caption\" style=\"text-align: justify;\">La esquina TELSOL\u00a0 Abasolo y Carranza Cd Valles SLP.<\/p>\n<p> <span class=\"caption\"> <\/span> <\/p>\n<p class=\"caption\" style=\"text-align: justify;\">++++++++++++++++<\/p>\n<p> <span class=\"caption\"> <\/span> <\/p>\n<p class=\"caption\" style=\"text-align: justify;\">No tienen verg\u00fcenza.<\/p>\n<p> <span class=\"caption\"> <\/span> <\/p>\n<p class=\"caption\" style=\"text-align: justify;\">Regidores de Valles pretenden subirse el sueldo<\/p>\n<p> <span class=\"caption\"> <\/span> <\/p>\n<p class=\"caption\" style=\"text-align: justify;\">\u201c\u00a0Muertos de hambre, sinverg\u00fcenza, abusivos e irresponsables, son los calificativos\u00a0 que la ciudadan\u00eda expresa de las pretensiones de\u00a0 los regidores del ayuntamiento de Ciudad Valles, de aumentarse\u00a0 de los 49 mil pesos a una cantidad\u00a0 mayor a partir del siguiente a\u00f1o fiscal. Todo puede ser posible y qued\u00f3 abierta la puerta de posibilidades al aprobar un aumento de 166 millones de pesos mas al presupuesto del pr\u00f3ximo a\u00f1o por ellos mismos.<\/p>\n<p> <span class=\"caption\"> <\/span> <\/p>\n<p class=\"caption\" style=\"text-align: justify;\">Al respecto la regidora del Partido Revolucionario Institucional (PRI), Elizabeth Gonz\u00e1lez Bucio, que sus compa\u00f1eros de Cabildo quieran incrementarse el sueldo, caso contrario\u00a0 el aumento deber\u00eda ser para los trabajadores quienes cumplen realmente con sus obligaciones, porque dijo \u201ccomo regidores debemos velar por los trabajadores municipales, no por nuestros intereses\u201d adem\u00e1s hay empleados que laboran m\u00e1s horas de las que se debe y lo hacen contra las inclemencias del tiempo y en horarios nocturnos, a ellos es a quienes se debe compensar\u201d. Lo \u00fanico que se debe buscar, es que todos los empleados municipales tengan un mejor salario, porque desde el inicio de la administraci\u00f3n les fue descontado el 20 por ciento de su sueldo como forma de ahorro por parte de la administraci\u00f3n municipal.<\/p>\n<p> <span class=\"caption\"> <\/span> <\/p>\n<p class=\"caption\" style=\"text-align: justify;\">Con esta decisi\u00f3n se suma un buen ahorro de m\u00e1s de 300 mil pesos, con el despido de los cien trabajadores que fueron dados de baja por el recorte de presupuesto, por ello dijo con estos recursos se podr\u00eda incentivar y apoyar a los trabajadores. \u201cLa compensaci\u00f3n de los regidores supera los 38 mil pesos, el cual es suficiente para el trabajo que realizan los miembros del Cabildo, lo que falta son obras y resultados para los vallenses, por eso lejos de pensar en un aumento para los regidores, se debe de pensar en un incremento salarial para los trabajadores\u201d<\/p>\n<p> <span class=\"caption\"> <\/span> <\/p>\n<p class=\"caption\" style=\"text-align: justify;\">++++++++++++++<\/p>\n<p> <span class=\"caption\"> <\/span> <\/p>\n<p class=\"caption\" style=\"text-align: justify;\">REFACCIONARIA\u00a0 \u201cLA GOTA DORADA\u201d<\/p>\n<p> <span class=\"caption\"> <\/span> <\/p>\n<p class=\"caption\" style=\"text-align: justify;\">Nos especializamos en conexiones automotrices y agr\u00edcolas,<\/p>\n<p> <span class=\"caption\"> <\/span> <\/p>\n<p class=\"caption\" style=\"text-align: justify;\">Mangueras y bandas automotrices.<\/p>\n<p> <span class=\"caption\"> <\/span> <\/p>\n<p class=\"caption\" style=\"text-align: justify;\">Si no la tenemos, reparamos la da\u00f1ada.<\/p>\n<p> <span class=\"caption\"> <\/span> <\/p>\n<p class=\"caption\" style=\"text-align: justify;\">Glorieta Pedro A. Santos y carretera Valles R\u00edo Verde\u00a0 Ciudad Valles SLP.<\/p>\n<p> <span class=\"caption\"> <\/span> <\/p>\n<p class=\"caption\" style=\"text-align: justify;\">+++++++++++++++++<\/p>\n<p> <span class=\"caption\"> <\/span> <\/p>\n<p class=\"caption\" style=\"text-align: justify;\">RESIDENCIAS NUEVAS\u2026..\u00a0 dos plantas, tres rec\u00e1maras,<\/p>\n<p> <span class=\"caption\"> <\/span> <\/p>\n<p class=\"caption\" style=\"text-align: justify;\">Tres ba\u00f1os, cocina, sala y comedor.<\/p>\n<p> <span class=\"caption\"> <\/span> <\/p>\n<p class=\"caption\" style=\"text-align: justify;\">Cochera para dos veh\u00edculos\u00a0 y jard\u00edn. 140m2\u00a0 de construcci\u00f3n.<\/p>\n<p> <span class=\"caption\"> <\/span> <\/p>\n<p class=\"caption\" style=\"text-align: justify;\">Todos los servicios. Informes Cel\u00a0 4811220605<\/p>\n<p> <span class=\"caption\"> <\/span> <\/p>\n<p class=\"caption\" style=\"text-align: justify;\">+++++++++++++<\/p>\n<p> <span class=\"caption\"> <\/span> <\/p>\n<p class=\"caption\" style=\"text-align: justify;\">D E\u00a0 V O L A D A.&#8212;<\/p>\n<p> <span class=\"caption\"> <\/span> <\/p>\n<p class=\"caption\" style=\"text-align: justify;\">FELIZ NOCHE BUENA\u00a0 Y NAVIDAD\u00a0 SON LOS DESEOS\u00a0\u00a0 de Don Enrique Hern\u00e1ndez y familia propietarios del Caf\u00e9 \u201cLA NUEVA FE\u201d los invita a degustar los platillos de la regi\u00f3n Huasteca. Lo esperamos frente al palacio municipal\u00a0 en Cd. Valles SLP<\/p>\n<p> <span class=\"caption\"> <\/span> <\/p>\n<p class=\"caption\" style=\"text-align: justify;\">AL REGIDOR LUPE ARTEAGA\u00a0 antes que acaparar puestos, primero atienda de tiempo completo sus obligaciones\u00a0 como regidor del ayuntamiento de Valles, por\u00a0 andar disputando el l\u00edderazgo de la UCD, se a pasa\u00a0\u00a0 en otras partes menos donde debe\u00a0 atender a quienes votaron por \u00e9l y disfrute de sus casi 49 mil pesos mensuales. Claro si tendr\u00e1 una \u201cfeliz noche buena\u201d<\/p>\n<p> <span class=\"caption\"> <\/span> <\/p>\n<p class=\"caption\" style=\"text-align: justify;\">DENTRO DE DOS A\u00d1OS SERA \u201cCRUDA NAVIDAD\u201d\u00a0 para todos los regidores cuyo cargo no desempe\u00f1an y mucho menos atienden al pueblo que voto por ellos, solamente les queda un feliz a\u00f1o nuevo y feliz navidad para el 2018 ser\u00e1 \u201ccruda navidad y venturoso a\u00f1o 2020\u201d los que ahorraron no se preocuparan pero quienes ahora ase dan vida de ricos, sabr\u00e1n lo que es depender\u00a0 de un salario m\u00ednimo si es que son ocupados a sus edades. Saludos.<\/p>\n<p> <span class=\"caption\"> <\/span> <\/p>\n<p class=\"caption\" style=\"text-align: justify;\">La cita es en \u201dCAF\u00c9 y RESTAURANT \u201cLA FE DOS\u201d frente al jard\u00edn.<\/p>\n<p> <span class=\"caption\"> <\/span> <\/p>\n<p class=\"caption\" style=\"text-align: justify;\">El sitio de reuni\u00f3n\u00a0 con los amigos degustando un exquisito caf\u00e9. Cd Valles SLP<\/p>\n<p> <span class=\"caption\"> <\/span> <\/p>\n<p class=\"caption\" style=\"text-align: justify;\">\u00a0<\/p>\n<p> <span class=\"caption\"> <\/span> <\/p>\n<p class=\"caption\" style=\"text-align: justify;\">++++++++++++++++++<\/p>\n<p> <span class=\"caption\"> <\/span> <\/p>\n<p class=\"caption\" style=\"text-align: justify;\">\u00a0<\/p>\n<p> <span class=\"caption\"> <\/span> <\/p>\n<p class=\"caption\" style=\"text-align: justify;\">\u00a0<\/p>\n<p> <span class=\"caption\"> <\/span> <\/p>\n<p class=\"caption\" style=\"text-align: justify;\">\u00a0<\/p><\/p>\n","protected":false},"excerpt":{"rendered":"<p>Legisladores frenaron ambiciones de autoridades municipales de incrementar tarifas al agua en Ciudad Valles, buena respuesta\u00a0 de los diputados al compromiso de no autorizar incrementos\u00a0 a las tarifas de agua potable solicitadas por los alcaldes y organismos operadores, en el caso concreto de Valles\u00a0 las &hellip; <\/p>\n","protected":false},"author":1,"featured_media":17874,"comment_status":"open","ping_status":"open","sticky":false,"template":"","format":"standard","meta":{"footnotes":""},"categories":[17],"tags":[],"class_list":["post-14604","post","type-post","status-publish","format-standard","has-post-thumbnail","hentry","category-colaboraciones"],"_links":{"self":[{"href":"https:\/\/amanecerhuasteco.com\/portal\/wp-json\/wp\/v2\/posts\/14604","targetHints":{"allow":["GET"]}}],"collection":[{"href":"https:\/\/amanecerhuasteco.com\/portal\/wp-json\/wp\/v2\/posts"}],"about":[{"href":"https:\/\/amanecerhuasteco.com\/portal\/wp-json\/wp\/v2\/types\/post"}],"author":[{"embeddable":true,"href":"https:\/\/amanecerhuasteco.com\/portal\/wp-json\/wp\/v2\/users\/1"}],"replies":[{"embeddable":true,"href":"https:\/\/amanecerhuasteco.com\/portal\/wp-json\/wp\/v2\/comments?post=14604"}],"version-history":[{"count":0,"href":"https:\/\/amanecerhuasteco.com\/portal\/wp-json\/wp\/v2\/posts\/14604\/revisions"}],"wp:featuredmedia":[{"embeddable":true,"href":"https:\/\/amanecerhuasteco.com\/portal\/wp-json\/wp\/v2\/media\/17874"}],"wp:attachment":[{"href":"https:\/\/amanecerhuasteco.com\/portal\/wp-json\/wp\/v2\/media?parent=14604"}],"wp:term":[{"taxonomy":"category","embeddable":true,"href":"https:\/\/amanecerhuasteco.com\/portal\/wp-json\/wp\/v2\/categories?post=14604"},{"taxonomy":"post_tag","embeddable":true,"href":"https:\/\/amanecerhuasteco.com\/portal\/wp-json\/wp\/v2\/tags?post=14604"}],"curies":[{"name":"wp","href":"https:\/\/api.w.org\/{rel}","templated":true}]}}