{"id":14958,"date":"2017-01-30T21:24:47","date_gmt":"2017-01-31T03:24:47","guid":{"rendered":"http:\/\/amanecerhuasteco.com\/portal\/2017\/01\/30\/primaria-francisco-villa-realiza-honores-a-la-bandera-en-plaza-principal\/"},"modified":"2017-01-30T21:24:47","modified_gmt":"2017-01-31T03:24:47","slug":"primaria-francisco-villa-realiza-honores-a-la-bandera-en-plaza-principal","status":"publish","type":"post","link":"https:\/\/amanecerhuasteco.com\/portal\/primaria-francisco-villa-realiza-honores-a-la-bandera-en-plaza-principal\/","title":{"rendered":"Primaria \u201cFrancisco Villa\u201d realiza honores a la bandera en plaza principal"},"content":{"rendered":"<\/p>\n<p class=\"caption\" style=\"text-align: justify;\">San Luis Potos\u00ed.- Con la participaci\u00f3n de alumnos y docentes de la Escuela Primaria \u201cFrancisco Villa\u201d, fue realizado este lunes 30 de enero, la ceremonia de Honores a la Bandera \u00a0en la Plaza Principal de Ciudad Valles.<\/p>\n<p class=\"caption\" style=\"text-align: justify;\">Los honores fueron apoyados por la Banda de Guerra Municipal, mientras que el Himno Nacional Mexicano estuvo dirigido por el profesor Francisco Barra Hern\u00e1ndez y adem\u00e1s un grupo de alumnos de la instituci\u00f3n educativa dio a conocer las efem\u00e9rides de la semana del 29 de enero al 04 de febrero de este a\u00f1o.<\/p>\n<p class=\"caption\" style=\"text-align: justify;\">Asimismo como el pr\u00f3ximo 4 de Febrero es el D\u00eda de la Lucha contra el C\u00e1ncer se present\u00f3 una poes\u00eda titulada \u201cTe venc\u00ed\u201d, la cual estuvo a cargo de la alumna Perla Lucero N\u00fa\u00f1ez Ahumada y un grupo de estudiantes solt\u00f3 al viento globos rosas y morados, actividad a la que tambi\u00e9n se sumaron los integrantes del Cabildo y funcionarios municipales.<\/p>\n<p class=\"caption\" style=\"text-align: justify;\">Para finalizar la ceremonia\u00a0 el Secretario del Ayuntamiento, Luis Fernando Gonz\u00e1lez Casta\u00f1eda, en representaci\u00f3n del alcalde Jorge Ter\u00e1n Ju\u00e1rez, dirigi\u00f3 un mensaje a los presentes en el que primeramente agradeci\u00f3 a todos su asistencia a pesar de las bajas temperaturas de esta ma\u00f1ana, y en especial a la comunidad escolar de la primaria \u201cFrancisco Villa\u201d y a su director Profesor Silvano Castillo Garay, e hizo un exhorto a todos los presentes a redoblar esfuerzos para atender con profesionalismo las acciones que a cada uno corresponde hacer, desde cualquier trinchera en la que se encuentren, para beneficio de nuestra sociedad en general.<\/p>\n<p class=\"caption\" style=\"text-align: justify;\">&#8212;<\/p>\n<p class=\"MsoPlainText\" style=\"text-align: justify;\">\u00a0<\/p>\n","protected":false},"excerpt":{"rendered":"<p>San Luis Potos\u00ed.- Con la participaci\u00f3n de alumnos y docentes de la Escuela Primaria \u201cFrancisco Villa\u201d, fue realizado este lunes 30 de enero, la ceremonia de Honores a la Bandera \u00a0en la Plaza Principal de Ciudad Valles. Los honores fueron apoyados por la Banda de &hellip; <\/p>\n","protected":false},"author":1,"featured_media":14957,"comment_status":"open","ping_status":"open","sticky":false,"template":"","format":"standard","meta":{"footnotes":""},"categories":[4],"tags":[],"class_list":["post-14958","post","type-post","status-publish","format-standard","has-post-thumbnail","hentry","category-inicio"],"_links":{"self":[{"href":"https:\/\/amanecerhuasteco.com\/portal\/wp-json\/wp\/v2\/posts\/14958","targetHints":{"allow":["GET"]}}],"collection":[{"href":"https:\/\/amanecerhuasteco.com\/portal\/wp-json\/wp\/v2\/posts"}],"about":[{"href":"https:\/\/amanecerhuasteco.com\/portal\/wp-json\/wp\/v2\/types\/post"}],"author":[{"embeddable":true,"href":"https:\/\/amanecerhuasteco.com\/portal\/wp-json\/wp\/v2\/users\/1"}],"replies":[{"embeddable":true,"href":"https:\/\/amanecerhuasteco.com\/portal\/wp-json\/wp\/v2\/comments?post=14958"}],"version-history":[{"count":0,"href":"https:\/\/amanecerhuasteco.com\/portal\/wp-json\/wp\/v2\/posts\/14958\/revisions"}],"wp:featuredmedia":[{"embeddable":true,"href":"https:\/\/amanecerhuasteco.com\/portal\/wp-json\/wp\/v2\/media\/14957"}],"wp:attachment":[{"href":"https:\/\/amanecerhuasteco.com\/portal\/wp-json\/wp\/v2\/media?parent=14958"}],"wp:term":[{"taxonomy":"category","embeddable":true,"href":"https:\/\/amanecerhuasteco.com\/portal\/wp-json\/wp\/v2\/categories?post=14958"},{"taxonomy":"post_tag","embeddable":true,"href":"https:\/\/amanecerhuasteco.com\/portal\/wp-json\/wp\/v2\/tags?post=14958"}],"curies":[{"name":"wp","href":"https:\/\/api.w.org\/{rel}","templated":true}]}}