{"id":160,"date":"2009-07-21T22:14:26","date_gmt":"2009-07-22T04:14:26","guid":{"rendered":"http:\/\/amanecerhuasteco.com\/portal\/2009\/07\/21\/la-vacuna-contra-la-influenza-a-h1n1-estara-lista-en-el-mes-de-diciembre\/"},"modified":"2009-07-21T22:14:26","modified_gmt":"2009-07-22T04:14:26","slug":"la-vacuna-contra-la-influenza-a-h1n1-estara-lista-en-el-mes-de-diciembre","status":"publish","type":"post","link":"https:\/\/amanecerhuasteco.com\/portal\/la-vacuna-contra-la-influenza-a-h1n1-estara-lista-en-el-mes-de-diciembre\/","title":{"rendered":"LA VACUNA CONTRA LA INFLUENZA A (H1\/N1) ESTAR\u00c1 LISTA EN EL MES DE DICIEMBRE"},"content":{"rendered":"<p style=\"text-align: justify\" class=\"ecmsonormal\"><strong><span style=\"font-size: 12pt; font-family: 'Trebuchet MS'; color: #444444\">&#8211; Los potosinos no debemos bajar la guardia en temporada de vacaciones, JSR<\/span><\/strong><strong><\/strong><\/p>\n<p style=\"text-align: justify\" class=\"ecmsonormal\"><strong><span style=\"font-size: 12pt; font-family: 'Trebuchet MS'; color: #444444\">&#8211; Los antivirales est\u00e1n garantizados para la poblaci\u00f3n con un suministro verificado<\/span><\/strong><\/p>\n<p style=\"text-align: justify\" class=\"ecmsonormal\"><span style=\"font-size: 12pt; font-family: 'Trebuchet MS'; color: #444444\">El Secretario de Salud de San Luis Potos\u00ed, doctor, Juan S\u00e1nchez Ramos pidi\u00f3 a la poblaci\u00f3n potosina que durante esta temporada de vacaciones no se baje la guardia con las medidas de prevenci\u00f3n e higiene que permiten el control del virus de la Influenza A H1\/N1, toda vez que confirm\u00f3 que un solo caso que result\u00f3 ser importado de otro estado del pa\u00eds se propag\u00f3 en cerca de 100 pacientes en la Huasteca potosina. <\/span><\/p>\n<p style=\"text-align: justify\" class=\"ecmsonormal\"><span style=\"font-size: 12pt; font-family: 'Trebuchet MS'; color: #444444\">Al dar a conocer que el ultimo reporte por el brote de Influenza en Ciudad Valles registra un total de 141 muestras procesadas, de las cuales fueron confirmadas 82 por A H1\/N1; 9 casos por influenza \u201cA\u201destacional y 50 expedientes descartados, agreg\u00f3 que <em>la vacuna para este nuevo virus, estar\u00e1 lista en el mes de diciembre<\/em>.<\/span><span style=\"font-size: 12pt; font-family: 'Trebuchet MS'; color: #444444\"> <\/span><\/p>\n<p style=\"text-align: justify\" class=\"ecmsonormal\"><span style=\"font-size: 12pt; font-family: 'Trebuchet MS'; color: #444444\">\u00a0En ese sentido expuso que ser\u00e1n otorgadas equitativamente 20 millones de vacunas en todo el pa\u00eds durante la temporada invernal de diciembre a marzo del 2010. Los grupos vulnerables ser\u00e1n los primeros en recibir la vacuna anti-influenza A (AH\/N1) y se dar\u00e1 prioridad al personal de salud, pacientes con enfermedades como diabetes, c\u00e1ncer, VIH\/SIDA, adem\u00e1s de mujeres embarazadas.<\/span><\/p>\n<p> <!--more--> <\/p>\n<p style=\"text-align: justify\" class=\"ecmsonormal\"><span style=\"font-size: 12pt; font-family: 'Trebuchet MS'; color: #444444\"> <\/span><\/p>\n<p style=\"text-align: justify\" class=\"ecmsonormal\"><span style=\"font-size: 12pt; font-family: 'Trebuchet MS'; color: #444444\">Al referirse a\u00a0 la afectaci\u00f3n de este virus en los menores de edad, aclar\u00f3 que aun cuando la mayor parte de casos se concentra en los pacientes de cero a 19 a\u00f1os con un 62 por ciento en el pa\u00eds, la tasa de mortalidad en este grupo es de 0.28 por ciento, es decir, menor al promedio nacional con 0.9 por ciento.<\/span><span style=\"font-size: 12pt; font-family: 'Trebuchet MS'; color: #444444\"> <\/span><\/p>\n<p style=\"text-align: justify\" class=\"ecmsonormal\"><span style=\"font-size: 12pt; font-family: 'Trebuchet MS'; color: #444444\">Del mismo modo dijo que una cantidad similar ser\u00e1 aplicada para el control de la influenza denominada estacional, adem\u00e1s de contar con los suficientes antivirales para suministrarse a los pacientes de forma puntual ante la presencia de cualquier tipo de cuadro gripal.\u00a0\u00a0 <\/span><\/p>\n<p style=\"text-align: justify\" class=\"ecmsonormal\"><span style=\"font-size: 12pt; font-family: 'Trebuchet MS'; color: #444444\">S\u00e1nchez Ramos, destac\u00f3 la participaci\u00f3n de los diferentes sectores de la poblaci\u00f3n para mantener el control del A H1\/N1,como son los representantes de las iglesias, los empresarios del ramo hotelero, Bares, discotecas centros recreativos y sector comerci\u00f3, as\u00ed como los responsables del transporte p\u00fablico, por acatar las disposiciones y hacer promoci\u00f3n de las medidas higiene y prevenci\u00f3n contra el nuevo virus.<\/span><span style=\"font-size: 12pt; font-family: 'Trebuchet MS'; color: #444444\"> <\/span><\/p>\n<p style=\"text-align: justify\" class=\"ecmsonormal\"><span style=\"font-size: 12pt; font-family: 'Trebuchet MS'; color: #444444\">Asimismo, hizo hincapi\u00e9 en la importancia del uso racional de medicamentos, ya que aun cuando hay abasto suficiente, se deben suministrar de forma adecuada para evitar que el paciente genere resistencia a estos f\u00e1rmacos.<\/span><span style=\"font-size: 12pt; font-family: 'Trebuchet MS'; color: #444444\"> <\/span><\/p>\n<p style=\"text-align: justify\" class=\"ecmsonormal\"><span style=\"font-size: 12pt; font-family: 'Trebuchet MS'; color: #444444\">Convoc\u00f3 a la sociedad a trabajar en la cultura por la salud al considerar que es necesario que cada persona entienda que el cuidado de su salud es su responsabilidad, en ese sentido, hizo un llamado a la poblaci\u00f3n para acudir de inmediato al m\u00e9dico y evitar asistir a lugares concurridos cuando tenga s\u00edntomas de enfermedad respiratoria.<\/span><span style=\"font-size: 12pt; font-family: 'Trebuchet MS'; color: #444444\"> <\/span><\/p>\n<p style=\"text-align: justify\" class=\"ecmsonormal\"><span style=\"font-size: 12pt; font-family: 'Trebuchet MS'; color: #444444\">El titular de Salud en el Estado, dijo que adem\u00e1s de las medidas de higiene y prevenci\u00f3n contra la influenza A H1\/N1, la poblaci\u00f3n debe acatar las recomendaciones para disfrutar tranquilamente de sus vacaciones, ya que las altas temperaturas y la exposici\u00f3n por horas prolongadas a los rayos del sol son factores de riesgo para la salud.\u00a0\u00a0 <\/span><\/p>\n","protected":false},"excerpt":{"rendered":"<p>&#8211; Los potosinos no debemos bajar la guardia en temporada de vacaciones, JSR &#8211; Los antivirales est\u00e1n garantizados para la poblaci\u00f3n con un suministro verificado El Secretario de Salud de San Luis Potos\u00ed, doctor, Juan S\u00e1nchez Ramos pidi\u00f3 a la poblaci\u00f3n potosina que durante esta &hellip; <\/p>\n","protected":false},"author":1,"featured_media":17874,"comment_status":"open","ping_status":"open","sticky":false,"template":"","format":"standard","meta":{"footnotes":""},"categories":[11],"tags":[],"class_list":["post-160","post","type-post","status-publish","format-standard","has-post-thumbnail","hentry","category-estado"],"_links":{"self":[{"href":"https:\/\/amanecerhuasteco.com\/portal\/wp-json\/wp\/v2\/posts\/160","targetHints":{"allow":["GET"]}}],"collection":[{"href":"https:\/\/amanecerhuasteco.com\/portal\/wp-json\/wp\/v2\/posts"}],"about":[{"href":"https:\/\/amanecerhuasteco.com\/portal\/wp-json\/wp\/v2\/types\/post"}],"author":[{"embeddable":true,"href":"https:\/\/amanecerhuasteco.com\/portal\/wp-json\/wp\/v2\/users\/1"}],"replies":[{"embeddable":true,"href":"https:\/\/amanecerhuasteco.com\/portal\/wp-json\/wp\/v2\/comments?post=160"}],"version-history":[{"count":0,"href":"https:\/\/amanecerhuasteco.com\/portal\/wp-json\/wp\/v2\/posts\/160\/revisions"}],"wp:featuredmedia":[{"embeddable":true,"href":"https:\/\/amanecerhuasteco.com\/portal\/wp-json\/wp\/v2\/media\/17874"}],"wp:attachment":[{"href":"https:\/\/amanecerhuasteco.com\/portal\/wp-json\/wp\/v2\/media?parent=160"}],"wp:term":[{"taxonomy":"category","embeddable":true,"href":"https:\/\/amanecerhuasteco.com\/portal\/wp-json\/wp\/v2\/categories?post=160"},{"taxonomy":"post_tag","embeddable":true,"href":"https:\/\/amanecerhuasteco.com\/portal\/wp-json\/wp\/v2\/tags?post=160"}],"curies":[{"name":"wp","href":"https:\/\/api.w.org\/{rel}","templated":true}]}}