{"id":16836,"date":"2017-07-13T03:15:01","date_gmt":"2017-07-13T09:15:01","guid":{"rendered":"http:\/\/amanecerhuasteco.com\/portal\/2017\/07\/13\/presentan-jm-carreras-xxxvii-festival-internacional-de-danza-contemporanea-aeoelila-la%c2%b3pezae%c2%9d\/"},"modified":"2017-07-13T03:15:01","modified_gmt":"2017-07-13T09:15:01","slug":"presentan-jm-carreras-xxxvii-festival-internacional-de-danza-contemporanea-aeoelila-la%c2%b3pezae%c2%9d","status":"publish","type":"post","link":"https:\/\/amanecerhuasteco.com\/portal\/presentan-jm-carreras-xxxvii-festival-internacional-de-danza-contemporanea-aeoelila-la%c2%b3pezae%c2%9d\/","title":{"rendered":"Presentan JM CARRERAS XXXVII festival internacional de danza contempor\u00e1nea \u201cLila L\u00f3pez\u201d"},"content":{"rendered":"<p style=\"text-align: justify;\"><span class=\"caption\"><\/p>\n<p>San Luis Potos\u00ed.- Es la gran semana de la danza en M\u00e9xico, expres\u00f3 el Gobernador del Estado Juan Manuel Carreras L\u00f3pez, en la presentaci\u00f3n el Trig\u00e9simo S\u00e9ptimo Festival Internacional de Danza Contempor\u00e1nea 2017 \u201cLila L\u00f3pez\u201d,\u00a0 el m\u00e1s importante de M\u00e9xico y de Am\u00e9rica Latina en su tipo, que se llevar\u00e1 del 22 al 29 de julio, y que contar\u00e1 con 22 compa\u00f1\u00edas de danza, que participar\u00e1n en los principales foros culturales y art\u00edsticos de la ciudad y en 6 municipios del estado.<br \/>Durante el evento que se llev\u00f3 a cabo en el Teatro Polivalente del CEART, \u00a0acompa\u00f1ado por el secretario de Cultura, Armando Herrera Silva y la presidenta del sistema DIF del Estado Lorena Valle Rodr\u00edguez, el mandatario estatal agreg\u00f3 que durante este festival hay innovaciones extraordinarias con la presencia de compa\u00f1\u00edas extranjeras, nacionales y locales, \u201cvamos hacia adentro al encuentro con los potosinos y potosinas porque habr\u00e1 lugares como Salinas, Ciudad Fern\u00e1ndez, Matehuala, Real de Catorce y Xilitla que gozar\u00e1n del festival de danza contempor\u00e1nea m\u00e1s importante del pais.<br \/>\u201cEstamos innovando y el d\u00eda 22 ya no habr\u00e1 discursos, ya que mi esposa y yo vamos directamente a disfrutar con las y los potosinos de la danza en su m\u00e1xima expresi\u00f3n\u201d, puntualiz\u00f3.<br \/>Previamente, el mandatario potosino presenci\u00f3 la proyecci\u00f3n del video \u201cRetrospectiva del Festival Internacional de Danza Contempor\u00e1nea Lila L\u00f3pez\u201d y la interpretaci\u00f3n de la danza \u201cCuervos\u201d, ejecutada por los bailarines potosinos Pamela Grimaldo y Adri\u00e1n Estrada, obra ganadora de la medalla de plata en el 2013 en la competencia de solistas, en Se\u00fal, Corea del Sur.<br \/>El mandatario estatal Carreras L\u00f3pez destac\u00f3 que el festival de danza adem\u00e1s de impulsar la reuni\u00f3n de destacados artistas nacionales y extranjeros, ha contribuido a la consolidaci\u00f3n de San Luis Potos\u00ed como un destino cultural de relevancia. \u201cCumple las metas principales de formaci\u00f3n de p\u00fablico y de promoci\u00f3n art\u00edstica\u201d, puntualiz\u00f3.<br \/>Se\u00f1al\u00f3 que el festival se ha transformado en un proyecto art\u00edstico de gran impacto que contribuye al desarrollo social y cultural de las regiones de San Luis Potos\u00ed al promover actividades culturales en la zona centro, Altiplano y Huasteca. <br \/>En esta XXXVII edici\u00f3n del Festival se retomar\u00e1n los tradicionales concursos de Pintura y Escultua \u201cAnna Sokolow\u201d y fotograf\u00eda \u201cWalter Reuter\u201d, que ambos cumplen su vig\u00e9sima edici\u00f3n; el concurso de pintura infantil \u201cEmma B\u00e1ez\u201d realizar\u00e1 su XIX edici\u00f3n y la Competencia Internacional para Solistas \u201cLila L\u00f3pez\u201d la cuarta; todos los concursos entregar\u00e1n est\u00edmulos econ\u00f3micos. En el caso de las artes pl\u00e1sticas, se expondr\u00e1n las obras en la Galer\u00eda Germ\u00e1n Gedovius del Teatro de la Paz mientras que la Competencia estar\u00e1 abierta al p\u00fablico en el Teatro Marco Antonio Garfias del Centro de Difusi\u00f3n Cultural Ra\u00fal Gamboa Cant\u00f3n. <br \/>El Teatro de la Paz, el Teatro Polivalente del CEART y el Centro de Difusi\u00f3n Cultural del IPBA, ser\u00e1n los principales foros que albergar\u00e1n a las compa\u00f1\u00edas de danza internacional, nacional y local para ofrecer al p\u00fablico potosino el arte coreogr\u00e1fico del cuerpo.<\/p>\n<p>Para dar inicio a la fiesta de la danza, se presentar\u00e1 la agrupaci\u00f3n canadiense Sursaut Dance Company en el Teatro de la Paz, recinto m\u00e1ximo de las artes esc\u00e9nicas de nuestra Ciudad, le seguir\u00e1 el Ballet Provincial\u00a0 de San Luis, mismo que fundara la Maestra Lila hace 54 a\u00f1os. <br \/>En el mismo lugar se podr\u00e1n disfrutar las funciones de Daegu Contemporary Dance Company de Corea del Sur; H\u00edbrido FDT Dance Co. de Nuevo Le\u00f3n; la Compa\u00f1\u00eda Tania P\u00e9rez Salas de la Ciudad de M\u00e9xico y Barro Rojo ArteEsc\u00e9nico de la Ciudad de M\u00e9xico, quienes celebran treinta y cinco a\u00f1os de su fundaci\u00f3n,<br \/>Para la clausura se contar\u00e1 con la Compa\u00f1\u00eda Marie Chouinard de Canad\u00e1, agrupaci\u00f3n que concluir\u00e1 su gira internacional, aqu\u00ed en San Luis Potos\u00ed, despu\u00e9s de estar por varias ciudades de Europa , Estados Unidos y Canad\u00e1.<br \/>En el Teatro Polivalente se presentar\u00e1n las compa\u00f1\u00edas potosinas: El Angel del Espejo, JR Dance Proyect, Ode\u00f3n C\u00edrculo Esc\u00e9nico, Ballet de San Luis, Iguana Blanca, Quinto Nirvana\u00a0 y Colectivo Inherente; de Jap\u00f3n, una excelente exponente de la danza Butoh, Yumiko Yoshioka, as\u00ed como Utop\u00eda Danza Teatro, una de las compa\u00f1\u00edas con mayor trayectoria de M\u00e9xico. <br \/>En el Centro de Difusi\u00f3n Cultural del Instituto Potosino de Bellas Artes se presentar\u00e1n las compa\u00f1\u00edas Proyecto Coyote de San Luis Potos\u00ed, Compa\u00f1\u00eda\u00a0 El Tambor de Aguascalientes y Astrolabio Investigaci\u00f3n Esc\u00e9nica de Quer\u00e9taro, las que ofrecer\u00e1n obras con diferentes perspectivas.<br \/>El programa acad\u00e9mico comenzar\u00e1 con talleres cuya tem\u00e1tica ser\u00e1 la\u00a0 iniciaci\u00f3n a la danza, estos se llevar\u00e1n a cabo en el interior del Estado y estar\u00e1n\u00a0 a cargo de maestros potosinos. <br \/>En la capital se incluir\u00e1 un taller de periodismo cultural impartido por Braulio Peralta, periodista de amplia experiencia. Durante el transcurso del Festival, la comunidad danc\u00edstica podr\u00e1 asistir a diversas clases magistrales a cargo de maestros de talla internacional, tanto extranjeros como mexicanos.<br \/><\/span><\/p>\n","protected":false},"excerpt":{"rendered":"<p>San Luis Potos\u00ed.- Es la gran semana de la danza en M\u00e9xico, expres\u00f3 el Gobernador del Estado Juan Manuel Carreras L\u00f3pez, en la presentaci\u00f3n el Trig\u00e9simo S\u00e9ptimo Festival Internacional de Danza Contempor\u00e1nea 2017 \u201cLila L\u00f3pez\u201d,\u00a0 el m\u00e1s importante de M\u00e9xico y de Am\u00e9rica Latina en &hellip; <\/p>\n","protected":false},"author":1,"featured_media":17874,"comment_status":"open","ping_status":"open","sticky":false,"template":"","format":"standard","meta":{"footnotes":""},"categories":[4],"tags":[],"class_list":["post-16836","post","type-post","status-publish","format-standard","has-post-thumbnail","hentry","category-inicio"],"_links":{"self":[{"href":"https:\/\/amanecerhuasteco.com\/portal\/wp-json\/wp\/v2\/posts\/16836","targetHints":{"allow":["GET"]}}],"collection":[{"href":"https:\/\/amanecerhuasteco.com\/portal\/wp-json\/wp\/v2\/posts"}],"about":[{"href":"https:\/\/amanecerhuasteco.com\/portal\/wp-json\/wp\/v2\/types\/post"}],"author":[{"embeddable":true,"href":"https:\/\/amanecerhuasteco.com\/portal\/wp-json\/wp\/v2\/users\/1"}],"replies":[{"embeddable":true,"href":"https:\/\/amanecerhuasteco.com\/portal\/wp-json\/wp\/v2\/comments?post=16836"}],"version-history":[{"count":0,"href":"https:\/\/amanecerhuasteco.com\/portal\/wp-json\/wp\/v2\/posts\/16836\/revisions"}],"wp:featuredmedia":[{"embeddable":true,"href":"https:\/\/amanecerhuasteco.com\/portal\/wp-json\/wp\/v2\/media\/17874"}],"wp:attachment":[{"href":"https:\/\/amanecerhuasteco.com\/portal\/wp-json\/wp\/v2\/media?parent=16836"}],"wp:term":[{"taxonomy":"category","embeddable":true,"href":"https:\/\/amanecerhuasteco.com\/portal\/wp-json\/wp\/v2\/categories?post=16836"},{"taxonomy":"post_tag","embeddable":true,"href":"https:\/\/amanecerhuasteco.com\/portal\/wp-json\/wp\/v2\/tags?post=16836"}],"curies":[{"name":"wp","href":"https:\/\/api.w.org\/{rel}","templated":true}]}}