{"id":16864,"date":"2017-07-18T15:54:26","date_gmt":"2017-07-18T21:54:26","guid":{"rendered":"http:\/\/amanecerhuasteco.com\/portal\/2017\/07\/18\/inicia-a-la-saptima-semana-de-saneamiento-basico-en-valles\/"},"modified":"2017-07-18T15:54:26","modified_gmt":"2017-07-18T21:54:26","slug":"inicia-a-la-saptima-semana-de-saneamiento-basico-en-valles","status":"publish","type":"post","link":"https:\/\/amanecerhuasteco.com\/portal\/inicia-a-la-saptima-semana-de-saneamiento-basico-en-valles\/","title":{"rendered":"Inicia a la s\u00e9ptima semana de saneamiento b\u00e1sico en Valles"},"content":{"rendered":"<p style=\"text-align: justify;\"><span class=\"caption\"><\/p>\n<p>-Autoridades municipales y de salud dan banderazo de arranque durante ceremonia de honores a la bandera<\/p>\n<p>Ciudad Valles.- En el marco de la ceremonia de Honores a la Bandera, la ma\u00f1ana de este lunes 17 de julio, las autoridades del Gobierno Municipal de Ciudad Valles as\u00ed como de la Jurisdicci\u00f3n Sanitaria No. V dieron inicio a la S\u00e9ptima Semana de Saneamiento B\u00e1sico que forma parte de la campa\u00f1a de acciones para prevenir y erradicar las enfermedades del dengue, chikungunya y el zika.<br \/>El homenaje al L\u00e1baro Patrio estuvo a cargo del personal y alumnos del Centro Educativo de Ciudad Valles, el cual alberga al Instituto de Belleza Creazione y al Instituto Mexicano de Gastronom\u00eda, quienes dieron a conocer las efem\u00e9rides, presentaron la lectura de reflexi\u00f3n \u00abEl portero del prost\u00edbulo\u201d y dieron a conocer las actividades que tendr\u00e1n en este verano.<br \/>Posteriormente el Doctor Napole\u00f3n Heimsatz Velarde, Director Municipal de los Servicios de Salud, se\u00f1al\u00f3 que en coordinaci\u00f3n con la Jurisdicci\u00f3n Sanitaria V, se da inicio a la S\u00e9ptima Semana de Saneamiento B\u00e1sico que se estar\u00e1 llevando a cabo del 17 al 21 de julio, para eliminar los criaderos del mosco transmisor del dengue, chikungunya y zika. <br \/>Mencion\u00f3 que personal de la Jurisdicci\u00f3n Sanitaria\u00a0V y el del Ayuntamiento estar\u00e1 este lunes 17 y martes 18 en la colonia L\u00e1zaro C\u00e1rdenas; el mi\u00e9rcoles 19 en la Tampico y M\u00e9ndez; el jueves 20 en La Pimienta y el viernes 21 en Las Brisas y Porvenir.<br \/>Minutos despu\u00e9s, la Oficial Mayor Mar\u00eda Elia Rodr\u00edguez Lucero, a nombre del alcalde Jorge Ter\u00e1n Ju\u00e1rez, agradeci\u00f3 a todos su presencia en el homenaje y la participaci\u00f3n activa del Centro Educativo de Ciudad Valles, y se\u00f1al\u00f3 la importancia de coordinar esfuerzos entre el Ayuntamiento y la Jurisdicci\u00f3n Sanitaria V para eliminar criaderos que den origen al nacimiento del mosquito aedes aegypti, trasmisor del dengue, chikungunya y zika. <br \/>Por otra parte, hizo extensiva la invitaci\u00f3n a toda la ciudadan\u00eda para que participe del Festival Oxitipa 2017\u00a0 para celebrar el 484\u00b0 Aniversario del Aniversario de Ciudad Valles. Hay actividades en toda la semana, y mencion\u00f3 que este lunes 17 de julio a las 20:00 horas en la Plaza Principal\u00a0 se presentar\u00e1 el grupo Dolce Tuna con m\u00fasica gitana, jazz y cl\u00e1sica; el jueves 20, a las ocho de la noche en la Plaza Principal se tendr\u00e1 la presentaci\u00f3n del ensamble musical\u00a0 Sul Tasto y a la misma hora en la Parroquia Santiago de los Valles una exposici\u00f3n y conferencia con la Cronista Belem Altamirano.<br \/>Mencion\u00f3 que el viernes 21 de julio a las 19:30 horas se llevar\u00e1 a cabo la develaci\u00f3n en la Presidencia Municipal del mural elaborado por la Artista Pl\u00e1stica Pilar Vidales, y esto se dar\u00e1 en el marco de una presentaci\u00f3n en la Plaza Principal de un programa art\u00edstico en el que actuar\u00e1 la Banda Sinf\u00f3nica Municipal de Ciudad Valles y los Tr\u00edos Juvenil Huasteco y el Villa Guerrero del municipio de Tamu\u00edn.<br \/>A\u00f1adi\u00f3 que el s\u00e1bado 22 de julio, como parte los festejos para celebrar la develaci\u00f3n del Mural de Pilar Vidales a las seis de la tarde habr\u00e1 una huapangueada en la Plaza Principal, y una hora despu\u00e9s en el Museo Joaqu\u00edn Meade se tendr\u00e1 un Encuentro Po\u00e9tico-Musical, y el domingo 23 en la calle Hidalgo dijo, la Profra. Elia Rodr\u00edguez se llevar\u00e1 a cabo el gran baile popular con la Sonora Santanera a partir de las 8 de la noche.<br \/>El lunes 24 de julio, las actividades continuar\u00e1n frente a la Parroquia comenzar\u00e1n desde las seis de la tarde donde la Banda Sinf\u00f3nica Municipal dar\u00e1 un concierto, se presentar\u00e1 el ballet folkl\u00f3rico y a las once de la noche, luego de una misa que celebrar\u00e1 el Obispo de la Di\u00f3cesis de Valles, Roberto Octavio Balmori Cinta\u00a0 se entonar\u00e1n las Ma\u00f1anitas al patrono de nuestra ciudad, Santiago Ap\u00f3stol.<br \/>Finalmente dijo que el martes 25 de Julio a las 11:00 horas en el sal\u00f3n de Cabildo \u201cRafael Curiel Gallegos\u201d se realizar\u00e1 la Sesi\u00f3n Solemne de Cabildo para la entrega de los premios al M\u00e9rito Civil, y por la tarde a las 19:00 en el Centro Deportivo Manuel G\u00f3mez Mor\u00edn, las actividades de Oxitipa 2017 cerrar\u00e1n con broche de oro con la presentaci\u00f3n de la Orquesta Sinf\u00f3nica, Coros y Mariachi de la Secretar\u00eda de la Defensa Nacional. <br \/><\/span><\/p>\n","protected":false},"excerpt":{"rendered":"<p>-Autoridades municipales y de salud dan banderazo de arranque durante ceremonia de honores a la bandera Ciudad Valles.- En el marco de la ceremonia de Honores a la Bandera, la ma\u00f1ana de este lunes 17 de julio, las autoridades del Gobierno Municipal de Ciudad Valles &hellip; <\/p>\n","protected":false},"author":1,"featured_media":16863,"comment_status":"open","ping_status":"open","sticky":false,"template":"","format":"standard","meta":{"footnotes":""},"categories":[4],"tags":[],"class_list":["post-16864","post","type-post","status-publish","format-standard","has-post-thumbnail","hentry","category-inicio"],"_links":{"self":[{"href":"https:\/\/amanecerhuasteco.com\/portal\/wp-json\/wp\/v2\/posts\/16864","targetHints":{"allow":["GET"]}}],"collection":[{"href":"https:\/\/amanecerhuasteco.com\/portal\/wp-json\/wp\/v2\/posts"}],"about":[{"href":"https:\/\/amanecerhuasteco.com\/portal\/wp-json\/wp\/v2\/types\/post"}],"author":[{"embeddable":true,"href":"https:\/\/amanecerhuasteco.com\/portal\/wp-json\/wp\/v2\/users\/1"}],"replies":[{"embeddable":true,"href":"https:\/\/amanecerhuasteco.com\/portal\/wp-json\/wp\/v2\/comments?post=16864"}],"version-history":[{"count":0,"href":"https:\/\/amanecerhuasteco.com\/portal\/wp-json\/wp\/v2\/posts\/16864\/revisions"}],"wp:featuredmedia":[{"embeddable":true,"href":"https:\/\/amanecerhuasteco.com\/portal\/wp-json\/wp\/v2\/media\/16863"}],"wp:attachment":[{"href":"https:\/\/amanecerhuasteco.com\/portal\/wp-json\/wp\/v2\/media?parent=16864"}],"wp:term":[{"taxonomy":"category","embeddable":true,"href":"https:\/\/amanecerhuasteco.com\/portal\/wp-json\/wp\/v2\/categories?post=16864"},{"taxonomy":"post_tag","embeddable":true,"href":"https:\/\/amanecerhuasteco.com\/portal\/wp-json\/wp\/v2\/tags?post=16864"}],"curies":[{"name":"wp","href":"https:\/\/api.w.org\/{rel}","templated":true}]}}