{"id":18968,"date":"2017-11-29T06:30:18","date_gmt":"2017-11-29T12:30:18","guid":{"rendered":"http:\/\/amanecerhuasteco.com\/portal\/?p=18968"},"modified":"2017-11-29T06:30:18","modified_gmt":"2017-11-29T12:30:18","slug":"pgje-captura-probable-responsable-de-feminicidio-de-una-menor-de-14-anos","status":"publish","type":"post","link":"https:\/\/amanecerhuasteco.com\/portal\/pgje-captura-probable-responsable-de-feminicidio-de-una-menor-de-14-anos\/","title":{"rendered":"PGJE captura a probable responsable de feminicidio de una menor de 14 a\u00f1os  \u00a0"},"content":{"rendered":"<p>&nbsp;<\/p>\n<p><strong>\u00a0<\/strong><\/p>\n<p>San Luis Potos\u00ed.- La Procuradur\u00eda General de Justicia de San Luis Potos\u00ed (PGJSLP), cumpliment\u00f3 una orden de aprehensi\u00f3n en contra de un m\u00e9dico, quien presuntamente se encuentra relacionado con el feminicidio de una menor de 14 a\u00f1os de edad, encontrada en un predio de la localidad Valle de La Palma en Soledad de Graciano S\u00e1nchez.<\/p>\n<p>La detenci\u00f3n del probable responsable se realiz\u00f3 en calles de la zona centro de la capital potosina, en donde la Polic\u00eda Ministerial del Estado (PME)\u00a0 le inform\u00f3 del mandato judicial en su contra por el delito de feminicidio.<\/p>\n<p>Seg\u00fan los datos iniciales de investigaci\u00f3n, el pasado viernes 24 de noviembre,\u00a0 la menor v\u00edctima acudi\u00f3 al consultorio que se ubica en la calle San Jorge, cercano a la avenida Ricardo B. Anaya, de la colonia La Libertad para una atenci\u00f3n m\u00e9dica y esa fue la \u00faltima vez que se le vio.<\/p>\n<p>Al s\u00e1bado siguiente la mam\u00e1 de la v\u00edctima y una testigo acudieron al consultorio para preguntar por el paradero de la jovencita, pero les dijeron que no se encontraba en ese lugar; \u00a0ya por la noche decidieron interponer la denuncia respectiva en la PGJSLP, inici\u00e1ndose de inmediato la investigaci\u00f3n y se activ\u00f3 \u00a0una Alerta Amber para su b\u00fasqueda.<\/p>\n<p>Posteriormente, familiares de la v\u00edctima reconocieron el cuerpo de una persona que hab\u00eda sido encontrada calcinada cerca de una cl\u00ednica psiqui\u00e1trica en Soledad de Graciano S\u00e1nchez, por lo que la Unidad de Homicidios y Feminicidios de la dependencia atrajo las investigaciones y con el trabajo de la Polic\u00eda Ministerial del Estado se encontraron datos de prueba de la probable participaci\u00f3n del m\u00e9dico, y se solicit\u00f3 al Juez de Control la orden de aprehensi\u00f3n respectiva.<\/p>\n<p>Como parte de las averiguaciones de este caso, el Ministerio P\u00fablico especializado solicit\u00f3 una orden de cateo a la autoridad judicial, misma que fue otorgada y el personal de Servicios Periciales de la PGJSLP acudi\u00f3 al consultorio para recabar los indicios correspondientes que ya se integraron a la carpeta.<\/p>\n<p>El probable responsable de nombre Alberto de 60 a\u00f1os de edad fue llevado ante la autoridad judicial que lo requer\u00eda, para que de esta forma comience su proceso legal.<\/p>\n","protected":false},"excerpt":{"rendered":"<p>&nbsp; \u00a0 San Luis Potos\u00ed.- La Procuradur\u00eda General de Justicia de San Luis Potos\u00ed (PGJSLP), cumpliment\u00f3 una orden de aprehensi\u00f3n en contra de un m\u00e9dico, quien presuntamente se encuentra relacionado con el feminicidio de una menor de 14 a\u00f1os de edad, encontrada en un predio &hellip; <\/p>\n","protected":false},"author":1,"featured_media":18969,"comment_status":"open","ping_status":"open","sticky":false,"template":"","format":"standard","meta":{"footnotes":""},"categories":[4,19],"tags":[],"class_list":["post-18968","post","type-post","status-publish","format-standard","has-post-thumbnail","hentry","category-inicio","category-policia"],"_links":{"self":[{"href":"https:\/\/amanecerhuasteco.com\/portal\/wp-json\/wp\/v2\/posts\/18968","targetHints":{"allow":["GET"]}}],"collection":[{"href":"https:\/\/amanecerhuasteco.com\/portal\/wp-json\/wp\/v2\/posts"}],"about":[{"href":"https:\/\/amanecerhuasteco.com\/portal\/wp-json\/wp\/v2\/types\/post"}],"author":[{"embeddable":true,"href":"https:\/\/amanecerhuasteco.com\/portal\/wp-json\/wp\/v2\/users\/1"}],"replies":[{"embeddable":true,"href":"https:\/\/amanecerhuasteco.com\/portal\/wp-json\/wp\/v2\/comments?post=18968"}],"version-history":[{"count":2,"href":"https:\/\/amanecerhuasteco.com\/portal\/wp-json\/wp\/v2\/posts\/18968\/revisions"}],"predecessor-version":[{"id":18971,"href":"https:\/\/amanecerhuasteco.com\/portal\/wp-json\/wp\/v2\/posts\/18968\/revisions\/18971"}],"wp:featuredmedia":[{"embeddable":true,"href":"https:\/\/amanecerhuasteco.com\/portal\/wp-json\/wp\/v2\/media\/18969"}],"wp:attachment":[{"href":"https:\/\/amanecerhuasteco.com\/portal\/wp-json\/wp\/v2\/media?parent=18968"}],"wp:term":[{"taxonomy":"category","embeddable":true,"href":"https:\/\/amanecerhuasteco.com\/portal\/wp-json\/wp\/v2\/categories?post=18968"},{"taxonomy":"post_tag","embeddable":true,"href":"https:\/\/amanecerhuasteco.com\/portal\/wp-json\/wp\/v2\/tags?post=18968"}],"curies":[{"name":"wp","href":"https:\/\/api.w.org\/{rel}","templated":true}]}}