{"id":2039,"date":"2012-09-05T13:40:52","date_gmt":"2012-09-05T19:40:52","guid":{"rendered":"http:\/\/amanecerhuasteco.com\/portal\/2012\/09\/05\/designa-enrique-pena-nieto-a-equipo-para-la-transicion\/"},"modified":"2012-09-05T13:40:52","modified_gmt":"2012-09-05T19:40:52","slug":"designa-enrique-pena-nieto-a-equipo-para-la-transicion","status":"publish","type":"post","link":"https:\/\/amanecerhuasteco.com\/portal\/designa-enrique-pena-nieto-a-equipo-para-la-transicion\/","title":{"rendered":"DESIGNA ENRIQUE PE\u00d1A NIETO A EQUIPO PARA LA TRANSICI\u00d3N"},"content":{"rendered":"<div style=\"text-align: justify\"><strong>* El trabajo que desarrollar\u00e1 permitir\u00e1 cumplir los compromisos asumidos con la sociedad mexicana.\u00a0<\/strong><\/div>\n<div style=\"text-align: justify\">M\u00e9xico, D.F., a 04 de septiembre de 2012.- Al tiempo de anunciar al primer equipo para la transici\u00f3n del gobierno que asumir\u00e1 sus funciones el 1\u00ba de diciembre, el Presidente electo de los Estados Unidos Mexicanos, Enrique Pe\u00f1a Nieto, subray\u00f3 que \u00e9ste tendr\u00e1 la tarea de contribuir al desarrollo de pol\u00edticas p\u00fablicas, estrategias y acciones para que la pr\u00f3xima administraci\u00f3n cumpla los compromisos asumidos con la sociedad mexicana.<\/div>\n<div style=\"text-align: justify\">Resalt\u00f3 que el trabajo que desarrollar\u00e1 permitir\u00e1 estar a la altura de los retos y desaf\u00edos, luego de terminado el proceso electoral, sin embargo, puntualiz\u00f3 que a su debido tiempo indicar\u00e1 las designaciones de qui\u00e9nes ser\u00e1n responsables de las distintas \u00e1reas de la administraci\u00f3n federal.<\/div>\n<div style=\"text-align: justify\">Las tareas asignadas se refieren a los rubros de seguridad social, pol\u00edtica social, desarrollo econ\u00f3mico, y de proyecci\u00f3n internacional, para las cuales se definir\u00e1n acciones en estos tres meses de transici\u00f3n, y para lo cual se crearon dos Coordinaciones Generales, una para la Transici\u00f3n Gubernamental, que est\u00e1 a cargo de Luis Videgaray Caso; y la otra para el Di\u00e1logo Pol\u00edtico y de Seguridad, que encabeza Miguel \u00c1ngel Osorio Chong.\u00a0<\/div>\n<div style=\"text-align: justify\">Al frente de la seguridad personal del Presidente electo se design\u00f3 al General Brigadier Diplomado del Estado Mayor Presidencial, Roberto Miranda Moreno.<\/div>\n<div style=\"text-align: justify\">Los integrantes del equipo para la transici\u00f3n son:<\/div>\n<div style=\"text-align: justify\">* Coordinaci\u00f3n para la Transici\u00f3n Gubernamental<\/div>\n<div style=\"text-align: justify\"><\/div>\n<div style=\"text-align: justify\">Cargo<\/div>\n<div style=\"text-align: justify\">Responsable<\/div>\n<div style=\"text-align: justify\">Coordinador General para la Transici\u00f3n Gubernamental<\/div>\n<div style=\"text-align: justify\">Dr. Luis Videgaray Caso<\/div>\n<div style=\"text-align: justify\">Vicecoordinador de Pol\u00edtica Econ\u00f3mica<\/div>\n<div style=\"text-align: justify\">Lic. Ildelfonso Guajardo Villarreal<\/div>\n<div style=\"text-align: justify\">Vicecoordinadora de Pol\u00edtica Social<\/div>\n<div style=\"text-align: justify\">Lic. Rosario Robles Berlanga<\/div>\n<div style=\"text-align: justify\">Vicecoordinador de Asuntos Internacionales<\/div>\n<div style=\"text-align: justify\">Mtro. Emilio Lozoya Austin<\/div>\n<div style=\"text-align: justify\">Oficial Mayor del Equipo de Transici\u00f3n<\/div>\n<div style=\"text-align: justify\">Lic. Marcela Velasco Gonz\u00e1lez<\/div>\n<div style=\"text-align: justify\">Coordinador de Proyectos Especiales<\/div>\n<div style=\"text-align: justify\">Lic. Ignacio Peralta S\u00e1nchez<\/div>\n<div style=\"text-align: justify\">Coordinador de Planeaci\u00f3n Estrat\u00e9gica<\/div>\n<div style=\"text-align: justify\">Dr. Andr\u00e9s Antonius Gonz\u00e1lez<\/div>\n<div style=\"text-align: justify\">Coordinador de Infraestructura<\/div>\n<div style=\"text-align: justify\">Lic. Gerardo Ruiz Esparza<\/div>\n<div style=\"text-align: justify\">Coordinador de Trabajo<\/div>\n<div style=\"text-align: justify\">Lic. Jes\u00fas Alfonso Navarrete Prida<\/div>\n<div style=\"text-align: justify\">Coordinador de Seguridad Social<\/div>\n<div style=\"text-align: justify\">Dr. Osvaldo Sant\u00edn Quiroz<\/div>\n<div style=\"text-align: justify\">Coordinador de Energ\u00eda<\/div>\n<div style=\"text-align: justify\">Ing. Cuauht\u00e9moc Ochoa Fern\u00e1ndez<\/div>\n<div style=\"text-align: justify\">Coordinador para el Campo<\/div>\n<div style=\"text-align: justify\">Lic. Enrique de la Madrid Cordero<\/div>\n<div style=\"text-align: justify\">Coordinador de Educaci\u00f3n<\/div>\n<div style=\"text-align: justify\">Mtro. Aurelio Nu\u00f1o Mayer<\/div>\n<div style=\"text-align: justify\">Coordinador de Salud<\/div>\n<div style=\"text-align: justify\">Lic. Rodrigo Reina Liceaga<\/div>\n<div style=\"text-align: justify\">Coordinador de Medio Ambiente<\/div>\n<div style=\"text-align: justify\">Ing. Juan Jos\u00e9 Guerra Abud<\/div>\n<div style=\"text-align: justify\">Coordinador de Agua<\/div>\n<div style=\"text-align: justify\">Dr. David Korenfeld Federman\u00a0<\/div>\n<div style=\"text-align: justify\">Coordinador de Vivienda<\/div>\n<div style=\"text-align: justify\">Mtro. Alejandro Ismael Murat Hinojosa<\/div>\n<div style=\"text-align: justify\">Coordinador de Turismo<\/div>\n<div style=\"text-align: justify\">C.P. Carlos Manuel Joaqu\u00edn Gonz\u00e1lez<\/div>\n<div style=\"text-align: justify\">Coordinador para el Deporte<\/div>\n<div style=\"text-align: justify\">Lic. Ernesto de Lucas Hopkins<\/div>\n<div style=\"text-align: justify\">Coordinador del Programa de J\u00f3venes<\/div>\n<div style=\"text-align: justify\">Ing. Rafael Pacchiano Alam\u00e1n<\/div>\n<div style=\"text-align: justify\">Enlace con la SHCP para el Paquete Econ\u00f3mico 2013<\/div>\n<div style=\"text-align: justify\">Lic. Fernando Galindo Favela<\/div>\n<div style=\"text-align: justify\">Coordinador para el Plan Nacional de Desarrollo<\/div>\n<div style=\"text-align: justify\">Lic. Sebasti\u00e1n Lerdo de Tejada Covarrubias<\/div>\n<div style=\"text-align: justify\">Coordinador del Programa Emprendedores<\/div>\n<div style=\"text-align: justify\">Lic. Enrique Jacob Rocha<\/div>\n<div style=\"text-align: justify\">Coordinadora del Programa del Seguro de Vida para Jefas de Familia<\/div>\n<div style=\"text-align: justify\">Lic. Ma. Esther Scherman Lea\u00f1o<\/div>\n<div style=\"text-align: justify\">Coordinadora para el Programa de Gobierno Digital<\/div>\n<div style=\"text-align: justify\">Lic. Alejandra Lagunes Soto Ruiz<\/div>\n<div style=\"text-align: justify\">Secretario T\u00e9cnico<\/div>\n<div style=\"text-align: justify\">Mtro. Alejandro Nieto Enr\u00edquez<\/div>\n<div style=\"text-align: justify\">Asesor Jur\u00eddico<\/div>\n<div style=\"text-align: justify\">Lic. Humberto Castillejos Cervantes<\/div>\n<div style=\"text-align: justify\"><\/div>\n<div style=\"text-align: justify\"><\/div>\n<div style=\"text-align: justify\"><\/div>\n<div style=\"text-align: justify\">* Coordinaci\u00f3n de Pol\u00edtica y Seguridad<\/div>\n<div style=\"text-align: justify\"><\/div>\n<div style=\"text-align: justify\">Cargo<\/div>\n<div style=\"text-align: justify\">Responsable<\/div>\n<div style=\"text-align: justify\">Coordinador General de Pol\u00edtica y Seguridad<\/div>\n<div style=\"text-align: justify\">Lic. Miguel \u00c1ngel Osorio Chong<\/div>\n<div style=\"text-align: justify\">Vicecoordinador de Seguridad y Justicia<\/div>\n<div style=\"text-align: justify\">Lic. Jorge Carlos Ram\u00edrez Mar\u00edn<\/div>\n<div style=\"text-align: justify\">Vicecoordinador Pol\u00edtico<\/div>\n<div style=\"text-align: justify\">Lic. Luis Enrique Miranda Nava<\/div>\n<div style=\"text-align: justify\">Coordinador de Seguridad<\/div>\n<div style=\"text-align: justify\">Lic. Roberto Rafael Campa Cifri\u00e1n<\/div>\n<div style=\"text-align: justify\">Coordinador de Justicia<\/div>\n<div style=\"text-align: justify\">Lic. Alfredo Castillo Cervantes<\/div>\n<div style=\"text-align: justify\">Coordinadora de Derechos Humanos y Transparencia<\/div>\n<div style=\"text-align: justify\">Lic. Claudia Ruiz Massieu Salinas<\/div>\n<div style=\"text-align: justify\">Coordinadora de Vinculaci\u00f3n con Organizaciones de la Sociedad Civil<\/div>\n<div style=\"text-align: justify\">Lic. Alma Carolina Viggiano Austria<\/div>\n<div style=\"text-align: justify\">Coordinadora de Agenda Legislativa<\/div>\n<div style=\"text-align: justify\">Lic. Paloma Guill\u00e9n Vicente<\/div>\n<div style=\"text-align: justify\">Coordinador de Protecci\u00f3n Civil<\/div>\n<div style=\"text-align: justify\">Lic. Luis Felipe Puente Espinosa<\/div>\n<div style=\"text-align: justify\">Coordinador para Migrantes\u00a0<\/div>\n<div style=\"text-align: justify\">Dr. Arnulfo Valdivia Machuca<\/div>\n<div style=\"text-align: justify\">Coordinador Jur\u00eddico<\/div>\n<div style=\"text-align: justify\">Lic. Felipe Sol\u00eds Acero<\/div>\n<div style=\"text-align: justify\">Coordinador Operativo<\/div>\n<div style=\"text-align: justify\">Lic. Eugenio \u00cdmaz Gispert<\/div>\n<div style=\"text-align: justify\">Secretaria T\u00e9cnica<\/div>\n<div style=\"text-align: justify\">Dra. Mar\u00eda de los \u00c1ngeles Fromow Rangel<\/div>\n<div style=\"text-align: justify\"><\/div>\n<div style=\"text-align: justify\">* \u00c1reas Staff del Presidente electo<\/div>\n<div style=\"text-align: justify\">*\u00a0<\/div>\n<div style=\"text-align: justify\">Cargo<\/div>\n<div style=\"text-align: justify\">Responsable<\/div>\n<div style=\"text-align: justify\">Secretario Particular<\/div>\n<div style=\"text-align: justify\">C.P. Erwin Lino Zarate<\/div>\n<div style=\"text-align: justify\">Coordinador de Asesores<\/div>\n<div style=\"text-align: justify\">Lic. Francisco Guzm\u00e1n Ortiz<\/div>\n<div style=\"text-align: justify\">Coordinador de Comunicaci\u00f3n Social<\/div>\n<div style=\"text-align: justify\">Lic. David L\u00f3pez Guti\u00e9rrez\u00a0<\/div>\n<div style=\"text-align: justify\">Coordinador de Identidad Institucional<\/div>\n<div style=\"text-align: justify\">Mtro. Andr\u00e9s Massieu Fern\u00e1ndez<\/div>\n<div style=\"text-align: justify\">Vocero<\/div>\n<div style=\"text-align: justify\">Lic. Eduardo S\u00e1nchez Hern\u00e1ndez<\/div>\n","protected":false},"excerpt":{"rendered":"<p>* El trabajo que desarrollar\u00e1 permitir\u00e1 cumplir los compromisos asumidos con la sociedad mexicana.\u00a0 M\u00e9xico, D.F., a 04 de septiembre de 2012.- Al tiempo de anunciar al primer equipo para la transici\u00f3n del gobierno que asumir\u00e1 sus funciones el 1\u00ba de diciembre, el Presidente electo &hellip; <\/p>\n","protected":false},"author":1,"featured_media":17874,"comment_status":"open","ping_status":"open","sticky":false,"template":"","format":"standard","meta":{"footnotes":""},"categories":[4],"tags":[],"class_list":["post-2039","post","type-post","status-publish","format-standard","has-post-thumbnail","hentry","category-inicio"],"_links":{"self":[{"href":"https:\/\/amanecerhuasteco.com\/portal\/wp-json\/wp\/v2\/posts\/2039","targetHints":{"allow":["GET"]}}],"collection":[{"href":"https:\/\/amanecerhuasteco.com\/portal\/wp-json\/wp\/v2\/posts"}],"about":[{"href":"https:\/\/amanecerhuasteco.com\/portal\/wp-json\/wp\/v2\/types\/post"}],"author":[{"embeddable":true,"href":"https:\/\/amanecerhuasteco.com\/portal\/wp-json\/wp\/v2\/users\/1"}],"replies":[{"embeddable":true,"href":"https:\/\/amanecerhuasteco.com\/portal\/wp-json\/wp\/v2\/comments?post=2039"}],"version-history":[{"count":0,"href":"https:\/\/amanecerhuasteco.com\/portal\/wp-json\/wp\/v2\/posts\/2039\/revisions"}],"wp:featuredmedia":[{"embeddable":true,"href":"https:\/\/amanecerhuasteco.com\/portal\/wp-json\/wp\/v2\/media\/17874"}],"wp:attachment":[{"href":"https:\/\/amanecerhuasteco.com\/portal\/wp-json\/wp\/v2\/media?parent=2039"}],"wp:term":[{"taxonomy":"category","embeddable":true,"href":"https:\/\/amanecerhuasteco.com\/portal\/wp-json\/wp\/v2\/categories?post=2039"},{"taxonomy":"post_tag","embeddable":true,"href":"https:\/\/amanecerhuasteco.com\/portal\/wp-json\/wp\/v2\/tags?post=2039"}],"curies":[{"name":"wp","href":"https:\/\/api.w.org\/{rel}","templated":true}]}}