{"id":2057,"date":"2012-09-08T18:29:47","date_gmt":"2012-09-09T00:29:47","guid":{"rendered":"http:\/\/amanecerhuasteco.com\/portal\/2012\/09\/08\/llama-vocero-del-arzobispado-a-no-hacer-apologia-del-crimen\/"},"modified":"2012-09-08T18:29:47","modified_gmt":"2012-09-09T00:29:47","slug":"llama-vocero-del-arzobispado-a-no-hacer-apologia-del-crimen","status":"publish","type":"post","link":"https:\/\/amanecerhuasteco.com\/portal\/llama-vocero-del-arzobispado-a-no-hacer-apologia-del-crimen\/","title":{"rendered":"LLAMA VOCERO DEL ARZOBISPADO A NO HACER APOLOG\u00cdA DEL CRIMEN"},"content":{"rendered":"<div style=\"text-align: justify\">El vocero del Arzobispado, Dar\u00edo Pedroza Mart\u00ednez, hizo un llamado respetuoso a los medios de comunicaci\u00f3n para que no hagan una apolog\u00eda del crimen, ni de la delincuencia; a que informen s\u00ed, pero con \u00e9tica y respeto a la ciudadan\u00eda, sin hacer escarnio, ni violentar la cultura de la paz y la serenidad.<\/div>\n<div style=\"text-align: justify\"><\/div>\n<div style=\"text-align: justify\">Dijo que a pesar de los incidentes recientes, San Luis Potos\u00ed sigue siendo una entidad tranquila.<\/div>\n<div style=\"text-align: justify\"><\/div>\n<div style=\"text-align: justify\">Agreg\u00f3 que los medios masivos de comunicaci\u00f3n tienen la obligaci\u00f3n de informar pero con una \u00e9tica adecuada, porque de lo contrario va a llegar un momento en que nos vamos a acostumbrar a este tipo de noticias.<\/div>\n<div style=\"text-align: justify\"><\/div>\n<div style=\"text-align: justify\">El tambi\u00e9n capell\u00e1n del Centro de Prevenci\u00f3n y Readaptaci\u00f3n Social (CEPRERESO), se\u00f1al\u00f3 que muchas veces los delitos y cr\u00edmenes de los que se informa no sucedieron aqu\u00ed, sino que, como se dice popularmente, \u201clos siembran\u201d en territorio potosino, porque es una ciudad tradicionalmente tranquila.<\/div>\n<div style=\"text-align: justify\"><\/div>\n<div style=\"text-align: justify\">Reiter\u00f3 su llamado respetuoso a los medios de comunicaci\u00f3n a que no se ensa\u00f1en con la informaci\u00f3n, a que informen con una conciencia responsable y no con morbo, y a que no contribuyan a violentar la cultura de la serenidad, porque, dijo, \u00a0con ello se da\u00f1a a los menores de edad que no tienen un criterio formado con respecto a estos temas.<\/div>\n","protected":false},"excerpt":{"rendered":"<p>El vocero del Arzobispado, Dar\u00edo Pedroza Mart\u00ednez, hizo un llamado respetuoso a los medios de comunicaci\u00f3n para que no hagan una apolog\u00eda del crimen, ni de la delincuencia; a que informen s\u00ed, pero con \u00e9tica y respeto a la ciudadan\u00eda, sin hacer escarnio, ni violentar &hellip; <\/p>\n","protected":false},"author":1,"featured_media":17874,"comment_status":"open","ping_status":"open","sticky":false,"template":"","format":"standard","meta":{"footnotes":""},"categories":[4],"tags":[],"class_list":["post-2057","post","type-post","status-publish","format-standard","has-post-thumbnail","hentry","category-inicio"],"_links":{"self":[{"href":"https:\/\/amanecerhuasteco.com\/portal\/wp-json\/wp\/v2\/posts\/2057","targetHints":{"allow":["GET"]}}],"collection":[{"href":"https:\/\/amanecerhuasteco.com\/portal\/wp-json\/wp\/v2\/posts"}],"about":[{"href":"https:\/\/amanecerhuasteco.com\/portal\/wp-json\/wp\/v2\/types\/post"}],"author":[{"embeddable":true,"href":"https:\/\/amanecerhuasteco.com\/portal\/wp-json\/wp\/v2\/users\/1"}],"replies":[{"embeddable":true,"href":"https:\/\/amanecerhuasteco.com\/portal\/wp-json\/wp\/v2\/comments?post=2057"}],"version-history":[{"count":0,"href":"https:\/\/amanecerhuasteco.com\/portal\/wp-json\/wp\/v2\/posts\/2057\/revisions"}],"wp:featuredmedia":[{"embeddable":true,"href":"https:\/\/amanecerhuasteco.com\/portal\/wp-json\/wp\/v2\/media\/17874"}],"wp:attachment":[{"href":"https:\/\/amanecerhuasteco.com\/portal\/wp-json\/wp\/v2\/media?parent=2057"}],"wp:term":[{"taxonomy":"category","embeddable":true,"href":"https:\/\/amanecerhuasteco.com\/portal\/wp-json\/wp\/v2\/categories?post=2057"},{"taxonomy":"post_tag","embeddable":true,"href":"https:\/\/amanecerhuasteco.com\/portal\/wp-json\/wp\/v2\/tags?post=2057"}],"curies":[{"name":"wp","href":"https:\/\/api.w.org\/{rel}","templated":true}]}}