{"id":2063,"date":"2012-09-11T16:46:51","date_gmt":"2012-09-11T22:46:51","guid":{"rendered":"http:\/\/amanecerhuasteco.com\/portal\/2012\/09\/11\/ayuntamiento-en-la-quiebra-deja-coco-herrera\/"},"modified":"2012-09-11T16:46:51","modified_gmt":"2012-09-11T22:46:51","slug":"ayuntamiento-en-la-quiebra-deja-coco-herrera","status":"publish","type":"post","link":"https:\/\/amanecerhuasteco.com\/portal\/ayuntamiento-en-la-quiebra-deja-coco-herrera\/","title":{"rendered":"AYUNTAMIENTO EN LA \u201cQUIEBRA\u201d DEJA COCO HERRERA"},"content":{"rendered":"<div style=\"text-align: justify\">Ciudad Valles S.L.P. 10\/9\/2012 .- Lili del Carmen Lara Compe\u00e1n se convirti\u00f3 este martes 11 de septiembre en la Sexta Presidenta Municipal de Valles, por un periodo de 20 d\u00edas al celebrarse la reuni\u00f3n de cabildo donde por unanimidad fue electa alcaldesa interina, la regidora de hacienda para que cubra la licencia definitiva solicita por Socorro Herrera.<\/div>\n<div style=\"text-align: justify\">\u00a0 \u00a0 El acto solemne se realizo en el sal\u00f3n de cabildos con presencia de personal de la \u00a0Auditoria Superior del Estado donde se dio lectura al informe de tesorer\u00eda correspondiente al mes de Agosto, corroborando que el ayuntamiento se encuentra en la quiebra sin embargo la alcaldesa Socorro Herrera Orta, brincara a otro cargo de elecci\u00f3n popular sin informar al pueblo de la situaci\u00f3n financiera de Valles.<\/div>\n<div style=\"text-align: justify\">\u00a0 \u00a0 \u00a0 \u00a0En forma exclusiva Lili del Carmen Lara Compean, ahora Presidenta Municipal Interina ofreci\u00f3 una entrevista para Amanecer Huasteco, donde expreso textualmente \u201cno cargar\u00e9 con ning\u00fan muertito, cualquier irregularidad la denunciar\u00e9 ante las autoridades correspondientes\u201d, en los d\u00edas que estar\u00e9 al frente de la administraci\u00f3n municipal trabajare intensamente atendiendo los problemas mas prioritarios como recolecci\u00f3n de basura, seguridad publica, alumbrado p\u00fablico entre otras, de acuerdo a las posibilidades del municipio porque lamentablemente se recibe un ayuntamiento en quiebra.<\/div>\n<div style=\"text-align: justify\">\u00a0 \u00a0Puntualiz\u00f3, que su comparecencia al informe solo se limitar\u00e1 a los 20 d\u00edas, esto es; Socorro Herrera deber\u00e1 dejar su informe elaborado.<\/div>\n","protected":false},"excerpt":{"rendered":"<p>Ciudad Valles S.L.P. 10\/9\/2012 .- Lili del Carmen Lara Compe\u00e1n se convirti\u00f3 este martes 11 de septiembre en la Sexta Presidenta Municipal de Valles, por un periodo de 20 d\u00edas al celebrarse la reuni\u00f3n de cabildo donde por unanimidad fue electa alcaldesa interina, la regidora &hellip; <\/p>\n","protected":false},"author":1,"featured_media":17874,"comment_status":"open","ping_status":"open","sticky":false,"template":"","format":"standard","meta":{"footnotes":""},"categories":[4],"tags":[],"class_list":["post-2063","post","type-post","status-publish","format-standard","has-post-thumbnail","hentry","category-inicio"],"_links":{"self":[{"href":"https:\/\/amanecerhuasteco.com\/portal\/wp-json\/wp\/v2\/posts\/2063","targetHints":{"allow":["GET"]}}],"collection":[{"href":"https:\/\/amanecerhuasteco.com\/portal\/wp-json\/wp\/v2\/posts"}],"about":[{"href":"https:\/\/amanecerhuasteco.com\/portal\/wp-json\/wp\/v2\/types\/post"}],"author":[{"embeddable":true,"href":"https:\/\/amanecerhuasteco.com\/portal\/wp-json\/wp\/v2\/users\/1"}],"replies":[{"embeddable":true,"href":"https:\/\/amanecerhuasteco.com\/portal\/wp-json\/wp\/v2\/comments?post=2063"}],"version-history":[{"count":0,"href":"https:\/\/amanecerhuasteco.com\/portal\/wp-json\/wp\/v2\/posts\/2063\/revisions"}],"wp:featuredmedia":[{"embeddable":true,"href":"https:\/\/amanecerhuasteco.com\/portal\/wp-json\/wp\/v2\/media\/17874"}],"wp:attachment":[{"href":"https:\/\/amanecerhuasteco.com\/portal\/wp-json\/wp\/v2\/media?parent=2063"}],"wp:term":[{"taxonomy":"category","embeddable":true,"href":"https:\/\/amanecerhuasteco.com\/portal\/wp-json\/wp\/v2\/categories?post=2063"},{"taxonomy":"post_tag","embeddable":true,"href":"https:\/\/amanecerhuasteco.com\/portal\/wp-json\/wp\/v2\/tags?post=2063"}],"curies":[{"name":"wp","href":"https:\/\/api.w.org\/{rel}","templated":true}]}}