{"id":2064,"date":"2012-09-11T16:47:19","date_gmt":"2012-09-11T22:47:19","guid":{"rendered":"http:\/\/amanecerhuasteco.com\/portal\/2012\/09\/11\/inician-ciclo-escolar-y-suspenden-dos-dias-de-clases\/"},"modified":"2012-09-11T16:47:19","modified_gmt":"2012-09-11T22:47:19","slug":"inician-ciclo-escolar-y-suspenden-dos-dias-de-clases","status":"publish","type":"post","link":"https:\/\/amanecerhuasteco.com\/portal\/inician-ciclo-escolar-y-suspenden-dos-dias-de-clases\/","title":{"rendered":"INICIAN CICLO ESCOLAR Y SUSPENDEN DOS DIAS DE CLASES"},"content":{"rendered":"<div style=\"text-align: justify\">Ciudad Valles S.L.P. 11\/9\/2012.- El Sindicato Nacional de Trabajadores de la Educaci\u00f3n decidi\u00f3 tomarse dos d\u00edas de clases para realizar reuniones de trabajo sindicales no importando afectar la educaci\u00f3n escolar.<\/div>\n<div style=\"text-align: justify\">\u00a0 \u00a0 Comenzando con este martes 11 de septiembre, cuando de un plumazo el SNTE suspendi\u00f3 las clases en todos los niveles de educaci\u00f3n para desarrollar reuniones sindicales con miras a la elecci\u00f3n de su representante sindical de la secci\u00f3n 26.<\/div>\n<div style=\"text-align: justify\">\u00a0 \u00a0 Ser\u00e1 el pr\u00f3ximo lunes 17 de septiembre, cuando se tomen el segundo d\u00eda para reponer el d\u00eda festivo que casualmente es domingo, suspensiones de clases que no aparecen en el calendario escolar oficial.<\/div>\n<div style=\"text-align: justify\">\u00a0 \u00a0 Para ello se enviaron boletines informativos por parte de \u00a0la secci\u00f3n 26 del \u00a0SNTE instruye al magisterio federal a celebrar este martes una reuni\u00f3n de informaci\u00f3n tendiente a la elecci\u00f3n de nuevos dirigentes seccionales, de tal manera que no habr\u00e1 clases en las escuelas en esta fecha y tampoco el lunes 17 porque \u00a0el festivo casualmente fue \u00a0en domingo.<\/div>\n<div style=\"text-align: justify\">Padres de familia enterados de \u00a0estos dos d\u00edas menos de actividades escolares est\u00e1n contemplados como efectivos en el calendario oficial escolar.<\/div>\n","protected":false},"excerpt":{"rendered":"<p>Ciudad Valles S.L.P. 11\/9\/2012.- El Sindicato Nacional de Trabajadores de la Educaci\u00f3n decidi\u00f3 tomarse dos d\u00edas de clases para realizar reuniones de trabajo sindicales no importando afectar la educaci\u00f3n escolar. \u00a0 \u00a0 Comenzando con este martes 11 de septiembre, cuando de un plumazo el SNTE &hellip; <\/p>\n","protected":false},"author":1,"featured_media":17874,"comment_status":"open","ping_status":"open","sticky":false,"template":"","format":"standard","meta":{"footnotes":""},"categories":[11],"tags":[],"class_list":["post-2064","post","type-post","status-publish","format-standard","has-post-thumbnail","hentry","category-estado"],"_links":{"self":[{"href":"https:\/\/amanecerhuasteco.com\/portal\/wp-json\/wp\/v2\/posts\/2064","targetHints":{"allow":["GET"]}}],"collection":[{"href":"https:\/\/amanecerhuasteco.com\/portal\/wp-json\/wp\/v2\/posts"}],"about":[{"href":"https:\/\/amanecerhuasteco.com\/portal\/wp-json\/wp\/v2\/types\/post"}],"author":[{"embeddable":true,"href":"https:\/\/amanecerhuasteco.com\/portal\/wp-json\/wp\/v2\/users\/1"}],"replies":[{"embeddable":true,"href":"https:\/\/amanecerhuasteco.com\/portal\/wp-json\/wp\/v2\/comments?post=2064"}],"version-history":[{"count":0,"href":"https:\/\/amanecerhuasteco.com\/portal\/wp-json\/wp\/v2\/posts\/2064\/revisions"}],"wp:featuredmedia":[{"embeddable":true,"href":"https:\/\/amanecerhuasteco.com\/portal\/wp-json\/wp\/v2\/media\/17874"}],"wp:attachment":[{"href":"https:\/\/amanecerhuasteco.com\/portal\/wp-json\/wp\/v2\/media?parent=2064"}],"wp:term":[{"taxonomy":"category","embeddable":true,"href":"https:\/\/amanecerhuasteco.com\/portal\/wp-json\/wp\/v2\/categories?post=2064"},{"taxonomy":"post_tag","embeddable":true,"href":"https:\/\/amanecerhuasteco.com\/portal\/wp-json\/wp\/v2\/tags?post=2064"}],"curies":[{"name":"wp","href":"https:\/\/api.w.org\/{rel}","templated":true}]}}