{"id":2071,"date":"2012-09-13T13:54:27","date_gmt":"2012-09-13T19:54:27","guid":{"rendered":"http:\/\/amanecerhuasteco.com\/portal\/2012\/09\/13\/declara-ceepac-validez-en-eleccion-de-diputados\/"},"modified":"2012-09-13T13:54:27","modified_gmt":"2012-09-13T19:54:27","slug":"declara-ceepac-validez-en-eleccion-de-diputados","status":"publish","type":"post","link":"https:\/\/amanecerhuasteco.com\/portal\/declara-ceepac-validez-en-eleccion-de-diputados\/","title":{"rendered":"DECLARA CEEPAC VALIDEZ EN ELECCION DE DIPUTADOS"},"content":{"rendered":"<div style=\"text-align: justify\">En Sesi\u00f3n Ordinaria, el Pleno del Consejo Estatal Electoral y de Participaci\u00f3n Ciudadana, declar\u00f3 la Validez de la elecci\u00f3n de Diputados por el principio de Mayor\u00eda Relativa correspondiente a los XV Distritos Electorales Uninominales que integran el Estado de San Luis Potos\u00ed, as\u00ed como la asignaci\u00f3n de Diputados por el principio de Representaci\u00f3n Proporcional que integrar\u00e1n la LX Legislatura del H Congreso del Estado.<\/div>\n<div style=\"text-align: justify\"><\/div>\n<div style=\"text-align: justify\">La validez de la elecci\u00f3n, se dio tomando en cuenta que ya fueron resueltos por la Segunda Instancia del Tribunal Electoral del Poder Judicial del Estado la totalidad de los juicios de nulidad electoral que fueron interpuestos, sin que ninguno de los fallos incidiera en la \u00a0validez de la elecci\u00f3n.<\/div>\n<div style=\"text-align: justify\"><\/div>\n<div style=\"text-align: justify\">Es as\u00ed que para el periodo comprendido del 14 de septiembre del a\u00f1o 2012 al 14 de septiembre del a\u00f1o 2015, la Legislatura quedar\u00e1 conformada de la manera siguiente:<\/div>\n<div style=\"text-align: justify\">Diputados de Mayor\u00eda Relativa<\/div>\n<div style=\"text-align: justify\">PARTIDO<\/div>\n<div style=\"text-align: justify\">GRUPO PARLAMENTARIO CONGRESO<\/div>\n<div style=\"text-align: justify\">DISTRITO<\/div>\n<div style=\"text-align: justify\">PROPIETARIO<\/div>\n<div style=\"text-align: justify\">SUPLENTE<\/div>\n<div style=\"text-align: justify\">PRI-PVEM<\/div>\n<div style=\"text-align: justify\">PRI<\/div>\n<div style=\"text-align: justify\">I MATEHUALA<\/div>\n<div style=\"text-align: justify\">JUAN MANUEL SEGOVIA HERNANDEZ<\/div>\n<div style=\"text-align: justify\">LINDORO GONZALEZ MEDINA<\/div>\n<div style=\"text-align: justify\">PRI<\/div>\n<div style=\"text-align: justify\">PRI<\/div>\n<div style=\"text-align: justify\">II CERRITOS<\/div>\n<div style=\"text-align: justify\">J. RAMON GUARDIOLA MARTINEZ<\/div>\n<div style=\"text-align: justify\">ALVARO ZAVALA ALVAREZ<\/div>\n<div style=\"text-align: justify\">PRI-PVEM<\/div>\n<div style=\"text-align: justify\">PRI<\/div>\n<div style=\"text-align: justify\">III SANTA MAR\u00cdA DEL R\u00cdO<\/div>\n<div style=\"text-align: justify\">JOSE EDUARDO CHAVEZ AGUILAR<\/div>\n<div style=\"text-align: justify\">ARTURO ACOSTA Y FOSADO<\/div>\n<div style=\"text-align: justify\">PRI-PVEM<\/div>\n<div style=\"text-align: justify\">PRI<\/div>\n<div style=\"text-align: justify\">IV SALINAS<\/div>\n<div style=\"text-align: justify\">RUTH NOEMI TISCARE\u00d1O AGOITIA<\/div>\n<div style=\"text-align: justify\">MARIA BERNABE ROMERO VAZQUEZ<\/div>\n<div style=\"text-align: justify\">PRI-PVEM<\/div>\n<div style=\"text-align: justify\">PVEM<\/div>\n<div style=\"text-align: justify\">V CAPITAL<\/div>\n<div style=\"text-align: justify\">MARIANELA VILLANUEVA PONCE<\/div>\n<div style=\"text-align: justify\">SONIA VERONICA ZAVALA GAMEZ<\/div>\n<div style=\"text-align: justify\">\u201cACCI\u00d3N GANADORA\u201d<\/div>\n<div style=\"text-align: justify\">PAN<\/div>\n<div style=\"text-align: justify\">VI CAPITAL<\/div>\n<div style=\"text-align: justify\">MIGUEL DE JESUS MAZA HERNANDEZ<\/div>\n<div style=\"text-align: justify\">ARMANDO REYES SIAS<\/div>\n<div style=\"text-align: justify\">PAN-PNA<\/div>\n<div style=\"text-align: justify\">PAN<\/div>\n<div style=\"text-align: justify\">VII CAPITAL<\/div>\n<div style=\"text-align: justify\">ALEJANDRO LOZANO GONZALEZ<\/div>\n<div style=\"text-align: justify\">ALEJANDRO COLUNGA LUNA<\/div>\n<div style=\"text-align: justify\">\u201cACCI\u00d3N GANADORA\u201d<\/div>\n<div style=\"text-align: justify\">PAN<\/div>\n<div style=\"text-align: justify\">VIII CAPITAL<\/div>\n<div style=\"text-align: justify\">RUBEN GUAJARDO BARRERA<\/div>\n<div style=\"text-align: justify\">SERGIO EDUARDO GOVEA ZAVALA<\/div>\n<div style=\"text-align: justify\">PRD-PT<\/div>\n<div style=\"text-align: justify\">PRD<\/div>\n<div style=\"text-align: justify\">IX SOLEDAD DE G. S.<\/div>\n<div style=\"text-align: justify\">JOSE FRANCISCO MARTINEZ IBARRA<\/div>\n<div style=\"text-align: justify\">RUBEN RIVERA MARTINEZ<\/div>\n<div style=\"text-align: justify\">PRI-PVEM<\/div>\n<div style=\"text-align: justify\">PRI<\/div>\n<div style=\"text-align: justify\">X RIOVERDE<\/div>\n<div style=\"text-align: justify\">FEDERICO ANGEL BADILLO ANGUIANO<\/div>\n<div style=\"text-align: justify\">FRANCISCO JAVIER PATI\u00d1O ARELLANO<\/div>\n<div style=\"text-align: justify\">PRI-PVEM<\/div>\n<div style=\"text-align: justify\">PRI<\/div>\n<div style=\"text-align: justify\">XI C\u00c1RDENAS<\/div>\n<div style=\"text-align: justify\">LUIS ENRIQUE ACOSTA PARAMO<\/div>\n<div style=\"text-align: justify\">PEDRO RENE IZAGUIRRE TORRES<\/div>\n<div style=\"text-align: justify\">\u201cCOMPROMISO POR S.L.\u201d<\/div>\n<div style=\"text-align: justify\">PVEM<\/div>\n<div style=\"text-align: justify\">XII CIUDAD VALLES<\/div>\n<div style=\"text-align: justify\">ALFONSO DIAZ DE LEON GUILLEN<\/div>\n<div style=\"text-align: justify\">TITO ENRIQUE RODR\u00cdGUEZ GUERRERO<\/div>\n<div style=\"text-align: justify\">PRI-PVEM<\/div>\n<div style=\"text-align: justify\">PRI<\/div>\n<div style=\"text-align: justify\">XIII TAMU\u00cdN<\/div>\n<div style=\"text-align: justify\">ROSA MA. HUERTA VALDEZ<\/div>\n<div style=\"text-align: justify\">LINDA ELIZABETH PI\u00d1A L\u00c1RRAGA<\/div>\n<div style=\"text-align: justify\">PAN-PNA<\/div>\n<div style=\"text-align: justify\">PAN<\/div>\n<div style=\"text-align: justify\">XIV TANCANHUITZ DE SANTOS<\/div>\n<div style=\"text-align: justify\">MANUEL AGUILAR ACU\u00d1A<\/div>\n<div style=\"text-align: justify\">MIGUEL ANGEL REYES MANCILLA<\/div>\n<div style=\"text-align: justify\">\u201cCOMPROMISO POR S.L.\u201d<\/div>\n<div style=\"text-align: justify\">PVEM<\/div>\n<div style=\"text-align: justify\">XV TAMAZUNCHALE<\/div>\n<div style=\"text-align: justify\">CHRISTIAN JOAQUIN SANCHEZ SANCHEZ<\/div>\n<div style=\"text-align: justify\">MOISES BETANCOURT SALAZAR<\/div>\n<div style=\"text-align: justify\"><\/div>\n<div style=\"text-align: justify\">Principio de representaci\u00f3n proporcional<\/div>\n<div style=\"text-align: justify\"><\/div>\n<div style=\"text-align: justify\">N\u00daMERO<\/div>\n<div style=\"text-align: justify\">PARTIDO<\/div>\n<div style=\"text-align: justify\">PROPIETARIO<\/div>\n<div style=\"text-align: justify\">SUPLENTE<\/div>\n<div style=\"text-align: justify\">1<\/div>\n<div style=\"text-align: justify\">PAN<\/div>\n<div style=\"text-align: justify\">JUAN PABLO ESCOBAR MARTINEZ<\/div>\n<div style=\"text-align: justify\">JOSE ANDRES ESPARZA AGUILAR<\/div>\n<div style=\"text-align: justify\">2<\/div>\n<div style=\"text-align: justify\">PAN<\/div>\n<div style=\"text-align: justify\">MA. DEL SOCORRO HERRERA ORTA<\/div>\n<div style=\"text-align: justify\">CECILIA GARCIA VILLASANA<\/div>\n<div style=\"text-align: justify\">3<\/div>\n<div style=\"text-align: justify\">PRI<\/div>\n<div style=\"text-align: justify\">DELIA GUERRERO CORONADO<\/div>\n<div style=\"text-align: justify\">MARSOL PILLADE SIADE<\/div>\n<div style=\"text-align: justify\">4<\/div>\n<div style=\"text-align: justify\">PRI<\/div>\n<div style=\"text-align: justify\">FERNANDO PEREZ ESPINOSA<\/div>\n<div style=\"text-align: justify\">ALEJANDRO POLANCO ACOSTA<\/div>\n<div style=\"text-align: justify\">5<\/div>\n<div style=\"text-align: justify\">PRD<\/div>\n<div style=\"text-align: justify\">FILEMON HILARIO FLORES<\/div>\n<div style=\"text-align: justify\">JORGE ADALBERTO ESCUDERO VILLA<\/div>\n<div style=\"text-align: justify\">6<\/div>\n<div style=\"text-align: justify\">PT<\/div>\n<div style=\"text-align: justify\">JOSE BELMAREZ HERRERA<\/div>\n<div style=\"text-align: justify\">IGNACIO HERNANDEZ PEREZ<\/div>\n<div style=\"text-align: justify\">7<\/div>\n<div style=\"text-align: justify\">PVEM<\/div>\n<div style=\"text-align: justify\">JORGE AURELIO ALVAREZ CRUZ<\/div>\n<div style=\"text-align: justify\">JUAN DANIEL GONZALEZ AYALA<\/div>\n<div style=\"text-align: justify\">8<\/div>\n<div style=\"text-align: justify\">PVEM<\/div>\n<div style=\"text-align: justify\">MARTIN ALVAREZ MARTINEZ<\/div>\n<div style=\"text-align: justify\">JESUS AGUSTIN MARTINEZ MORALES<\/div>\n<div style=\"text-align: justify\">9<\/div>\n<div style=\"text-align: justify\">PCP<\/div>\n<div style=\"text-align: justify\">JORGE ALEJANDRO VERA NOYOLA<\/div>\n<div style=\"text-align: justify\">FRANCISCO JAVIER TOBIAS AZUA<\/div>\n<div style=\"text-align: justify\">10<\/div>\n<div style=\"text-align: justify\">PMC<\/div>\n<div style=\"text-align: justify\">EUGENIO GUADALUPE GOVEA ARCOS<\/div>\n<div style=\"text-align: justify\">MIGUEL ANGEL MORALES GRANDE<\/div>\n<div style=\"text-align: justify\">11<\/div>\n<div style=\"text-align: justify\">PNA<\/div>\n<div style=\"text-align: justify\">JAEN CASTILLA JONGUITUD<\/div>\n<div style=\"text-align: justify\">CARLOS ANDRES GUERRERO CASTILLO<\/div>\n<div style=\"text-align: justify\">12<\/div>\n<div style=\"text-align: justify\">PNA<\/div>\n<div style=\"text-align: justify\">CRISOGONO SANCHEZ LARA<\/div>\n<div style=\"text-align: justify\">LUIS RIVERA DAVILA<\/div>\n<div style=\"text-align: justify\"><\/div>\n<div style=\"text-align: justify\">Conforme a lo estipulado por los Partidos Pol\u00edticos Acci\u00f3n Nacional y Nueva Alianza, que en Candidatura Com\u00fan obtuvieron el mayor n\u00famero de votos en los Distritos uninominales VII, VIII y XIV, los dos primeros con cabecera en el Municipio en la Capital del Estado y el tercero en Tancanhuitz, S.L.P., los respectivos candidatos electos se integrar\u00e1n en el Congreso del Estado al grupo parlamentario correspondiente al Partido Acci\u00f3n Nacional.\u00a0<\/div>\n<div style=\"text-align: justify\"><\/div>\n<div style=\"text-align: justify\">Por lo que toca a la Coalici\u00f3n denominada \u201cACCI\u00d3N GANADORA\u201d, integrada por los Partidos Pol\u00edticos Acci\u00f3n Nacional y Nueva Alianza, conforme al Convenio celebrado entre \u00e9stos, los candidatos que obtuvieron el mayor n\u00famero de votos en los Distritos Electorales uninominales VI y VIII con cabecera en la Capital del Estado, se integrar\u00e1n al grupo parlamentario correspondiente al Partido Acci\u00f3n Nacional.\u00a0<\/div>\n<div style=\"text-align: justify\"><\/div>\n<div style=\"text-align: justify\">En lo concerniente a los candidatos electos que en Candidatura Com\u00fan obtuvieron el mayor n\u00famero de votos, postulados por los Partidos Pol\u00edticos Revolucionario Institucional y Verde Ecologista de M\u00e9xico, en los Distritos Electorales uninominales I con cabecera en Matehuala; III con cabecera en Santa Maria del R\u00edo; IV con cabecera en Salinas; X con cabecera en Rioverde; XI con cabecera en Cardenas y XIII con cabecera en Tamu\u00edn, en el Congreso del Estado se integrar\u00e1n al grupo parlamentario correspondiente al Partido Revolucionario Institucional.<\/div>\n<div style=\"text-align: justify\"><\/div>\n<div style=\"text-align: justify\">Por lo que toca los Diputados electos en los Distritos Electorales V con cabecera en la capital del Estado; XII con cabecera en Ciudad Valles y XV con cabecera en Tamazunchale, mismos que en Candidatura Com\u00fan fueron propuestos por los Partidos Pol\u00edticos Revolucionario Institucional y Verde Ecologista de M\u00e9xico, de acuerdo con el Convenio que al efecto celebraron, en el Congreso del Estado se integrar\u00e1n al grupo parlamentario correspondiente al Partido Verde Ecologista de M\u00e9xico.<\/div>\n<div style=\"text-align: justify\"><\/div>\n<div style=\"text-align: justify\">En lo que corresponde a la f\u00f3rmula electa en el Distrito Electoral numero IX con cabecera en Soledad de Graciano S\u00e1nchez, S.L.P., postulada en Candidatura Com\u00fan por los Partidos Pol\u00edticos de la Revoluci\u00f3n Democr\u00e1tica y del Trabajo, conforme al Convenio que ambos celebraron, en el Congreso del Estado se integrar\u00e1 al grupo parlamentario correspondiente al Partido de la Revoluci\u00f3n Democr\u00e1tica.<\/div>\n<div style=\"text-align: justify\"><\/div>\n<div style=\"text-align: justify\">De acuerdo a la Constituci\u00f3n Pol\u00edtica del Estado de San Luis Potos\u00ed, la LX Legislatura rendir\u00e1 protesta de ley en sesi\u00f3n solemne el 14 de septiembre de este mismo a\u00f1o ante la Diputaci\u00f3n Permanente de la Legislatura saliente.<\/div>\n","protected":false},"excerpt":{"rendered":"<p>En Sesi\u00f3n Ordinaria, el Pleno del Consejo Estatal Electoral y de Participaci\u00f3n Ciudadana, declar\u00f3 la Validez de la elecci\u00f3n de Diputados por el principio de Mayor\u00eda Relativa correspondiente a los XV Distritos Electorales Uninominales que integran el Estado de San Luis Potos\u00ed, as\u00ed como la &hellip; <\/p>\n","protected":false},"author":1,"featured_media":2070,"comment_status":"open","ping_status":"open","sticky":false,"template":"","format":"standard","meta":{"footnotes":""},"categories":[4],"tags":[],"class_list":["post-2071","post","type-post","status-publish","format-standard","has-post-thumbnail","hentry","category-inicio"],"_links":{"self":[{"href":"https:\/\/amanecerhuasteco.com\/portal\/wp-json\/wp\/v2\/posts\/2071","targetHints":{"allow":["GET"]}}],"collection":[{"href":"https:\/\/amanecerhuasteco.com\/portal\/wp-json\/wp\/v2\/posts"}],"about":[{"href":"https:\/\/amanecerhuasteco.com\/portal\/wp-json\/wp\/v2\/types\/post"}],"author":[{"embeddable":true,"href":"https:\/\/amanecerhuasteco.com\/portal\/wp-json\/wp\/v2\/users\/1"}],"replies":[{"embeddable":true,"href":"https:\/\/amanecerhuasteco.com\/portal\/wp-json\/wp\/v2\/comments?post=2071"}],"version-history":[{"count":0,"href":"https:\/\/amanecerhuasteco.com\/portal\/wp-json\/wp\/v2\/posts\/2071\/revisions"}],"wp:featuredmedia":[{"embeddable":true,"href":"https:\/\/amanecerhuasteco.com\/portal\/wp-json\/wp\/v2\/media\/2070"}],"wp:attachment":[{"href":"https:\/\/amanecerhuasteco.com\/portal\/wp-json\/wp\/v2\/media?parent=2071"}],"wp:term":[{"taxonomy":"category","embeddable":true,"href":"https:\/\/amanecerhuasteco.com\/portal\/wp-json\/wp\/v2\/categories?post=2071"},{"taxonomy":"post_tag","embeddable":true,"href":"https:\/\/amanecerhuasteco.com\/portal\/wp-json\/wp\/v2\/tags?post=2071"}],"curies":[{"name":"wp","href":"https:\/\/api.w.org\/{rel}","templated":true}]}}