{"id":2091,"date":"2012-09-22T16:48:26","date_gmt":"2012-09-22T22:48:26","guid":{"rendered":"http:\/\/amanecerhuasteco.com\/portal\/2012\/09\/22\/mensaje-del-gobernador-del-estado-fernando-toranzo-fernandez-en-su-tercer-informe-ciudadano\/"},"modified":"2012-09-22T16:48:26","modified_gmt":"2012-09-22T22:48:26","slug":"mensaje-del-gobernador-del-estado-fernando-toranzo-fernandez-en-su-tercer-informe-ciudadano","status":"publish","type":"post","link":"https:\/\/amanecerhuasteco.com\/portal\/mensaje-del-gobernador-del-estado-fernando-toranzo-fernandez-en-su-tercer-informe-ciudadano\/","title":{"rendered":"MENSAJE DEL GOBERNADOR DEL ESTADO FERNANDO TORANZO FERNANDEZ EN SU TERCER INFORME CIUDADANO"},"content":{"rendered":"<div style=\"text-align: justify\"><\/div>\n<div style=\"text-align: justify\">POTOSINOS:\u2026<\/div>\n<div style=\"text-align: justify\">Vengo a presentar el resultado del trabajo; a dar cuenta del manejo transparente del dinero p\u00fablico; a convocar a mantener el paso en la transformaci\u00f3n social y productiva de nuestra amada tierra\u2026.<\/div>\n<div style=\"text-align: justify\">Vengo \u00a0a dar las gracias por la oportunidad que me han dado de servirlos y de servir a San Luis Potos\u00ed\u2026.<\/div>\n<div style=\"text-align: justify\">Al cumplirse tres a\u00f1os, puedo informar con razonable optimismo, que nuestros caminos hacia el futuro son hoy m\u00e1s amplios que en mucho tiempo\u2026.<\/div>\n<div style=\"text-align: justify\">Son caminos abiertos a la promesa, pero no exentos de retos y de dificultades: tenemos serios problemas de seguridad p\u00fablica y \u00a0complicados \u00a0escenarios \u00a0de marginaci\u00f3n y \u00a0pobreza\u2026.<\/div>\n<div style=\"text-align: justify\">Tenemos por ello que trabajar con direcci\u00f3n y con prisa, \u00a0para que el avance sea parejo en los derechos; en las libertades; en los servicios b\u00e1sicos; en las oportunidades de empleo e ingreso, educaci\u00f3n y salud\u2026.<\/div>\n<div style=\"text-align: justify\">Hay voluntad de integraci\u00f3n que no se puede desconocer; hay poderosos anhelos de igualdad que no se pueden ignorar, sin correr el riesgo de confrontar en el futuro las tensiones nacidas de la indiferencia y las \u00a0violencias germinadas en la injusticia\u2026.<\/div>\n<div style=\"text-align: justify\">Hay pendientes; debilidades; desaf\u00edos muy dif\u00edciles, pero tambi\u00e9n logros \u00a0concretos en la tarea cotidiana de transformarnos \u00a0y de prepararnos \u00a0para un futuro razonablemente bueno y justo\u2026.<\/div>\n<div style=\"text-align: justify\">En esta aspiraci\u00f3n, mantenemos abierto un ciclo de crecimiento econ\u00f3mico; de construcci\u00f3n de infraestructura b\u00e1sica, \u00a0estrat\u00e9gica, y procesos de \u00a0igualaci\u00f3n social, \u00a0con buenos resultados\u2026.<\/div>\n<div style=\"text-align: justify\">Abriendo oportunidades educativas, y caminos en donde nunca hubo salidas;<\/div>\n<div style=\"text-align: justify\">Generando capacidades productivas en los antiguos \u00e1mbitos \u00a0del asistencialismo y del clientelismo pol\u00edtico;<\/div>\n<div style=\"text-align: justify\">llevando servicios de calidad a la gente;<\/div>\n<div style=\"text-align: justify\">Integrando por primera vez la ciencia y la tecnolog\u00eda a necesidades sociales y productivas concretas;<\/div>\n<div style=\"text-align: justify\">Impulsando el campo y diversificando la econom\u00eda, con m\u00e1s empleos; nuevos mercados y mayor innovaci\u00f3n y competitividad\u2026.<\/div>\n<div style=\"text-align: justify\">Estos son resultados que recompensan el esfuerzo de todos\u2026.<\/div>\n<div style=\"text-align: justify\"><img decoding=\"async\" src=\"images\/stories\/-sept12\/presidentesmpales.jpg\" border=\"0\" \/><\/div>\n<div style=\"text-align: justify\">Desde el inicio \u00a0escog\u00ed el camino \u00a0de atender a los m\u00e1s necesitados. Esta elecci\u00f3n \u00e9tica personal, no se ha contrapuesto con la promoci\u00f3n de la econom\u00eda, en donde los resultados son mejores de lo pudimos haber imaginado en el pasado reciente\u2026.<\/div>\n<div style=\"text-align: justify\"><\/div>\n<div style=\"text-align: justify\">Sin descuidar la econom\u00eda, optamos por la construcci\u00f3n de miles de obras comunitarias, porque en esta manifestaci\u00f3n de justicia social, \u00a0se finca, \u00a0en mi convicci\u00f3n, \u00a0la estabilidad, la gobernabilidad y la paz menos inciertas, y, \u00a0con juiciosa esperanza, m\u00e1s perdurables\u2026.<\/div>\n<div style=\"text-align: justify\">Lo digo porque creo profundamente en ello: sin justicia social no hay futuro de libertad y de prosperidad para ninguna sociedad\u2026.<\/div>\n<div style=\"text-align: justify\">El modelo de desarrollo que impulsamos, viene democratizando las condiciones del \u00a0crecimiento econ\u00f3mico, \u00a0otorgando por primera vez valor a nuestras desatendidas potencialidades; invirtiendo por primera vez en las capacidades de la gente; \u00a0empujando una nueva creaci\u00f3n de riqueza y de estabilidad social incluyentes\u2026.<\/div>\n<div style=\"text-align: justify\">Esta orientaci\u00f3n \u00a0de la pol\u00edtica no es una invenci\u00f3n burocr\u00e1tica: est\u00e1 dictada por las instrucciones inapelables de nuestros rezagos e inequidades: \u2026.Esta pol\u00edtica humanista y humanitaria es la \u00fanica garant\u00eda contra la petrificaci\u00f3n de la miseria; contra la persistencia de un modelo econ\u00f3mico y social desigual en las oportunidades, y por ello insensato e \u00a0injusto y, \u00a0a la larga, tan desintegrador, como la inseguridad\u2026.<\/div>\n<div style=\"text-align: justify\">Al hablar de esta amenaza, manifiesto mi \u00a0indignaci\u00f3n \u00a0por los episodios de dolor y de crispaci\u00f3n que ha venido experimentando nuestra sociedad, las familias y las v\u00edctimas inocentes de la inseguridad\u2026.<\/div>\n<p><img decoding=\"async\" src=\"images\/stories\/-sept12\/juanjo.jpg\" border=\"0\" align=\"right\" \/><\/p>\n<div style=\"text-align: justify\">Estoy haciendo todo lo que me corresponde, buscando &#8212;a veces desesperadamente&#8212;, las fortalezas que nos ayuden a defendernos mejor; a transitar con menos da\u00f1o y zozobra esta etapa dif\u00edcil en la vida de nuestro estado y de nuestra Patria\u2026.<\/div>\n<div style=\"text-align: justify\">Jam\u00e1s he evadido los problemas, para simular que no existen; he elegido la esperanza por encima del temor; \u00a0he decidido poner de pie nuestro hist\u00f3rico esp\u00edritu de resistencia y de lucha\u2026.<\/div>\n<div style=\"text-align: justify\">Nobleza obliga, y por ello quiero destacar que en este dif\u00edcil momento, nuestro pueblo ha sido acompa\u00f1ado por la valent\u00eda del Ej\u00e9rcito Mexicano; la Marina Armada de M\u00e9xico; \u00a0las fuerzas federales; los buenos polic\u00edas del estado, y por todos aquellos que hoy enarbolan con firmeza y lealtad el compromiso de la seguridad ciudadana\u2026.<\/div>\n<div style=\"text-align: justify\">Nuestra m\u00e1s elevada gratitud por su solidaridad\u2026.<\/div>\n<div style=\"text-align: justify\">En nuestra sociedad &#8212;diversa, plural, multicultural, con libertad de creencias&#8212;, son inaceptables, tanto \u00a0el uso pol\u00edtico de la violencia, como su apolog\u00eda irresponsable: es hora de apartar de nuestro esp\u00edritu y de nuestra vida p\u00fablica toda forma de miseria pol\u00edtica y moral, para respaldar las acciones en favor de la \u00a0tranquilidad\u2026.<\/div>\n<div style=\"text-align: justify\">Aqu\u00ed nadie se ha rendido ni se rendir\u00e1, \u00a1y menos que nadie la autoridad!\u2026.<\/div>\n<div style=\"text-align: justify\">Hay resultados; hay criminales detenidos; hay disminuci\u00f3n irrefutable del \u00edndice delictivo, y, con todo y la magnitud de la amenaza, la decisi\u00f3n es \u00fanica e inalterable: nadie evade su responsabilidad; nadie baja la guardia; nadie se echa para atr\u00e1s\u2026.<\/div>\n<div style=\"text-align: justify\">S\u00f3lo unidos, colaborando, actuando con esp\u00edritu de comunidad, denunciando el delito, vamos a remontar este momento y a despejar de amenazas nuestra cita con el porvenir de paz y de legalidad\u2026.<\/div>\n<div style=\"text-align: justify\">Los convoco a desplegar la m\u00e1s recia voluntad en la construcci\u00f3n \u00a0de \u00a0sociedad y econom\u00eda capaces de procesar pac\u00edfica e integralmente las expectativas\u2026.El futuro no ser\u00e1 indulgente; no nos perdonar\u00e1 no haber hecho hasta lo imposible, para construir oportunidades en la legalidad y en la paz\u2026.<\/div>\n<div style=\"text-align: justify\">Los convoco a predicar la paz que necesita no solo \u00a0el coraz\u00f3n humano, sino tambi\u00e9n las realidades sociales de exclusi\u00f3n y de injusticia que a\u00fan tenemos\u2026.<\/div>\n<div style=\"text-align: justify\">Informo que hoy tenemos una pol\u00edtica agro\u2014alimentaria con resultados\u2026.<\/div>\n<div style=\"text-align: justify\">Hemos impulsado esta pol\u00edtica porque constituye el camino sensato para evitar que la indiferencia siga aniquilando los esfuerzos de la inmensa mayor\u00eda de los productores rurales, conden\u00e1ndolos a cosechar miseria y frustraci\u00f3n \u00a0 social\u2026.<\/div>\n<div style=\"text-align: justify\">Hoy existe un nuevo amanecer: hay obra, hay inversi\u00f3n p\u00fablica y privada; hay ciencia y tecnolog\u00eda; hemos dejado atr\u00e1s la limitada cultura del monocultivo, y empiezan a desarrollarse \u00a0innovadores productos, que permiten llegar a los mercados nacional y mundial, y con ello atemperar los \u00a0problemas de la pobreza y desigualdad en los que estuvo inmerso \u00a0nuestro campo\u2026.<\/div>\n<div style=\"text-align: justify\">Generando nuevas fortalezas para un estado m\u00e1s eficiente, m\u00e1s exitoso, con orden y direcci\u00f3n hacia nuestras metas de generaci\u00f3n de riqueza agropecuaria con justicia social\u2026.<\/div>\n<div style=\"text-align: justify\">Frente a la pobreza, la marginaci\u00f3n y la desigualdad, en los tres a\u00f1os que restan a mi gobierno, habr\u00e1 m\u00e1s trabajo, m\u00e1s obras, m\u00e1s acciones y m\u00e1s programas\u2026.<\/div>\n<div style=\"text-align: justify\"><\/div>\n<div style=\"text-align: justify\">S\u00f3lo una sociedad edificada sobre la libertad, la responsabilidad comunitaria y la justicia social, \u00a0puede aspirar a un futuro abierto y luminoso\u2026.<\/div>\n<div style=\"text-align: justify\">Cada punto porcentual que descontamos a los principales indicadores de marginaci\u00f3n y pobreza, significa \u00a0un esfuerzo formidable en el empe\u00f1o de abandonar la triste condici\u00f3n de ser uno de los estados con menor desarrollo social en el pa\u00eds\u2026.<\/div>\n<div style=\"text-align: justify\">Del figurar durante mucho tiempo como el sexto estado m\u00e1s pobre del pa\u00eds, ascendimos al s\u00e9ptimo menos pobre el a\u00f1o pasado\u2026.<\/div>\n<div style=\"text-align: justify\">Esta reclasificaci\u00f3n nos alienta pero no nos conforma\u2026.Sin embargo, debo destacar que esta haza\u00f1a refleja los esfuerzos, los recursos y la voluntad de un pueblo de no transigir ni retroceder ante la pobreza\u2026.<\/div>\n<div style=\"text-align: justify\">No he sido ni voy a ser un gobernador que aproveche sus informes para vender ilusiones o falsos para\u00edsos, y menos para simular que todo est\u00e1 bien\u2026.El hecho de que s\u00f3lo 27 de cada 100 j\u00f3venes en la zona metropolitana tenga acceso a la educaci\u00f3n superior &#8212;y fuera de \u00e9sta \u00a0s\u00f3lo 9 de cada 100&#8212;; o la ingrata realidad de que haya 600 mil potosinos que comen una \u00f3 dos veces al d\u00eda, es raz\u00f3n moral suficiente para que nadie &#8212; empezando por la autoridad&#8212;, tenga la conciencia tranquila, \u00a0y crea que todos los problemas han sido resueltos\u2026.<\/div>\n<div style=\"text-align: justify\">Por ello la inversi\u00f3n combinada del estado y de la Federaci\u00f3n alcanza hoy las cifras m\u00e1s altas de nuestra historia\u2026.<\/div>\n<div style=\"text-align: justify\">Por ello seguiremos impulsando un modelo de justicia social con libertad econ\u00f3mica incluyente, porque de \u00e9sta libertad dependen nuestras libertades sociales, pol\u00edticas y espirituales, as\u00ed como el futuro de prosperidad, armon\u00eda, paz y unidad\u2026.<\/div>\n<div style=\"text-align: justify\">Necesitamos estar unidos para alcanzar el estado \u00a0fuerte y justo, \u00a0que s\u00f3lo ser\u00e1 posible en la unidad de todos anhelos y de todas las voluntades\u2026.<\/div>\n<div style=\"text-align: justify\">Estoy conciente de que en el lenguaje de la pol\u00edtica, ha sido desprestigiada la palabra UNIDAD, al emplearla frecuentemente con un sentido de UNIFORMIDAD de las conciencias y de las preferencias pol\u00edticas, en donde se desconoce la pluralidad democr\u00e1tica como el activo m\u00e1s valioso de nuestra vida p\u00fablica\u2026.<\/div>\n<div style=\"text-align: justify\">Subrayo, \u00a0por ello, \u00a0que la unidad que promuevo entre los potosinos, no es una IDENTIDAD POL\u00cdTICA, sino una integraci\u00f3n democr\u00e1tica; unidad de esfuerzos y de prop\u00f3sitos en la diversidad y en las libertades de cada uno\u2026.<\/div>\n<p><img decoding=\"async\" src=\"images\/stories\/-sept12\/3erinforme1.jpg\" border=\"0\" align=\"right\" \/><\/p>\n<div style=\"text-align: justify\">A esto debemos aspirar, no s\u00f3lo por irrefutables razones morales; sino por claras ventajas de estabilidad social\u2026.<\/div>\n<div style=\"text-align: justify\">Con este sentimiento de apertura, de corresponsabilidad y de cooperaci\u00f3n, saludo a las nuevas autoridades municipales y legislativas, y las convoco con esp\u00edritu republicano a seguir realizando la obra comunitaria, con sentido social, racionalidad econ\u00f3mica, honestidad y transparencia\u2026.<\/div>\n<div style=\"text-align: justify\">No pido la unidad en torno al gobernador del estado\u2026.<\/div>\n<div style=\"text-align: justify\">No pido esa unidad de alcances siempre limitados y moralmente dudosos: la pido por San Luis Potos\u00ed, para realizar \u00a0m\u00e1s pronto las obras y acciones que nos conduzcan a lograr un m\u00e1s alto posicionamiento de nuestro estado en los \u00e1mbitos regional, nacional y global\u2026.<\/div>\n<div style=\"text-align: justify\">Esta es tambi\u00e9n mi actitud ante el nuevo gobierno de la rep\u00fablica\u2026.<\/div>\n<div style=\"text-align: justify\">Tres a\u00f1os de ocupar el \u00faltimo lugar en la propuesta de inversi\u00f3n federal per-c\u00e1pita, hace comprensible que depositemos nuestras mejores expectativas en el Presidente electo de M\u00e9xico, Enrique Pe\u00f1a Nieto\u2026.<\/div>\n<div style=\"text-align: justify\">Como el resto de la Naci\u00f3n, esperamos \u00a0del Presidente Pe\u00f1a Nieto, una nueva era de justicia social; de federalismo cooperativo; de impulso parejo a las \u00a0econom\u00edas locales; e ideales que sirvan de gu\u00eda y de esperanza a una sociedad mexicana rota en su tranquilidad y perpleja ante el futuro\u2026.<\/div>\n<div style=\"text-align: justify\">Por ello confiamos, \u00a0y depositamos nuestras esperanzas en lo que ha planteado el nuevo Presidente de M\u00e9xico, para atender las transformaciones que demanda una Naci\u00f3n profundamente desigual; profundamente cansada del aplazamiento de la justicia y de la dignidad\u2026.<\/div>\n<div style=\"text-align: justify\">Con los mexicanos, \u00a0tengo fe en que el pa\u00eds ingresar\u00e1 en un vigoroso proceso de cambio con rumbo, con la aportaci\u00f3n magn\u00e1nima de todas las fuerzas pol\u00edticas, para as\u00ed reencontrarnos en \u201cuna vasta, generosa y profunda s\u00edntesis, que nos permita \u00a0construir la Patria que hemos so\u00f1ado\u201d\u2026.<\/div>\n<div style=\"text-align: justify\">POTOSINOS:<\/div>\n<div style=\"text-align: justify\">Tengo toda mi voluntad, mis fuerzas y convicciones al servicio de un solo un ideal realizable: que San Luis Potos\u00ed alcance las metas que se ha propuesto, y que construya con visi\u00f3n e inteligencia sus obras de presente y de futuro\u2026.<\/div>\n<div style=\"text-align: justify\">Vamos bien en muchas cosas, en otras nos falta redoblar el esfuerzo, \u00a0sacar el coraje y el honor, \u00a0para que ning\u00fan desaf\u00edo interrumpa la determinaci\u00f3n de convertirnos en \u00a0un estado fuerte y justo; en ascenso y con liderazgos leg\u00edtimos como los que hemos logrado en estos tres a\u00f1os\u2026.<\/div>\n<div style=\"text-align: justify\">Hacia adelante, hay un San Luis con todas las potencialidades y con todo el talento de su gente, \u00a0para transformarse en un modelo nacional de innovaci\u00f3n, competitividad, prosperidad, libertades y justicia social\u2026.<\/div>\n<p><img decoding=\"async\" src=\"images\/stories\/-sept12\/3erinforme.jpg\" border=\"0\" align=\"right\" \/><\/p>\n<div style=\"text-align: justify\">Este es un sue\u00f1o potosino en marcha: un sue\u00f1o que debemos cultivar amorosa y pacientemente para crecer; \u00a0para \u00a0integrar a nuestras regiones de una vez por todas; para lograr el \u00e9xito compartido; \u00a0para descubrir lo que podemos \u00a0ser bajo las fuerzas infalibles del trabajo, la perseverancia, la disciplina, el esp\u00edritu constructivo\u2026.<\/div>\n<div style=\"text-align: justify\">Concluyo parafraseando las sabias palabras del poeta Pablo Neruda, que llaman a mantener intacto el coraje, la unidad, el esfuerzo y los anhelos:\u2026<\/div>\n<div style=\"text-align: justify\">\u2026.Porque solo con trabajo, con solidaridad, con pasi\u00f3n, con \u201cuna ardiente paciencia\u201d, conquistaremos el espl\u00e9ndido San Luis Potos\u00ed que dar\u00e1 luz, justicia, oportunidades y dignidad a todos sus hijos\u201d\u2026.<\/div>\n<div style=\"text-align: justify\">Muchas gracias.<\/div>\n<div style=\"text-align: justify\"><\/div>\n","protected":false},"excerpt":{"rendered":"<p>POTOSINOS:\u2026 Vengo a presentar el resultado del trabajo; a dar cuenta del manejo transparente del dinero p\u00fablico; a convocar a mantener el paso en la transformaci\u00f3n social y productiva de nuestra amada tierra\u2026. Vengo \u00a0a dar las gracias por la oportunidad que me han dado &hellip; <\/p>\n","protected":false},"author":1,"featured_media":2090,"comment_status":"open","ping_status":"open","sticky":false,"template":"","format":"standard","meta":{"footnotes":""},"categories":[4],"tags":[],"class_list":["post-2091","post","type-post","status-publish","format-standard","has-post-thumbnail","hentry","category-inicio"],"_links":{"self":[{"href":"https:\/\/amanecerhuasteco.com\/portal\/wp-json\/wp\/v2\/posts\/2091","targetHints":{"allow":["GET"]}}],"collection":[{"href":"https:\/\/amanecerhuasteco.com\/portal\/wp-json\/wp\/v2\/posts"}],"about":[{"href":"https:\/\/amanecerhuasteco.com\/portal\/wp-json\/wp\/v2\/types\/post"}],"author":[{"embeddable":true,"href":"https:\/\/amanecerhuasteco.com\/portal\/wp-json\/wp\/v2\/users\/1"}],"replies":[{"embeddable":true,"href":"https:\/\/amanecerhuasteco.com\/portal\/wp-json\/wp\/v2\/comments?post=2091"}],"version-history":[{"count":0,"href":"https:\/\/amanecerhuasteco.com\/portal\/wp-json\/wp\/v2\/posts\/2091\/revisions"}],"wp:featuredmedia":[{"embeddable":true,"href":"https:\/\/amanecerhuasteco.com\/portal\/wp-json\/wp\/v2\/media\/2090"}],"wp:attachment":[{"href":"https:\/\/amanecerhuasteco.com\/portal\/wp-json\/wp\/v2\/media?parent=2091"}],"wp:term":[{"taxonomy":"category","embeddable":true,"href":"https:\/\/amanecerhuasteco.com\/portal\/wp-json\/wp\/v2\/categories?post=2091"},{"taxonomy":"post_tag","embeddable":true,"href":"https:\/\/amanecerhuasteco.com\/portal\/wp-json\/wp\/v2\/tags?post=2091"}],"curies":[{"name":"wp","href":"https:\/\/api.w.org\/{rel}","templated":true}]}}