{"id":2093,"date":"2012-09-22T16:52:57","date_gmt":"2012-09-22T22:52:57","guid":{"rendered":"http:\/\/amanecerhuasteco.com\/portal\/2012\/09\/22\/nos-contrataron-por-tres-anos-en-la-administracion-municipal\/"},"modified":"2012-09-22T16:52:57","modified_gmt":"2012-09-22T22:52:57","slug":"nos-contrataron-por-tres-anos-en-la-administracion-municipal","status":"publish","type":"post","link":"https:\/\/amanecerhuasteco.com\/portal\/nos-contrataron-por-tres-anos-en-la-administracion-municipal\/","title":{"rendered":"NOS CONTRATARON POR TRES A\u00d1OS EN LA ADMINISTRACI\u00d3N MUNICIPAL"},"content":{"rendered":"<div style=\"text-align: justify\"><strong>-Funcionarios quieren seguir pegados a la ubre municipal<\/strong><\/div>\n<div style=\"text-align: justify\">CIUDAD VALLES SLP Septiembre 20 \/David Flores G\/ Los convenios \u00a0por laudos laborales que oferta el gobierno municipal de Valles a ex trabajadores que ganaron laudos laborales al Municipio, deben tener la aprobaci\u00f3n del cabildo y este solicitar autorizaci\u00f3n del Congreso del estado, es poco probable que \u00a0en lo que resta de la administraci\u00f3n logren mas como es el caso del ex contralor CP Abraham Camarillo, sin embargo se tratar\u00e1 dejarlo conveniado<\/div>\n<div style=\"text-align: justify\">Recientemente en una audiencia entre las partes sobre el caso Camarillo Orta, el actor principal recibi\u00f3 la aprobaci\u00f3n de la alcaldesa sustituta y del S\u00edndico primero, parea llegar a un convenio satisfactorio, sin embargo la S\u00edndico segundo Francisca Rangel Herrera, hizo la aclaraci\u00f3n que con la premura del tiempo resulta un tanto dif\u00edcil \u201c no me opongo, pero si es necesario contar con la aprobaci\u00f3n del cabildo y del Congreso del estado para tener un arreglo econ\u00f3mico sobre el reclamo del Contador Camarillo, porque ser\u00e1 la administraci\u00f3n entrante la que har\u00e1 efectivo en parcialidades este pago como compromiso institucional\u201d Aclar\u00f3 que en los d\u00edas que faltan para concluir el trienio se hace lo posible para tener arreglado este caso que bien pudo arreglarse en los tres a\u00f1os del gobierno panista, pero las entonces mun\u00edcipe Socorro Herrera se opuso sistem\u00e1ticamente a llegar a un arreglo, por tanto ella es la responsable en caso de aplicar la Ley de Responsabilidades de los servidores p\u00fablicos y pagar de su peculio la indemnizaci\u00f3n correspondiente<\/div>\n","protected":false},"excerpt":{"rendered":"<p>-Funcionarios quieren seguir pegados a la ubre municipal CIUDAD VALLES SLP Septiembre 20 \/David Flores G\/ Los convenios \u00a0por laudos laborales que oferta el gobierno municipal de Valles a ex trabajadores que ganaron laudos laborales al Municipio, deben tener la aprobaci\u00f3n del cabildo y este &hellip; <\/p>\n","protected":false},"author":1,"featured_media":17874,"comment_status":"open","ping_status":"open","sticky":false,"template":"","format":"standard","meta":{"footnotes":""},"categories":[7],"tags":[],"class_list":["post-2093","post","type-post","status-publish","format-standard","has-post-thumbnail","hentry","category-ciudad"],"_links":{"self":[{"href":"https:\/\/amanecerhuasteco.com\/portal\/wp-json\/wp\/v2\/posts\/2093","targetHints":{"allow":["GET"]}}],"collection":[{"href":"https:\/\/amanecerhuasteco.com\/portal\/wp-json\/wp\/v2\/posts"}],"about":[{"href":"https:\/\/amanecerhuasteco.com\/portal\/wp-json\/wp\/v2\/types\/post"}],"author":[{"embeddable":true,"href":"https:\/\/amanecerhuasteco.com\/portal\/wp-json\/wp\/v2\/users\/1"}],"replies":[{"embeddable":true,"href":"https:\/\/amanecerhuasteco.com\/portal\/wp-json\/wp\/v2\/comments?post=2093"}],"version-history":[{"count":0,"href":"https:\/\/amanecerhuasteco.com\/portal\/wp-json\/wp\/v2\/posts\/2093\/revisions"}],"wp:featuredmedia":[{"embeddable":true,"href":"https:\/\/amanecerhuasteco.com\/portal\/wp-json\/wp\/v2\/media\/17874"}],"wp:attachment":[{"href":"https:\/\/amanecerhuasteco.com\/portal\/wp-json\/wp\/v2\/media?parent=2093"}],"wp:term":[{"taxonomy":"category","embeddable":true,"href":"https:\/\/amanecerhuasteco.com\/portal\/wp-json\/wp\/v2\/categories?post=2093"},{"taxonomy":"post_tag","embeddable":true,"href":"https:\/\/amanecerhuasteco.com\/portal\/wp-json\/wp\/v2\/tags?post=2093"}],"curies":[{"name":"wp","href":"https:\/\/api.w.org\/{rel}","templated":true}]}}