{"id":2121,"date":"2012-09-27T21:48:31","date_gmt":"2012-09-28T03:48:31","guid":{"rendered":"http:\/\/amanecerhuasteco.com\/portal\/2012\/09\/27\/conviven-jugadores-de-la-academia-de-futbol-tigres-cemex-con-ninos-con-discapacidad\/"},"modified":"2012-09-27T21:48:31","modified_gmt":"2012-09-28T03:48:31","slug":"conviven-jugadores-de-la-academia-de-futbol-tigres-cemex-con-ninos-con-discapacidad","status":"publish","type":"post","link":"https:\/\/amanecerhuasteco.com\/portal\/conviven-jugadores-de-la-academia-de-futbol-tigres-cemex-con-ninos-con-discapacidad\/","title":{"rendered":"Conviven jugadores de la Academia de Futbol Tigres CEMEX con ni\u00f1os con discapacidad"},"content":{"rendered":"<div><\/div>\n<div><span style=\"text-align: justify\">Como parte de su alianza con el Movimiento Unidos Somos Iguales, 36 alumnos de la Academia Tigres CEMEX Tamu\u00edn, maestros, padres de familia y voluntarios CEMEX, participaron de manera voluntaria \u00a0en una jornada de convivencia con 23 ni\u00f1os con discapacidad, inscritos en Centro de \u00a0Atenci\u00f3n M\u00faltiple Art\u00edculo Tercero.<\/span><\/div>\n<div style=\"text-align: justify\"><\/div>\n<div style=\"text-align: justify\">El evento \u00a0se desarroll\u00f3 en las instalaciones del Centro de Atenci\u00f3n M\u00faltiple de Tamu\u00edn, en donde alumnos de ambas instituciones disfrutaron de una tardeada mexicana; juegos de mesa, din\u00e1micas, concursos de canto y baile, involucraron a todos en un ambiente de igualdad y solidaridad.<\/div>\n<div style=\"text-align: justify\"><\/div>\n<div style=\"text-align: justify\">Esta actividad se enmarca en los programas de responsabilidad social que CEMEX desarrolla en todo el pa\u00eds y forma parte del convenio firmado con el Movimiento Unidos Somos Iguales, para contribuir en la transformaci\u00f3n de la actitud de la sociedad hacia la inclusi\u00f3n de las personas con discapacidad.<\/div>\n<div style=\"text-align: justify\"><img decoding=\"async\" src=\"images\/stories\/-sept12\/cemex2.jpg\" border=\"0\" alt=\"alumnos de la Academia Tigres CEMEX Tamu\u00edn, maestros, padres de familia y voluntarios CEMEX, participaron de manera voluntaria  en una jornada de convivencia con 23 ni\u00f1os con discapacidad\" title=\"alumnos de la Academia Tigres CEMEX Tamu\u00edn, maestros, padres de familia y voluntarios CEMEX, participaron de manera voluntaria  en una jornada de convivencia con 23 ni\u00f1os con discapacidad\" \/><\/div>\n","protected":false},"excerpt":{"rendered":"<p>Como parte de su alianza con el Movimiento Unidos Somos Iguales, 36 alumnos de la Academia Tigres CEMEX Tamu\u00edn, maestros, padres de familia y voluntarios CEMEX, participaron de manera voluntaria \u00a0en una jornada de convivencia con 23 ni\u00f1os con discapacidad, inscritos en Centro de \u00a0Atenci\u00f3n &hellip; <\/p>\n","protected":false},"author":1,"featured_media":2120,"comment_status":"open","ping_status":"open","sticky":false,"template":"","format":"standard","meta":{"footnotes":""},"categories":[4],"tags":[],"class_list":["post-2121","post","type-post","status-publish","format-standard","has-post-thumbnail","hentry","category-inicio"],"_links":{"self":[{"href":"https:\/\/amanecerhuasteco.com\/portal\/wp-json\/wp\/v2\/posts\/2121","targetHints":{"allow":["GET"]}}],"collection":[{"href":"https:\/\/amanecerhuasteco.com\/portal\/wp-json\/wp\/v2\/posts"}],"about":[{"href":"https:\/\/amanecerhuasteco.com\/portal\/wp-json\/wp\/v2\/types\/post"}],"author":[{"embeddable":true,"href":"https:\/\/amanecerhuasteco.com\/portal\/wp-json\/wp\/v2\/users\/1"}],"replies":[{"embeddable":true,"href":"https:\/\/amanecerhuasteco.com\/portal\/wp-json\/wp\/v2\/comments?post=2121"}],"version-history":[{"count":0,"href":"https:\/\/amanecerhuasteco.com\/portal\/wp-json\/wp\/v2\/posts\/2121\/revisions"}],"wp:featuredmedia":[{"embeddable":true,"href":"https:\/\/amanecerhuasteco.com\/portal\/wp-json\/wp\/v2\/media\/2120"}],"wp:attachment":[{"href":"https:\/\/amanecerhuasteco.com\/portal\/wp-json\/wp\/v2\/media?parent=2121"}],"wp:term":[{"taxonomy":"category","embeddable":true,"href":"https:\/\/amanecerhuasteco.com\/portal\/wp-json\/wp\/v2\/categories?post=2121"},{"taxonomy":"post_tag","embeddable":true,"href":"https:\/\/amanecerhuasteco.com\/portal\/wp-json\/wp\/v2\/tags?post=2121"}],"curies":[{"name":"wp","href":"https:\/\/api.w.org\/{rel}","templated":true}]}}