{"id":2210,"date":"2012-10-15T19:28:53","date_gmt":"2012-10-16T01:28:53","guid":{"rendered":"http:\/\/amanecerhuasteco.com\/portal\/2012\/10\/15\/pri-y-cnop-llevan-a-cabo-foro-de-analisis-de-la-reforma-laboral\/"},"modified":"2012-10-15T19:28:53","modified_gmt":"2012-10-16T01:28:53","slug":"pri-y-cnop-llevan-a-cabo-foro-de-analisis-de-la-reforma-laboral","status":"publish","type":"post","link":"https:\/\/amanecerhuasteco.com\/portal\/pri-y-cnop-llevan-a-cabo-foro-de-analisis-de-la-reforma-laboral\/","title":{"rendered":"PRI y CNOP llevan a cabo foro de an\u00e1lisis de la reforma laboral"},"content":{"rendered":"<div style=\"text-align: justify\">La reforma laboral permitir\u00e1 tener una Ley Federal del Trabajo acorde al contexto actual y har\u00e1 posible la generaci\u00f3n de m\u00e1s y mejores empleos bien remunerados, se\u00f1al\u00f3 el dirigente estatal del PRI, Fernando P\u00e9rez Espinosa, quien particip\u00f3 en el Foro de An\u00e1lisis de la Reforma Laboral organizado por la Confederaci\u00f3n Nacional de Organizaciones Populares (CNOP).<\/div>\n<div style=\"text-align: justify\"><\/div>\n<div style=\"text-align: justify\">P\u00e9rez Espinosa sostuvo que los diputados federales tienen una gran tarea que debe estar encaminada en beneficio de M\u00e9xico.<\/div>\n<div style=\"text-align: justify\"><\/div>\n<div style=\"text-align: justify\">\u201cNecesitamos que la Reforma Laboral este acorde a los tiempos que estamos viviendo, ya que la \u00faltima gran reforma Ley Laboral data de 1970. Es necesario que la Ley Laboral sirva como instrumento para que los empresarios generen mejores empleos y mejor remunerados, siempre en busca de encontrar un equilibrio\u201d, complet\u00f3.\u00a0<\/div>\n<div style=\"text-align: justify\"><\/div>\n<div style=\"text-align: justify\">La Confederaci\u00f3n Nacional de Organizaciones Populares en coordinaci\u00f3n con el Comit\u00e9 Directivo Estatal del PRI llevaron a cabo este s\u00e1bado un foro de an\u00e1lisis de la Reforma Laboral, que cont\u00f3 con la participaci\u00f3n \u00a0de ponentes como Domingo Auces Villalpando Presidente de la Delegaci\u00f3n de la Academia Mexicana de Derecho del Trabajo y Previsi\u00f3n Social; la Diputada Federal Cetemista, Esther Ang\u00e9lica Mart\u00ednez C\u00e1rdenas; el Presidente de la C\u00e1mara Nacional de Comercio en San Luis Potos\u00ed, Jaime Cant\u00fa; el Presidente de la COPARMEX, Eduardo Casis Chevaile; as\u00ed como el presidente del PRI en el estado Fernando P\u00e9rez Espinosa y el dirigente estatal de la CNOP, Edgar Dur\u00f3n Puente.<\/div>\n<div style=\"text-align: justify\"><\/div>\n<div style=\"text-align: justify\">La diputada Esther Ang\u00e9lica Mart\u00ednez C\u00e1rdenas, destac\u00f3 aspectos de la reforma laboral como son la obligatoriedad por parte de los patrones de dar seguridad social a los trabajadores sin excepciones, el derecho a huelga que queda intocado, y la protecci\u00f3n a los menores trabajadores.<\/div>\n<div style=\"text-align: justify\"><\/div>\n<div style=\"text-align: justify\">La diputada federal explic\u00f3 que en el caso del pago por unidad de tiempo este nunca deber\u00e1 ser inferior a una jornada laboral o un salario m\u00ednimo. \u201cEl pago ser\u00e1 por unidad de tiempo, pero su monto nunca podr\u00e1 ser menor de un salario m\u00ednimo, esa ser\u00e1 la base de la que deba partir la negociaci\u00f3n entre el patr\u00f3n y el trabajador,\u201d puntualiz\u00f3.<\/div>\n<div style=\"text-align: justify\"><\/div>\n<div style=\"text-align: justify\">El Presidente de la CANACO, Jaime Cant\u00fa, destac\u00f3 que el esp\u00edritu de la reforma es ofrecer mejores condiciones laborales para los trabajadores e impulsar la generaci\u00f3n de empleos.<\/div>\n<div style=\"text-align: justify\"><\/div>\n<div style=\"text-align: justify\">Por su parte Eduardo Kasis Chevaile, Presidente de Coparmex, sostuvo que un gran avance de la reforma es la obligatoriedad de la seguridad social, pues actualmente existen aproximadamente 40 millones de mexicanos que trabajan mientras que de estos s\u00f3lo aproximadamente 14 cuentan con seguridad social.<\/div>\n<div style=\"text-align: justify\"><\/div>\n<div style=\"text-align: justify\">Tambi\u00e9n agreg\u00f3 que es muy importante que en esta Reforma Laboral se considere darle m\u00e1s celeridad a los juicios laborales que se llevan a cabo en las Juntas de Conciliaci\u00f3n y Arbitraje, ya que en muchas ocasiones los que salen ganando con la lentitud de los procesos son los abogados.<\/div>\n<div style=\"text-align: justify\"><\/div>\n<div style=\"text-align: justify\">Sostuvo que M\u00e9xico requiere mejorar la competitividad a nivel mundial ya que no es posible que siendo la econom\u00eda n\u00famero 12 del mundo, se encuentre ubicado seg\u00fan el Informe de Competitividad Global 2012-2013 elaborado y difundido por el Foro Econ\u00f3mico Mundial, en el lugar 53 de 140 pa\u00edses. \u201cEsto nos habla de que requerimos con urgencia ser un pa\u00eds m\u00e1s competitivo y para ello es muy importante la Reforma Laboral\u201d, finaliz\u00f3.<\/div>\n<div style=\"text-align: justify\"><\/div>\n","protected":false},"excerpt":{"rendered":"<p>La reforma laboral permitir\u00e1 tener una Ley Federal del Trabajo acorde al contexto actual y har\u00e1 posible la generaci\u00f3n de m\u00e1s y mejores empleos bien remunerados, se\u00f1al\u00f3 el dirigente estatal del PRI, Fernando P\u00e9rez Espinosa, quien particip\u00f3 en el Foro de An\u00e1lisis de la Reforma &hellip; <\/p>\n","protected":false},"author":1,"featured_media":2209,"comment_status":"open","ping_status":"open","sticky":false,"template":"","format":"standard","meta":{"footnotes":""},"categories":[5],"tags":[],"class_list":["post-2210","post","type-post","status-publish","format-standard","has-post-thumbnail","hentry","category-politica"],"_links":{"self":[{"href":"https:\/\/amanecerhuasteco.com\/portal\/wp-json\/wp\/v2\/posts\/2210","targetHints":{"allow":["GET"]}}],"collection":[{"href":"https:\/\/amanecerhuasteco.com\/portal\/wp-json\/wp\/v2\/posts"}],"about":[{"href":"https:\/\/amanecerhuasteco.com\/portal\/wp-json\/wp\/v2\/types\/post"}],"author":[{"embeddable":true,"href":"https:\/\/amanecerhuasteco.com\/portal\/wp-json\/wp\/v2\/users\/1"}],"replies":[{"embeddable":true,"href":"https:\/\/amanecerhuasteco.com\/portal\/wp-json\/wp\/v2\/comments?post=2210"}],"version-history":[{"count":0,"href":"https:\/\/amanecerhuasteco.com\/portal\/wp-json\/wp\/v2\/posts\/2210\/revisions"}],"wp:featuredmedia":[{"embeddable":true,"href":"https:\/\/amanecerhuasteco.com\/portal\/wp-json\/wp\/v2\/media\/2209"}],"wp:attachment":[{"href":"https:\/\/amanecerhuasteco.com\/portal\/wp-json\/wp\/v2\/media?parent=2210"}],"wp:term":[{"taxonomy":"category","embeddable":true,"href":"https:\/\/amanecerhuasteco.com\/portal\/wp-json\/wp\/v2\/categories?post=2210"},{"taxonomy":"post_tag","embeddable":true,"href":"https:\/\/amanecerhuasteco.com\/portal\/wp-json\/wp\/v2\/tags?post=2210"}],"curies":[{"name":"wp","href":"https:\/\/api.w.org\/{rel}","templated":true}]}}