{"id":2218,"date":"2012-10-15T20:45:44","date_gmt":"2012-10-16T02:45:44","guid":{"rendered":"http:\/\/amanecerhuasteco.com\/portal\/2012\/10\/15\/implementan-campana-contra-la-rabia-paralitica-bobina\/"},"modified":"2012-10-15T20:45:44","modified_gmt":"2012-10-16T02:45:44","slug":"implementan-campana-contra-la-rabia-paralitica-bobina","status":"publish","type":"post","link":"https:\/\/amanecerhuasteco.com\/portal\/implementan-campana-contra-la-rabia-paralitica-bobina\/","title":{"rendered":"Implementan Campa\u00f1a contra la Rabia Paralitica Bobina"},"content":{"rendered":"<div style=\"text-align: justify\">Tamuin.- La Direcci\u00f3n de Desarrollo Rural Municipal, implemento una campa\u00f1a contra la \u201crabia paral\u00edtica bovina\u201d como parte de acciones preventivas del muerte de ganado.<\/div>\n<div style=\"text-align: justify\">\u00a0 \u00a0Con la experiencia de a\u00f1os anteriores, cuando la rabia paral\u00edtica afecto los hatos ganaderos, en forma anticipada se invita a los productores para que mediante la aplicaci\u00f3n de la dosis de la vacuna, est\u00e9n protegidos contra esta enfermedad.<\/div>\n<div style=\"text-align: justify\">\u00a0 \u00a0 Francisco Limas Rivera, titular de desarrollo rural municipal, se\u00f1al\u00f3 que \u00a0todo el sector ganadero debe de reportar los animales con s\u00edntomas como Falta de Coordinaci\u00f3n, Postraci\u00f3n, Salivaci\u00f3n, Deshidrataci\u00f3n y Mordeduras de Vampiros, ante la Direcci\u00f3n de Desarrollo Rural \u00a0y\/o comunicarse a los tel\u00e9fonos 489 38 8 26 47.<\/div>\n<div style=\"text-align: justify\">\u00a0 \u00a0Agrego Limas Rivera, que tambi\u00e9n pueden reportar brotes de rabia paral\u00edtica al Comit\u00e9 para el Desarrollo y Protecci\u00f3n Pecuaria Zona Huasteca, as\u00ed como tambi\u00e9n pueden acudir a la Asociaci\u00f3n Ganadera de Tamu\u00edn.<\/div>\n<div style=\"text-align: justify\">\u00a0 \u00a0 Puntualiz\u00f3, que con la aplicaci\u00f3n de vacunas que proporcionan las asociaciones ganaderas, comit\u00e9 de protecci\u00f3n pecuaria, se puede prevenir que la rabia paral\u00edtica ataque los mermados hatos ganaderos.<\/div>\n","protected":false},"excerpt":{"rendered":"<p>Tamuin.- La Direcci\u00f3n de Desarrollo Rural Municipal, implemento una campa\u00f1a contra la \u201crabia paral\u00edtica bovina\u201d como parte de acciones preventivas del muerte de ganado. \u00a0 \u00a0Con la experiencia de a\u00f1os anteriores, cuando la rabia paral\u00edtica afecto los hatos ganaderos, en forma anticipada se invita a &hellip; <\/p>\n","protected":false},"author":1,"featured_media":2217,"comment_status":"open","ping_status":"open","sticky":false,"template":"","format":"standard","meta":{"footnotes":""},"categories":[20],"tags":[],"class_list":["post-2218","post","type-post","status-publish","format-standard","has-post-thumbnail","hentry","category-tamuin"],"_links":{"self":[{"href":"https:\/\/amanecerhuasteco.com\/portal\/wp-json\/wp\/v2\/posts\/2218","targetHints":{"allow":["GET"]}}],"collection":[{"href":"https:\/\/amanecerhuasteco.com\/portal\/wp-json\/wp\/v2\/posts"}],"about":[{"href":"https:\/\/amanecerhuasteco.com\/portal\/wp-json\/wp\/v2\/types\/post"}],"author":[{"embeddable":true,"href":"https:\/\/amanecerhuasteco.com\/portal\/wp-json\/wp\/v2\/users\/1"}],"replies":[{"embeddable":true,"href":"https:\/\/amanecerhuasteco.com\/portal\/wp-json\/wp\/v2\/comments?post=2218"}],"version-history":[{"count":0,"href":"https:\/\/amanecerhuasteco.com\/portal\/wp-json\/wp\/v2\/posts\/2218\/revisions"}],"wp:featuredmedia":[{"embeddable":true,"href":"https:\/\/amanecerhuasteco.com\/portal\/wp-json\/wp\/v2\/media\/2217"}],"wp:attachment":[{"href":"https:\/\/amanecerhuasteco.com\/portal\/wp-json\/wp\/v2\/media?parent=2218"}],"wp:term":[{"taxonomy":"category","embeddable":true,"href":"https:\/\/amanecerhuasteco.com\/portal\/wp-json\/wp\/v2\/categories?post=2218"},{"taxonomy":"post_tag","embeddable":true,"href":"https:\/\/amanecerhuasteco.com\/portal\/wp-json\/wp\/v2\/tags?post=2218"}],"curies":[{"name":"wp","href":"https:\/\/api.w.org\/{rel}","templated":true}]}}