{"id":2224,"date":"2012-10-16T13:29:48","date_gmt":"2012-10-16T19:29:48","guid":{"rendered":"http:\/\/amanecerhuasteco.com\/portal\/2012\/10\/16\/municipio-reconoce-trabajo-y-esfuerzo-de-maestros-jubilados\/"},"modified":"2012-10-16T13:29:48","modified_gmt":"2012-10-16T19:29:48","slug":"municipio-reconoce-trabajo-y-esfuerzo-de-maestros-jubilados","status":"publish","type":"post","link":"https:\/\/amanecerhuasteco.com\/portal\/municipio-reconoce-trabajo-y-esfuerzo-de-maestros-jubilados\/","title":{"rendered":"MUNICIPIO RECONOCE TRABAJO Y ESFUERZO DE MAESTROS JUBILADOS"},"content":{"rendered":"<div style=\"text-align: justify\"><strong>&#8211; Al inaugurar la 1ra. Reuni\u00f3n Estatal de Jubilados y Pensionados<\/strong><\/div>\n<div style=\"text-align: justify\">Ciudad Valles S.L.P.- El Director de Educaci\u00f3n, \u00a0Jos\u00e9 Antonio Tovar Herrera \u00a0representante \u00a0del Presidente Municipal Juan Jos\u00e9 Ortiz Azuara, \u00a0inaugur\u00f3 la \u00a0Primera Reuni\u00f3n Estatal de Jubilados y Pensionados de la Delegaci\u00f3n D-IV-5 \u00a0de la Secci\u00f3n 26 del SNTE.<\/div>\n<div style=\"text-align: justify\">\u00a0 \u00a0 \u00a0El acto estuvo presidido por Elia Edith G\u00f3mez Flores, Representante del \u00a0Jos\u00e9 Ricardo Garc\u00eda Melo, Secretario General de la Secci\u00f3n 26 de SNTE, as\u00ed como diversas personalidades, ante quienes Tovar Herrera les hizo llegar un saludo por parte del alcalde, adem\u00e1s de que felicit\u00f3 a los jubilados y pensionados de este sector \u00a0porque dejan un legado importante a los trabajadores que hoy a\u00fan est\u00e1n activos, que ven en ellos ese esp\u00edritu de trabajo e iniciativa que los motiva para seguir super\u00e1ndose.<\/div>\n<div style=\"text-align: justify\">\u00a0 \u00a0 Agreg\u00f3 que se estableci\u00f3 un compromiso con el \u00a0Humberto D\u00edaz Garc\u00eda, Secretario Interino de la Delegaci\u00f3n D-IV-5, de trabajar con ellos, apoy\u00e1ndolos en la medida en lo posible, como pudiera ser el mantenimiento del edifico que se estar\u00eda inaugurando.<\/div>\n<div style=\"text-align: justify\">\u00a0Por su parte, \u00a0 G\u00f3mez Flores, se dijo estar en la mejor disposici\u00f3n para tener en cuenta las iniciativas y respaldarlos en lo posible, pues manifest\u00f3 que el magisterio jubilado y pensionado sigue brindando respaldo, experiencia y mucho trabajo a la sociedad.<\/div>\n","protected":false},"excerpt":{"rendered":"<p>&#8211; Al inaugurar la 1ra. Reuni\u00f3n Estatal de Jubilados y Pensionados Ciudad Valles S.L.P.- El Director de Educaci\u00f3n, \u00a0Jos\u00e9 Antonio Tovar Herrera \u00a0representante \u00a0del Presidente Municipal Juan Jos\u00e9 Ortiz Azuara, \u00a0inaugur\u00f3 la \u00a0Primera Reuni\u00f3n Estatal de Jubilados y Pensionados de la Delegaci\u00f3n D-IV-5 \u00a0de la &hellip; <\/p>\n","protected":false},"author":1,"featured_media":2223,"comment_status":"open","ping_status":"open","sticky":false,"template":"","format":"standard","meta":{"footnotes":""},"categories":[7],"tags":[],"class_list":["post-2224","post","type-post","status-publish","format-standard","has-post-thumbnail","hentry","category-ciudad"],"_links":{"self":[{"href":"https:\/\/amanecerhuasteco.com\/portal\/wp-json\/wp\/v2\/posts\/2224","targetHints":{"allow":["GET"]}}],"collection":[{"href":"https:\/\/amanecerhuasteco.com\/portal\/wp-json\/wp\/v2\/posts"}],"about":[{"href":"https:\/\/amanecerhuasteco.com\/portal\/wp-json\/wp\/v2\/types\/post"}],"author":[{"embeddable":true,"href":"https:\/\/amanecerhuasteco.com\/portal\/wp-json\/wp\/v2\/users\/1"}],"replies":[{"embeddable":true,"href":"https:\/\/amanecerhuasteco.com\/portal\/wp-json\/wp\/v2\/comments?post=2224"}],"version-history":[{"count":0,"href":"https:\/\/amanecerhuasteco.com\/portal\/wp-json\/wp\/v2\/posts\/2224\/revisions"}],"wp:featuredmedia":[{"embeddable":true,"href":"https:\/\/amanecerhuasteco.com\/portal\/wp-json\/wp\/v2\/media\/2223"}],"wp:attachment":[{"href":"https:\/\/amanecerhuasteco.com\/portal\/wp-json\/wp\/v2\/media?parent=2224"}],"wp:term":[{"taxonomy":"category","embeddable":true,"href":"https:\/\/amanecerhuasteco.com\/portal\/wp-json\/wp\/v2\/categories?post=2224"},{"taxonomy":"post_tag","embeddable":true,"href":"https:\/\/amanecerhuasteco.com\/portal\/wp-json\/wp\/v2\/tags?post=2224"}],"curies":[{"name":"wp","href":"https:\/\/api.w.org\/{rel}","templated":true}]}}