{"id":2226,"date":"2012-10-17T13:38:30","date_gmt":"2012-10-17T19:38:30","guid":{"rendered":"http:\/\/amanecerhuasteco.com\/portal\/2012\/10\/17\/dif-desarrollara-el-kilometro-del-peso-para-recaudar-fondos-que-le-permita-continuar-con-programas-sociales\/"},"modified":"2012-10-17T13:38:30","modified_gmt":"2012-10-17T19:38:30","slug":"dif-desarrollara-el-kilometro-del-peso-para-recaudar-fondos-que-le-permita-continuar-con-programas-sociales","status":"publish","type":"post","link":"https:\/\/amanecerhuasteco.com\/portal\/dif-desarrollara-el-kilometro-del-peso-para-recaudar-fondos-que-le-permita-continuar-con-programas-sociales\/","title":{"rendered":"DIF DESARROLLARA \u201cEL KILOMETRO DEL PESO\u201d PARA RECAUDAR FONDOS QUE LE PERMITA CONTINUAR CON PROGRAMAS SOCIALES"},"content":{"rendered":"<div style=\"text-align: justify\">Tamuin.- Debido a la crisis econ\u00f3mica que enfrenta el ayuntamiento que afecta programas sociales, el Sistema Municipal para el Desarrollo Integral de la Familia (SMDIF) que preside la Rosalinda Leal Mireles, en conjunto con la Coordinaci\u00f3n Municipal para personas con capacidades llevar\u00e1n acabo el \u201ckil\u00f3metro del peso\u201d para recaudar fondos econ\u00f3micos.<\/div>\n<div style=\"text-align: justify\">\u00a0Sergio Isordia C\u00e1rdenas, coordinador municipal para personas con capacidades diferentes as\u00ed como tambi\u00e9n con apoyo de las Direcciones de Cultura y Educaci\u00f3n C\u00edvica y Eventos, llevaran a cabo la actividad denominada KILOMETRO DEL PESO, donde se invita \u00a0a la ciudadana a participar que permitir\u00e1 recaudar fondos.<\/div>\n<div style=\"text-align: justify\">\u00a0 \u00a0El \u201ckil\u00f3metro del peso\u201d \u00a0se llevara a cabo el d\u00eda Domingo 21 de Octubre a partir de las 9:00 de la ma\u00f1ana en la explanada de la plaza de la Amistad, y el cual finalizara a las 21:00 horas.<\/div>\n<div style=\"text-align: justify\">\u00a0 \u00a0 \u00a0 \u00a0 La finalidad es recaudar fondos para el SMDIF y as\u00ed poder dar mejores atenciones a la ciudadan\u00eda que as\u00ed lo requiere, ya que en la situaci\u00f3n que se encuentra la administraci\u00f3n no es posible atender las necesidades que exige la ciudadan\u00eda, por tal motivo se emprender\u00e1n una serie de actividades que ser\u00e1n de mucha ayuda para esta Instituci\u00f3n.<\/div>\n<div style=\"text-align: justify\">\u00a0 \u00a0 \u00a0 \u00a0 La Din\u00e1mica ser\u00e1 que las personas podr\u00e1n depositar un peso hasta llegar a formar un kil\u00f3metro que es la meta que se est\u00e1 proponiendo.<\/div>\n<div style=\"text-align: justify\">\u00a0 \u00a0 \u00a0 \u00a0 Durante el d\u00eda se estar\u00e1n llevando un programa art\u00edstico \u2013 cultural en donde la ciudadan\u00eda que acuda a apoyar esta causa podr\u00e1 disfrutar amenamente de un domingo familiar.<\/div>\n","protected":false},"excerpt":{"rendered":"<p>Tamuin.- Debido a la crisis econ\u00f3mica que enfrenta el ayuntamiento que afecta programas sociales, el Sistema Municipal para el Desarrollo Integral de la Familia (SMDIF) que preside la Rosalinda Leal Mireles, en conjunto con la Coordinaci\u00f3n Municipal para personas con capacidades llevar\u00e1n acabo el \u201ckil\u00f3metro &hellip; <\/p>\n","protected":false},"author":1,"featured_media":17874,"comment_status":"open","ping_status":"open","sticky":false,"template":"","format":"standard","meta":{"footnotes":""},"categories":[20],"tags":[],"class_list":["post-2226","post","type-post","status-publish","format-standard","has-post-thumbnail","hentry","category-tamuin"],"_links":{"self":[{"href":"https:\/\/amanecerhuasteco.com\/portal\/wp-json\/wp\/v2\/posts\/2226","targetHints":{"allow":["GET"]}}],"collection":[{"href":"https:\/\/amanecerhuasteco.com\/portal\/wp-json\/wp\/v2\/posts"}],"about":[{"href":"https:\/\/amanecerhuasteco.com\/portal\/wp-json\/wp\/v2\/types\/post"}],"author":[{"embeddable":true,"href":"https:\/\/amanecerhuasteco.com\/portal\/wp-json\/wp\/v2\/users\/1"}],"replies":[{"embeddable":true,"href":"https:\/\/amanecerhuasteco.com\/portal\/wp-json\/wp\/v2\/comments?post=2226"}],"version-history":[{"count":0,"href":"https:\/\/amanecerhuasteco.com\/portal\/wp-json\/wp\/v2\/posts\/2226\/revisions"}],"wp:featuredmedia":[{"embeddable":true,"href":"https:\/\/amanecerhuasteco.com\/portal\/wp-json\/wp\/v2\/media\/17874"}],"wp:attachment":[{"href":"https:\/\/amanecerhuasteco.com\/portal\/wp-json\/wp\/v2\/media?parent=2226"}],"wp:term":[{"taxonomy":"category","embeddable":true,"href":"https:\/\/amanecerhuasteco.com\/portal\/wp-json\/wp\/v2\/categories?post=2226"},{"taxonomy":"post_tag","embeddable":true,"href":"https:\/\/amanecerhuasteco.com\/portal\/wp-json\/wp\/v2\/tags?post=2226"}],"curies":[{"name":"wp","href":"https:\/\/api.w.org\/{rel}","templated":true}]}}