{"id":2236,"date":"2012-10-19T17:26:27","date_gmt":"2012-10-19T23:26:27","guid":{"rendered":"http:\/\/amanecerhuasteco.com\/portal\/2012\/10\/19\/integran-comites-comunitarios-selectivos-acusan-vecinos\/"},"modified":"2012-10-19T17:26:27","modified_gmt":"2012-10-19T23:26:27","slug":"integran-comites-comunitarios-selectivos-acusan-vecinos","status":"publish","type":"post","link":"https:\/\/amanecerhuasteco.com\/portal\/integran-comites-comunitarios-selectivos-acusan-vecinos\/","title":{"rendered":"INTEGRAN COMIT\u00c9S COMUNITARIOS SELECTIVOS, ACUSAN VECINOS"},"content":{"rendered":"<div style=\"text-align: justify\">CIUDAD VALLES SLP 17\/10\/12.- Vecinos de las diferentes colonias y fraccionamientos insisten que los responsables \u00a0de convocar e integrar los comit\u00e9s comunitarios, no acatan el compromiso del alcalde en el sentido que todo se har\u00e1 en total transparencia para que la ciudadan\u00eda tenga la oportunidad de participar y haya una real representaci\u00f3n comunal, en contraparte lo hacen \u201cde prisa y no dan la profusi\u00f3n necesaria\u201d para que los vecinos se enteren cuando menos con dos d\u00edas de anticipaci\u00f3n, ocurre lo mismo que en las dos administraciones municipales anteriores.<\/div>\n<div style=\"text-align: justify\">\u00a0 \u00a0 \u00a0 Hermilo Brice\u00f1o residente en el fraccionamiento Infonavit 2 lament\u00f3 que los comisionados de la alcald\u00eda a convocar e integrar los comit\u00e9s, parecieran llevar consigna de seleccionar ciudadanos afines para convocarlos, esto a pesar que el mismo alcalde Ortiz Azuara expres\u00f3 que todo se har\u00eda en total transparencia y la participaci\u00f3n de todos para que la poblaci\u00f3n est\u00e9 realmente representada ante el Codesol.<\/div>\n<div style=\"text-align: justify\">\u00a0 \u00a0 \u00a0 Otros vecinos han manifestado que la pr\u00e1ctica selectiva de consejeros fue el com\u00fan denominador de los \u00faltimos dos trienios panistas, cre\u00edan que esta situaci\u00f3n se hab\u00eda desterrado con el arribo del tricolor al poder municipal.<\/div>\n<div style=\"text-align: justify\">\u00a0 \u00a0 \u00a0 \u00a0Acusan los quejosos que los comisionados convocan mediante avisos pegados en determinados lugares, no anuncian mediante un carro de sonido d\u00eda y hora, asisten solamente quienes fueron notificados, de esta manera no hay participaci\u00f3n efectiva de la comunidad deseosa de participar en las tareas del gobierno municipal.<\/div>\n","protected":false},"excerpt":{"rendered":"<p>CIUDAD VALLES SLP 17\/10\/12.- Vecinos de las diferentes colonias y fraccionamientos insisten que los responsables \u00a0de convocar e integrar los comit\u00e9s comunitarios, no acatan el compromiso del alcalde en el sentido que todo se har\u00e1 en total transparencia para que la ciudadan\u00eda tenga la oportunidad &hellip; <\/p>\n","protected":false},"author":1,"featured_media":17874,"comment_status":"open","ping_status":"open","sticky":false,"template":"","format":"standard","meta":{"footnotes":""},"categories":[7],"tags":[],"class_list":["post-2236","post","type-post","status-publish","format-standard","has-post-thumbnail","hentry","category-ciudad"],"_links":{"self":[{"href":"https:\/\/amanecerhuasteco.com\/portal\/wp-json\/wp\/v2\/posts\/2236","targetHints":{"allow":["GET"]}}],"collection":[{"href":"https:\/\/amanecerhuasteco.com\/portal\/wp-json\/wp\/v2\/posts"}],"about":[{"href":"https:\/\/amanecerhuasteco.com\/portal\/wp-json\/wp\/v2\/types\/post"}],"author":[{"embeddable":true,"href":"https:\/\/amanecerhuasteco.com\/portal\/wp-json\/wp\/v2\/users\/1"}],"replies":[{"embeddable":true,"href":"https:\/\/amanecerhuasteco.com\/portal\/wp-json\/wp\/v2\/comments?post=2236"}],"version-history":[{"count":0,"href":"https:\/\/amanecerhuasteco.com\/portal\/wp-json\/wp\/v2\/posts\/2236\/revisions"}],"wp:featuredmedia":[{"embeddable":true,"href":"https:\/\/amanecerhuasteco.com\/portal\/wp-json\/wp\/v2\/media\/17874"}],"wp:attachment":[{"href":"https:\/\/amanecerhuasteco.com\/portal\/wp-json\/wp\/v2\/media?parent=2236"}],"wp:term":[{"taxonomy":"category","embeddable":true,"href":"https:\/\/amanecerhuasteco.com\/portal\/wp-json\/wp\/v2\/categories?post=2236"},{"taxonomy":"post_tag","embeddable":true,"href":"https:\/\/amanecerhuasteco.com\/portal\/wp-json\/wp\/v2\/tags?post=2236"}],"curies":[{"name":"wp","href":"https:\/\/api.w.org\/{rel}","templated":true}]}}